{"id":5293,"date":"2023-06-20T15:51:05","date_gmt":"2023-06-20T13:51:05","guid":{"rendered":"https:\/\/climatemind.de\/?p=5293"},"modified":"2023-07-17T11:18:53","modified_gmt":"2023-07-17T09:18:53","slug":"sustainability-leadership-2","status":"publish","type":"post","link":"https:\/\/climatemind.de\/en\/nicht-kategorisiert\/sustainability-leadership-2\/","title":{"rendered":"Sustainability Leadership"},"content":{"rendered":"\n<p><strong>ClimateMind hilft Ihnen als F\u00fchrungskraft, einen authentischen, empathischen und mutigen F\u00fchrungsstil aufzubauen und zu st\u00e4rken. F\u00fcr Nachhaltigkeit und globale Gerechtigkeit. <\/strong><\/p>\n\n\n\n<blockquote class=\"wp-block-quote is-layout-flow wp-block-quote-is-layout-flow\">\n<p>Wir leben in einer Welt multipler komplexer Krisen, die unser Alltags- und Berufsleben st\u00e4ndig auf den Kopf stellen. Der Ruf nach Leadership f\u00fcr Nachhaltigkeit ist laut und die Frage, wie wir Organisationen und Teams navigieren k\u00f6nnen und dabei in unserer Kraft bleiben, hat eine neue Relevanz erreicht. <\/p>\n\n\n\n<p><\/p>\n\n\n\n<p>Unser Angebot reicht von Authentizit\u00e4ts- und Empathieprogrammen bis zum Erlernen von Methoden der Klimakommunikation und Resilienzstrategien, die dabei helfen, Ihre Organisation erfolgreich als F\u00fchrungskraft zu navigieren und mutige Entscheidungen f\u00fcr Nachhaltigkeit zu treffen.<\/p>\n<\/blockquote>\n\n\n\n<div style=\"height:100px\" aria-hidden=\"true\" class=\"wp-block-spacer\"><\/div>\n\n\n\n<figure class=\"wp-block-image alignfull size-large\"><img loading=\"lazy\" decoding=\"async\" width=\"1024\" height=\"576\" src=\"https:\/\/climatemind.de\/wp-content\/uploads\/2023\/04\/marek-piwnicki-GV2YhjYpQZM-unsplash-1024x576.jpg\" alt=\"\" class=\"wp-image-5307\" srcset=\"https:\/\/climatemind.de\/wp-content\/uploads\/2023\/04\/marek-piwnicki-GV2YhjYpQZM-unsplash-980x551.jpg 980w, https:\/\/climatemind.de\/wp-content\/uploads\/2023\/04\/marek-piwnicki-GV2YhjYpQZM-unsplash-480x270.jpg 480w\" sizes=\"(min-width: 0px) and (max-width: 480px) 480px, (min-width: 481px) and (max-width: 980px) 980px, (min-width: 981px) 1024px, 100vw\" \/><\/figure>\n\n\n\n<div style=\"height:100px\" aria-hidden=\"true\" class=\"wp-block-spacer\"><\/div>\n\n\n\n<h2 class=\"wp-block-heading\">Ihre Challenges<\/h2>\n\n\n\n<blockquote class=\"wp-block-quote is-layout-flow wp-block-quote-is-layout-flow\">\n<p>Was sind Ihre gr\u00f6\u00dften Herausforderungen im Klimaschutz?<\/p>\n<\/blockquote>\n\n\n\n<div class=\"wp-block-columns alignwide is-layout-flex wp-container-core-columns-is-layout-829b1d53 wp-block-columns-is-layout-flex\" style=\"margin-bottom:0\">\n<div class=\"wp-block-column has-text-color has-background has-link-color wp-elements-2a1f8cf034689e34316a05c3ee2d969f is-layout-flow wp-block-column-is-layout-flow\" style=\"color:#000000;background-color:#f0f39d;padding-top:2em;padding-right:2em;padding-bottom:2em;padding-left:2em\">\n<h2 class=\"wp-block-heading\" id=\"family\" style=\"font-size:40px\"><strong>Emotionale Distanz<\/strong><\/h2>\n\n\n\n<p class=\"has-normal-font-size\" style=\"line-height:1.5\"><strong>Wenig Leidenschaft f\u00fcr Nachhaltigkeit.<\/strong><\/p>\n\n\n\n<hr class=\"wp-block-separator has-css-opacity is-style-wide\"\/>\n\n\n\n<p class=\"has-normal-font-size\" style=\"line-height:1.5\">F\u00fcr Sie ist Nachhaltigkeit ein Thema unter vielen.  Sie haben wenig emotionalen Bezug zum Thema. Sie k\u00f6nnen daher Ihre Nachhaltigkeitsstrategie nicht so inspirierend wie andere vermitteln und umsetzen.<\/p>\n<\/div>\n\n\n\n<div class=\"wp-block-column has-text-color has-background has-link-color wp-elements-78ba561be924df8d2446e0d6acfe1706 is-layout-flow wp-block-column-is-layout-flow\" style=\"color:#000000;background-color:#f0f39d;padding-top:2em;padding-right:2em;padding-bottom:2em;padding-left:2em\">\n<h2 class=\"wp-block-heading\" id=\"family\" style=\"font-size:40px\"><strong>Skepsis<\/strong><\/h2>\n\n\n\n<p class=\"has-normal-font-size\" style=\"line-height:1.5\"><strong>Wenig Glaube von Stakeholdern an Ihre Expertise zu Nachhaltigkeit<\/strong><\/p>\n\n\n\n<hr class=\"wp-block-separator has-css-opacity is-style-wide\"\/>\n\n\n\n<p class=\"has-normal-font-size\" style=\"line-height:1.5\">Stakeholder wie Partner:innen, Mitarbeitende und Kund:innen vertrauen Ihnen nicht, als Organisation Nachhaltigkeit erfolgreich voranzutreiben. Daher wollen sie nicht (mehr) mit Ihnen zusammenarbeiten und suchen sich andere Partner:innen.<\/p>\n<\/div>\n\n\n\n<div class=\"wp-block-column has-text-color has-background has-link-color wp-elements-31f8bde353e341c2936b14f2a18a5588 is-layout-flow wp-block-column-is-layout-flow\" style=\"color:#000000;background-color:#f0f39d;padding-top:2em;padding-right:2em;padding-bottom:2em;padding-left:2em\">\n<h2 class=\"wp-block-heading\" id=\"family\" style=\"font-size:40px\"><strong>Wenig Ideen<\/strong><\/h2>\n\n\n\n<p class=\"has-normal-font-size\"><strong>Wenig neue nachhaltige, mutige Gesch\u00e4ftsideen.<\/strong><\/p>\n\n\n\n<hr class=\"wp-block-separator has-css-opacity is-style-wide\"\/>\n\n\n\n<p class=\"has-normal-font-size\" style=\"line-height:1.5\">Sie sind unter Druck, neue nachhaltige Gesch\u00e4ftsmodelle aufzubauen. Ihnen fehlen aber die klugen K\u00f6pfe, die wirklich Neues erdenken k\u00f6nnen und den Drive haben, soche Innovationen in die Welt zu tragen.<\/p>\n<\/div>\n<\/div>\n\n\n\n<div style=\"height:100px\" aria-hidden=\"true\" class=\"wp-block-spacer\"><\/div>\n\n\n\n<h2 class=\"wp-block-heading\">Ihr Nutzen<\/h2>\n\n\n\n<blockquote class=\"wp-block-quote is-layout-flow wp-block-quote-is-layout-flow\">\n<p>Was ist Ihr Mehrwert, wenn Sie mit uns zusammenarbeiten?<\/p>\n<\/blockquote>\n\n\n\n<div class=\"wp-block-columns alignwide is-layout-flex wp-container-core-columns-is-layout-829b1d53 wp-block-columns-is-layout-flex\" style=\"margin-bottom:0\">\n<div class=\"wp-block-column has-text-color has-background has-link-color wp-elements-00619011027bc5487380885ff171f3c9 is-layout-flow wp-block-column-is-layout-flow\" style=\"color:#000000;background-color:#b9e886;padding-top:2em;padding-right:2em;padding-bottom:2em;padding-left:2em\">\n<h2 class=\"wp-block-heading\" id=\"family\" style=\"font-size:40px\"><strong>Authentizit\u00e4t<\/strong><\/h2>\n\n\n\n<p class=\"has-normal-font-size\" style=\"line-height:1.5\"><strong>Als Nachhaltigkeits-Akteur authentisch sein.<\/strong><\/p>\n\n\n\n<hr class=\"wp-block-separator has-css-opacity is-style-wide\"\/>\n\n\n\n<p class=\"has-normal-font-size\" style=\"line-height:1.5\">Sie werden in der \u00d6ffentlichkeit, gegen\u00fcber Kund:innen und Partner:innen als glaubw\u00fcrdiger, ethischer und kompetenter Akteur f\u00fcr Nachhaltigkeit wahrgenommen.<\/p>\n<\/div>\n\n\n\n<div class=\"wp-block-column has-text-color has-background has-link-color wp-elements-8b481292078e696e7b22df252670f50f is-layout-flow wp-block-column-is-layout-flow\" style=\"color:#000000;background-color:#b9e886;padding-top:2em;padding-right:2em;padding-bottom:2em;padding-left:2em\">\n<h2 class=\"wp-block-heading\" id=\"family\" style=\"font-size:40px\"><strong>Vertrauen<\/strong><\/h2>\n\n\n\n<p class=\"has-normal-font-size\" style=\"line-height:1.5\"><strong>Vertrauensvoll mit zukunftsweisenden Stakeholdern in Kontakt sein. <\/strong><\/p>\n\n\n\n<hr class=\"wp-block-separator has-css-opacity is-style-wide\"\/>\n\n\n\n<p class=\"has-normal-font-size\" style=\"line-height:1.5\">Sie entwickeln neue, einzigartige Beziehungen zu Betroffenen aus dem Globalen S\u00fcden, aus Klimabewegungen und aus Social Start-ups, die Ihre Nachhaltigkeitsreise als Organisation schon jetzt stark pr\u00e4gen.<\/p>\n<\/div>\n\n\n\n<div class=\"wp-block-column has-text-color has-background has-link-color wp-elements-8e58bba13e8c623601739ccffc37dae9 is-layout-flow wp-block-column-is-layout-flow\" style=\"color:#000000;background-color:#b9e886;padding-top:2em;padding-right:2em;padding-bottom:2em;padding-left:2em\">\n<h2 class=\"wp-block-heading\" id=\"family\" style=\"font-size:40px\"><strong>Gesch\u00e4fts-Ideen<\/strong><\/h2>\n\n\n\n<p class=\"has-normal-font-size\"><strong>Nachhaltige, mutige Gesch\u00e4ftsideen entwickeln.<\/strong><\/p>\n\n\n\n<hr class=\"wp-block-separator has-css-opacity is-style-wide\"\/>\n\n\n\n<p class=\"has-normal-font-size\" style=\"line-height:1.5\">Sie denken &#8220;outside the box&#8221; und gehen mutig voran, um disruptive Ver\u00e4nderungen f\u00fcr People &amp; Planet voranzutreiben. Sie gestalten Ihre Organisation zukunftsf\u00e4hig.<\/p>\n<\/div>\n<\/div>\n\n\n\n<div style=\"height:100px\" aria-hidden=\"true\" class=\"wp-block-spacer\"><\/div>\n\n\n\n<div class=\"wp-block-columns is-layout-flex wp-container-core-columns-is-layout-9d6595d7 wp-block-columns-is-layout-flex\">\n<div class=\"wp-block-column is-layout-flow wp-block-column-is-layout-flow\">\n<figure class=\"wp-block-image size-large is-style-default\"><img loading=\"lazy\" decoding=\"async\" width=\"1500\" height=\"2400\" src=\"https:\/\/climatemind.de\/wp-content\/uploads\/2023\/04\/joshua-hibbert-Pn6iimgM-wo-unsplash-edited-2.jpg\" alt=\"\" class=\"wp-image-5387\" srcset=\"https:\/\/climatemind.de\/wp-content\/uploads\/2023\/04\/joshua-hibbert-Pn6iimgM-wo-unsplash-edited-2.jpg 1500w, https:\/\/climatemind.de\/wp-content\/uploads\/2023\/04\/joshua-hibbert-Pn6iimgM-wo-unsplash-edited-2-1280x2048.jpg 1280w, https:\/\/climatemind.de\/wp-content\/uploads\/2023\/04\/joshua-hibbert-Pn6iimgM-wo-unsplash-edited-2-980x1568.jpg 980w, https:\/\/climatemind.de\/wp-content\/uploads\/2023\/04\/joshua-hibbert-Pn6iimgM-wo-unsplash-edited-2-480x768.jpg 480w\" sizes=\"(min-width: 0px) and (max-width: 480px) 480px, (min-width: 481px) and (max-width: 980px) 980px, (min-width: 981px) and (max-width: 1280px) 1280px, (min-width: 1281px) 1500px, 100vw\" \/><\/figure>\n<\/div>\n\n\n\n<div class=\"wp-block-column is-layout-flow wp-block-column-is-layout-flow\">\n<h2 class=\"wp-block-heading\">Ihre Vorteile<\/h2>\n\n\n\n<blockquote class=\"wp-block-quote is-layout-flow wp-block-quote-is-layout-flow\">\n<p>Was macht ClimateMind ganz besonders?<\/p>\n<\/blockquote>\n\n\n\n<p><\/p>\n\n\n\n<p><strong>Authentisches Team:<\/strong> Sie lernen von authentischen Change Makern, die die Br\u00fccke zwischen Wirtschaft, Politik, Verwaltung und Zivilgesellschaft schlagen k\u00f6nnen.<\/p>\n\n\n\n<p><strong>Wissenschaftliche Fundierung: <\/strong>Die Trainings beruhen auf dem ber\u00fchmten Framework der &#8220;Inner Development Goals&#8221; sowie aktueller psychologischen Forschung der Organisationspsychologie und Klimapsychologie.<\/p>\n\n\n\n<p><strong>Zertifizierung: <\/strong>Die Leadershiop-Trainings sind T\u00dcV-zertifiziert sowie BDVT-zertifiziert.<\/p>\n\n\n\n<p><strong>Einzigartige Formate &amp; Methoden: <\/strong>Nachhaltigkeit ist nicht nur eine Art, neu zu denken. Sie kommen ins F\u00fchlen, Begegnen, Probleml\u00f6sen, erleben alle Sinne und erfahren Nachhaltigkeit \u00fcber Kunst und Kultur.<\/p>\n<\/div>\n<\/div>\n\n\n\n<div style=\"height:100px\" aria-hidden=\"true\" class=\"wp-block-spacer\"><\/div>\n\n\n\n<h2 class=\"wp-block-heading\">Unsere Expertise<\/h2>\n\n\n\n<blockquote class=\"wp-block-quote is-layout-flow wp-block-quote-is-layout-flow\">\n<p>Welche Klima-Challenge m\u00f6chten Sie gern als N\u00e4chstes angehen?<\/p>\n<\/blockquote>\n\n\n\n<div class=\"wp-block-columns is-layout-flex wp-container-core-columns-is-layout-9d6595d7 wp-block-columns-is-layout-flex\">\n<div class=\"wp-block-column is-layout-flow wp-block-column-is-layout-flow\" style=\"flex-basis:100%\">\n<div class=\"wp-block-columns is-layout-flex wp-container-core-columns-is-layout-9d6595d7 wp-block-columns-is-layout-flex\">\n<div class=\"wp-block-column is-layout-flow wp-block-column-is-layout-flow\" style=\"flex-basis:33.33%\">\n<h3 class=\"wp-block-heading\">#1 Innerer Kompass<\/h3>\n<\/div>\n\n\n\n<div class=\"wp-block-column is-layout-flow wp-block-column-is-layout-flow\" style=\"flex-basis:66.66%\">\n<p>Diese Kompetenzen st\u00e4rken Sie:<\/p>\n\n\n\n<ul class=\"wp-block-list\">\n<li>Selbstwahrnehmung<\/li>\n\n\n\n<li>Authentische F\u00fchrung<\/li>\n<\/ul>\n\n\n\n<p>Diese Fragen vertiefen Sie:<\/p>\n\n\n\n<p><\/p>\n\n\n\n<ul class=\"wp-block-list\">\n<li>Was zeichnet ein &#8220;authentisches Unternehmen&#8221; aus?<\/li>\n\n\n\n<li>Wie wird meine Organisation authentisch?<\/li>\n<\/ul>\n\n\n\n<figure class=\"wp-block-image size-large is-resized\"><img decoding=\"async\" src=\"https:\/\/climatemind.de\/wp-content\/uploads\/2023\/04\/jamie-street-_94HLr_QXo8-unsplash-edited-scaled.jpg\" alt=\"\" class=\"wp-image-5433\" width=\"512\" srcset=\"https:\/\/climatemind.de\/wp-content\/uploads\/2023\/04\/jamie-street-_94HLr_QXo8-unsplash-edited-scaled.jpg 2560w, https:\/\/climatemind.de\/wp-content\/uploads\/2023\/04\/jamie-street-_94HLr_QXo8-unsplash-edited-1280x960.jpg 1280w, https:\/\/climatemind.de\/wp-content\/uploads\/2023\/04\/jamie-street-_94HLr_QXo8-unsplash-edited-980x735.jpg 980w, https:\/\/climatemind.de\/wp-content\/uploads\/2023\/04\/jamie-street-_94HLr_QXo8-unsplash-edited-480x360.jpg 480w\" sizes=\"(min-width: 0px) and (max-width: 480px) 480px, (min-width: 481px) and (max-width: 980px) 980px, (min-width: 981px) and (max-width: 1280px) 1280px, (min-width: 1281px) 2560px, 100vw\" \/><\/figure>\n<\/div>\n<\/div>\n<\/div>\n<\/div>\n\n\n\n<div class=\"wp-block-columns is-layout-flex wp-container-core-columns-is-layout-9d6595d7 wp-block-columns-is-layout-flex\">\n<div class=\"wp-block-column is-layout-flow wp-block-column-is-layout-flow\" style=\"flex-basis:33.33%\">\n<h3 class=\"wp-block-heading\">#2 Empathie &amp; Mitgef\u00fchl<\/h3>\n<\/div>\n\n\n\n<div class=\"wp-block-column is-layout-flow wp-block-column-is-layout-flow\" style=\"flex-basis:66.66%\">\n<p>Diese Kompetenzen st\u00e4rken Sie:<\/p>\n\n\n\n<ul class=\"wp-block-list\">\n<li>Empathie und Mitgef\u00fchl<\/li>\n\n\n\n<li>Naturverbundenheit<\/li>\n<\/ul>\n\n\n\n<p>Diese Fragen vertiefen Sie:<\/p>\n\n\n\n<p><\/p>\n\n\n\n<ul class=\"wp-block-list\">\n<li>Was bedeutet globale und soziale Gerechtigkeit (Climate Justice)?<\/li>\n\n\n\n<li>Wie kann mein Unternehmen einen Beitrag zu Climate Justice leisten?<\/li>\n<\/ul>\n\n\n\n<figure class=\"wp-block-image size-large is-resized\"><img decoding=\"async\" src=\"https:\/\/climatemind.de\/wp-content\/uploads\/2023\/04\/izzie-renee-qp7-F1HaNko-unsplash-edited-scaled.jpg\" alt=\"\" class=\"wp-image-5434\" width=\"512\" srcset=\"https:\/\/climatemind.de\/wp-content\/uploads\/2023\/04\/izzie-renee-qp7-F1HaNko-unsplash-edited-scaled.jpg 2560w, https:\/\/climatemind.de\/wp-content\/uploads\/2023\/04\/izzie-renee-qp7-F1HaNko-unsplash-edited-1280x960.jpg 1280w, https:\/\/climatemind.de\/wp-content\/uploads\/2023\/04\/izzie-renee-qp7-F1HaNko-unsplash-edited-980x735.jpg 980w, https:\/\/climatemind.de\/wp-content\/uploads\/2023\/04\/izzie-renee-qp7-F1HaNko-unsplash-edited-480x360.jpg 480w\" sizes=\"(min-width: 0px) and (max-width: 480px) 480px, (min-width: 481px) and (max-width: 980px) 980px, (min-width: 981px) and (max-width: 1280px) 1280px, (min-width: 1281px) 2560px, 100vw\" \/><\/figure>\n<\/div>\n<\/div>\n\n\n\n<div class=\"wp-block-columns is-layout-flex wp-container-core-columns-is-layout-9d6595d7 wp-block-columns-is-layout-flex\">\n<div class=\"wp-block-column is-layout-flow wp-block-column-is-layout-flow\" style=\"flex-basis:33.33%\">\n<h3 class=\"wp-block-heading\">#3 Planetares Denken<\/h3>\n<\/div>\n\n\n\n<div class=\"wp-block-column is-layout-flow wp-block-column-is-layout-flow\" style=\"flex-basis:66.66%\">\n<p>Diese Kompetenzen st\u00e4rken Sie:<\/p>\n\n\n\n<ul class=\"wp-block-list\">\n<li>Kritisches und kreatives Denken<\/li>\n\n\n\n<li>Entscheiden unter Komplexit\u00e4t und Unsicherheit<\/li>\n<\/ul>\n\n\n\n<p>Diese Fragen vertiefen Sie:<\/p>\n\n\n\n<p><\/p>\n\n\n\n<ul class=\"wp-block-list\">\n<li>Was ist die Zukunft des Wachstums?<\/li>\n\n\n\n<li>Wie k\u00f6nnen wir im Rahmen der planetaren Grenzen wirtschaften?<\/li>\n<\/ul>\n\n\n\n<figure class=\"wp-block-image size-large is-resized\"><img decoding=\"async\" src=\"https:\/\/climatemind.de\/wp-content\/uploads\/2023\/04\/brandon-green-GEyXGTY2e9w-unsplash2-1-edited-scaled.jpg\" alt=\"\" class=\"wp-image-5435\" width=\"512\" srcset=\"https:\/\/climatemind.de\/wp-content\/uploads\/2023\/04\/brandon-green-GEyXGTY2e9w-unsplash2-1-edited-scaled.jpg 2560w, https:\/\/climatemind.de\/wp-content\/uploads\/2023\/04\/brandon-green-GEyXGTY2e9w-unsplash2-1-edited-1280x960.jpg 1280w, https:\/\/climatemind.de\/wp-content\/uploads\/2023\/04\/brandon-green-GEyXGTY2e9w-unsplash2-1-edited-980x735.jpg 980w, https:\/\/climatemind.de\/wp-content\/uploads\/2023\/04\/brandon-green-GEyXGTY2e9w-unsplash2-1-edited-480x360.jpg 480w\" sizes=\"(min-width: 0px) and (max-width: 480px) 480px, (min-width: 481px) and (max-width: 980px) 980px, (min-width: 981px) and (max-width: 1280px) 1280px, (min-width: 1281px) 2560px, 100vw\" \/><\/figure>\n<\/div>\n<\/div>\n\n\n\n<div class=\"wp-block-columns is-layout-flex wp-container-core-columns-is-layout-9d6595d7 wp-block-columns-is-layout-flex\">\n<div class=\"wp-block-column is-layout-flow wp-block-column-is-layout-flow\" style=\"flex-basis:33.33%\">\n<h3 class=\"wp-block-heading\">#4 Inspiration Sein<\/h3>\n<\/div>\n\n\n\n<div class=\"wp-block-column is-layout-flow wp-block-column-is-layout-flow\" style=\"flex-basis:66.66%\">\n<p>Diese Kompetenzen st\u00e4rken Sie:<\/p>\n\n\n\n<ul class=\"wp-block-list\">\n<li>Mich selbst und andere f\u00fcr Ver\u00e4nderung motivieren und mobilisieren<\/li>\n\n\n\n<li>Aktivierende, zielgruppenorientierte Klimakommunikation<\/li>\n<\/ul>\n\n\n\n<p>Diese Fragen vertiefen Sie:<\/p>\n\n\n\n<p><\/p>\n\n\n\n<ul class=\"wp-block-list\">\n<li>Was ist Greenwashing &#8211; und was nicht?<\/li>\n\n\n\n<li>Wie k\u00f6nnen wir glaubw\u00fcrdig und integer \u00fcber unsere Produkte, Dienstleistungen und Erfolge zu Nachhaltigkeit kommunizieren?<\/li>\n<\/ul>\n\n\n\n<figure class=\"wp-block-image size-large is-resized\"><img decoding=\"async\" src=\"https:\/\/climatemind.de\/wp-content\/uploads\/2023\/04\/ryoji-iwata-IBaVuZsJJTo-unsplash-edited-scaled.jpg\" alt=\"\" class=\"wp-image-5441\" width=\"512\" srcset=\"https:\/\/climatemind.de\/wp-content\/uploads\/2023\/04\/ryoji-iwata-IBaVuZsJJTo-unsplash-edited-scaled.jpg 2560w, https:\/\/climatemind.de\/wp-content\/uploads\/2023\/04\/ryoji-iwata-IBaVuZsJJTo-unsplash-edited-1280x960.jpg 1280w, https:\/\/climatemind.de\/wp-content\/uploads\/2023\/04\/ryoji-iwata-IBaVuZsJJTo-unsplash-edited-980x735.jpg 980w, https:\/\/climatemind.de\/wp-content\/uploads\/2023\/04\/ryoji-iwata-IBaVuZsJJTo-unsplash-edited-480x360.jpg 480w\" sizes=\"(min-width: 0px) and (max-width: 480px) 480px, (min-width: 481px) and (max-width: 980px) 980px, (min-width: 981px) and (max-width: 1280px) 1280px, (min-width: 1281px) 2560px, 100vw\" \/><\/figure>\n<\/div>\n<\/div>\n\n\n\n<div class=\"wp-block-columns is-layout-flex wp-container-core-columns-is-layout-9d6595d7 wp-block-columns-is-layout-flex\">\n<div class=\"wp-block-column is-layout-flow wp-block-column-is-layout-flow\" style=\"flex-basis:33.33%\">\n<h3 class=\"wp-block-heading\">#5 Wandel Antreiben<\/h3>\n<\/div>\n\n\n\n<div class=\"wp-block-column is-layout-flow wp-block-column-is-layout-flow\" style=\"flex-basis:66.66%\">\n<p>Diese Kompetenzen st\u00e4rken Sie:<\/p>\n\n\n\n<ul class=\"wp-block-list\">\n<li>Mut<\/li>\n\n\n\n<li>Durchhalten &amp; Resilienz<\/li>\n<\/ul>\n\n\n\n<p>Diese Fragen vertiefen Sie:<\/p>\n\n\n\n<p><\/p>\n\n\n\n<ul class=\"wp-block-list\">\n<li>Was sind soziale Kipp-Punkte?<\/li>\n\n\n\n<li>Wie k\u00f6nnen wir dazu beitragen, dass soziale Kipp-Punkte in der Gesellschaft angesto\u00dfen werden?<\/li>\n<\/ul>\n\n\n\n<figure class=\"wp-block-image size-large is-resized\"><img loading=\"lazy\" decoding=\"async\" src=\"https:\/\/climatemind.de\/wp-content\/uploads\/2023\/04\/dave-poore-KvegUJFENhg-unsplash-edited-scaled.jpg\" alt=\"\" class=\"wp-image-5373\" width=\"512\" height=\"342\"\/><\/figure>\n<\/div>\n<\/div>\n\n\n\n<div style=\"height:100px\" aria-hidden=\"true\" class=\"wp-block-spacer\"><\/div>\n\n\n\n<h2 class=\"wp-block-heading\">Unsere L\u00f6sungen<\/h2>\n\n\n\n<blockquote class=\"wp-block-quote is-layout-flow wp-block-quote-is-layout-flow\">\n<p>Welches Format passt am besten zu Ihrer Klima-Challenge?<\/p>\n<\/blockquote>\n\n\n\n<div class=\"wp-block-columns alignwide is-layout-flex wp-container-core-columns-is-layout-829b1d53 wp-block-columns-is-layout-flex\" style=\"margin-bottom:0\">\n<div class=\"wp-block-column has-text-color has-background has-link-color wp-elements-af12203b698eb54d79d78664554c807b is-layout-flow wp-block-column-is-layout-flow\" style=\"color:#000000;background-color:#f0f39d;padding-top:2em;padding-right:2em;padding-bottom:2em;padding-left:2em\">\n<h2 class=\"wp-block-heading\" id=\"family\" style=\"font-size:40px\"><strong>Keynote<\/strong><\/h2>\n\n\n\n<p class=\"has-normal-font-size\" style=\"line-height:1.5\"><strong>Erfahren Sie neue, transformative Inspiration und Begeisterung!<\/strong><\/p>\n\n\n\n<hr class=\"wp-block-separator has-css-opacity is-style-wide\"\/>\n\n\n\n<ul class=\"has-normal-font-size wp-block-list\">\n<li>Interaktiv und lebendig<\/li>\n\n\n\n<li>Ma\u00dfgeschneidert nach Ihren Fragen &amp; Themen zu Sustainability Leadership<\/li>\n\n\n\n<li>Regt direkt zum Handeln an<\/li>\n<\/ul>\n<\/div>\n\n\n\n<div class=\"wp-block-column has-text-color has-background has-link-color wp-elements-ec25fc391f34cc4a496bbb7af26a19bf is-layout-flow wp-block-column-is-layout-flow\" style=\"color:#000000;background-color:#f0f39d;padding-top:2em;padding-right:2em;padding-bottom:2em;padding-left:2em\">\n<h2 class=\"wp-block-heading\" id=\"family\" style=\"font-size:40px\"><strong>Training<\/strong><\/h2>\n\n\n\n<p class=\"has-normal-font-size\" style=\"line-height:1.5\"><strong>Trainieren Sie in 2 Tagen die Transformations-Kompetenz Ihrer Wahl.<\/strong><\/p>\n\n\n\n<hr class=\"wp-block-separator has-css-opacity is-style-wide\"\/>\n\n\n\n<ul class=\"has-normal-font-size wp-block-list\">\n<li>Kleine Gruppe von maximal 12 Teilnehmenden<\/li>\n\n\n\n<li>2 Trainer:innen, hochkar\u00e4tige Expert:innen und G\u00e4ste<\/li>\n<\/ul>\n<\/div>\n\n\n\n<div class=\"wp-block-column has-text-color has-background has-link-color wp-elements-20bc1ab0e019da8da768599412f7e0a0 is-layout-flow wp-block-column-is-layout-flow\" style=\"color:#000000;background-color:#f0f39d;padding-top:2em;padding-right:2em;padding-bottom:2em;padding-left:2em\">\n<h2 class=\"wp-block-heading\" id=\"family\" style=\"font-size:40px\"><strong>Journey<\/strong><\/h2>\n\n\n\n<p class=\"has-normal-font-size\"><strong>Trainieren Sie in 10 Tagen alle f\u00fcnf essenziellen Transformations-Kompetenzen.<\/strong><\/p>\n\n\n\n<hr class=\"wp-block-separator has-css-opacity is-style-wide\"\/>\n\n\n\n<ul class=\"has-normal-font-size wp-block-list\">\n<li>Kleine Gruppe von maximal 12 Teilnehmenden<\/li>\n\n\n\n<li>2 Trainer:innen, hochkar\u00e4tige Expert:innen und G\u00e4ste<\/li>\n\n\n\n<li>Direkte Anwendung in einem Praxisprojekt der Wahl<\/li>\n<\/ul>\n<\/div>\n<\/div>\n\n\n\n<div style=\"height:100px\" aria-hidden=\"true\" class=\"wp-block-spacer\"><\/div>\n\n\n\n<div class=\"wp-block-columns is-layout-flex wp-container-core-columns-is-layout-9d6595d7 wp-block-columns-is-layout-flex\">\n<div class=\"wp-block-column is-layout-flow wp-block-column-is-layout-flow\" style=\"flex-basis:66.66%\">\n<div class=\"wp-block-columns is-layout-flex wp-container-core-columns-is-layout-9d6595d7 wp-block-columns-is-layout-flex\">\n<div class=\"wp-block-column is-layout-flow wp-block-column-is-layout-flow\" style=\"flex-basis:66.66%\"><\/div>\n<\/div>\n<\/div>\n<\/div>\n\n\n\n<h2 class=\"wp-block-heading\">Jede Klimaschutz-Challenge ist anders.<\/h2>\n\n\n\n<p><\/p>\n\n\n\n<p><\/p>\n\n\n\n<div class=\"wp-block-columns is-layout-flex wp-container-core-columns-is-layout-9d6595d7 wp-block-columns-is-layout-flex\">\n<div class=\"wp-block-column is-layout-flow wp-block-column-is-layout-flow\" style=\"flex-basis:33.33%\">\n<figure class=\"wp-block-image size-large is-resized is-style-rounded\"><img loading=\"lazy\" decoding=\"async\" src=\"https:\/\/climatemind.de\/wp-content\/uploads\/2023\/04\/2022_10_07_SIA-8-3-edited-1024x1024.jpg\" alt=\"\" class=\"wp-image-5402\" width=\"500\" height=\"500\"\/><\/figure>\n<\/div>\n\n\n\n<div class=\"wp-block-column is-layout-flow wp-block-column-is-layout-flow\" style=\"flex-basis:66.66%\">\n<p><\/p>\n\n\n\n<p><\/p>\n\n\n\n<p><\/p>\n\n\n\n<h3 class=\"wp-block-heading\">Sie haben hier noch nicht die perfekte L\u00f6sung gefunden, die Sie brauchen?<\/h3>\n\n\n\n<h3 class=\"wp-block-heading\">Wir lieben es, genau die L\u00f6sungen zu entwickeln, die Sie brauchen, um Ihren Impact zu st\u00e4rken.<\/h3>\n<\/div>\n<\/div>\n\n\n\n<h3 class=\"wp-block-heading\">Wir freuen uns auf Ihre Mail!<\/h3>\n\n\n\n<div class=\"wp-block-buttons is-content-justification-left is-layout-flex wp-container-core-buttons-is-layout-fdcfc74e wp-block-buttons-is-layout-flex\" id=\"mail@climatemind.de\">\n<div class=\"wp-block-button is-style-fill\"><a class=\"wp-block-button__link has-text-color has-background wp-element-button\" href=\"mailto:mail@climatemind.de\" style=\"color:#2a2a72;background-color:#e6ec35\" target=\"_blank\" rel=\"mail@climatemind.de noopener\"><strong>mail@climatemind.de \u2192<\/strong><\/a><\/div>\n<\/div>\n\n\n\n<p><\/p>\n<span class=\"et_bloom_bottom_trigger\"><\/span>","protected":false},"excerpt":{"rendered":"<p>ClimateMind hilft Ihnen als F\u00fchrungskraft, einen authentischen, empathischen und mutigen F\u00fchrungsstil aufzubauen und zu st\u00e4rken. F\u00fcr Nachhaltigkeit und globale Gerechtigkeit. Wir leben in einer Welt multipler komplexer Krisen, die unser Alltags- und Berufsleben st\u00e4ndig auf den Kopf stellen. Der Ruf nach Leadership f\u00fcr Nachhaltigkeit ist laut und die Frage, wie wir Organisationen und Teams navigieren [&hellip;]<\/p>\n","protected":false},"author":1,"featured_media":5650,"comment_status":"closed","ping_status":"closed","sticky":false,"template":"","format":"standard","meta":{"_et_pb_use_builder":"off","_et_pb_old_content":"","_et_gb_content_width":"1920","content-type":"","_uf_show_specific_survey":0,"_uf_disable_surveys":false,"footnotes":""},"categories":[1,44,43],"tags":[],"class_list":["post-5293","post","type-post","status-publish","format-standard","has-post-thumbnail","hentry","category-nicht-kategorisiert","category-politik-verwaltung","category-unternehmen"],"yoast_head":"<!-- This site is optimized with the Yoast SEO plugin v26.1.1 - https:\/\/yoast.com\/wordpress\/plugins\/seo\/ -->\n<title>Sustainability Leadership - ClimateMind<\/title>\n<meta name=\"description\" content=\"ClimateMind hilft Ihnen als F\u00fchrungskraft, einen authentischen, empathischen und mutigen F\u00fchrungsstil aufzubauen und zu st\u00e4rken. F\u00fcr Nachhaltigkeit und globale Gerechtigkeit.\" \/>\n<meta name=\"robots\" content=\"index, follow, max-snippet:-1, max-image-preview:large, max-video-preview:-1\" \/>\n<link rel=\"canonical\" href=\"https:\/\/climatemind.de\/en\/nicht-kategorisiert\/sustainability-leadership-2\/\" \/>\n<meta property=\"og:locale\" content=\"en_US\" \/>\n<meta property=\"og:type\" content=\"article\" \/>\n<meta property=\"og:title\" content=\"Sustainability Leadership\" \/>\n<meta property=\"og:description\" content=\"ClimateMind hilft Ihnen als F\u00fchrungskraft, einen authentischen, empathischen und mutigen F\u00fchrungsstil aufzubauen und zu st\u00e4rken. F\u00fcr Nachhaltigkeit und globale Gerechtigkeit.\" \/>\n<meta property=\"og:url\" content=\"https:\/\/climatemind.de\/en\/nicht-kategorisiert\/sustainability-leadership-2\/\" \/>\n<meta property=\"og:site_name\" content=\"ClimateMind\" \/>\n<meta property=\"article:publisher\" content=\"https:\/\/m.facebook.com\/klimapsych\/\" \/>\n<meta property=\"article:published_time\" content=\"2023-06-20T13:51:05+00:00\" \/>\n<meta property=\"article:modified_time\" content=\"2023-07-17T09:18:53+00:00\" \/>\n<meta property=\"og:image\" content=\"https:\/\/climatemind.de\/wp-content\/uploads\/2023\/06\/leadership-1.jpg\" \/>\n\t<meta property=\"og:image:width\" content=\"1200\" \/>\n\t<meta property=\"og:image:height\" content=\"627\" \/>\n\t<meta property=\"og:image:type\" content=\"image\/jpeg\" \/>\n<meta name=\"author\" content=\"admin\" \/>\n<meta name=\"twitter:card\" content=\"summary_large_image\" \/>\n<meta name=\"twitter:title\" content=\"Sustainability Leadership\" \/>\n<meta name=\"twitter:description\" content=\"ClimateMind hilft Ihnen als F\u00fchrungskraft, einen authentischen, empathischen und mutigen F\u00fchrungsstil aufzubauen und zu st\u00e4rken. F\u00fcr Nachhaltigkeit und globale Gerechtigkeit.\" \/>\n<meta name=\"twitter:image\" content=\"https:\/\/climatemind.de\/wp-content\/uploads\/2023\/06\/leadership-1.jpg\" \/>\n<meta name=\"twitter:creator\" content=\"@Climatemind_de\" \/>\n<meta name=\"twitter:site\" content=\"@Climatemind_de\" \/>\n<meta name=\"twitter:label1\" content=\"Written by\" \/>\n\t<meta name=\"twitter:data1\" content=\"admin\" \/>\n\t<meta name=\"twitter:label2\" content=\"Est. reading time\" \/>\n\t<meta name=\"twitter:data2\" content=\"6 minutes\" \/>\n<script type=\"application\/ld+json\" class=\"yoast-schema-graph\">{\"@context\":\"https:\/\/schema.org\",\"@graph\":[{\"@type\":\"WebPage\",\"@id\":\"https:\/\/climatemind.de\/en\/nicht-kategorisiert\/sustainability-leadership-2\/\",\"url\":\"https:\/\/climatemind.de\/en\/nicht-kategorisiert\/sustainability-leadership-2\/\",\"name\":\"Sustainability Leadership - ClimateMind\",\"isPartOf\":{\"@id\":\"https:\/\/climatemind.de\/en\/#website\"},\"primaryImageOfPage\":{\"@id\":\"https:\/\/climatemind.de\/en\/nicht-kategorisiert\/sustainability-leadership-2\/#primaryimage\"},\"image\":{\"@id\":\"https:\/\/climatemind.de\/en\/nicht-kategorisiert\/sustainability-leadership-2\/#primaryimage\"},\"thumbnailUrl\":\"https:\/\/climatemind.de\/wp-content\/uploads\/2023\/06\/leadership.jpg\",\"datePublished\":\"2023-06-20T13:51:05+00:00\",\"dateModified\":\"2023-07-17T09:18:53+00:00\",\"author\":{\"@id\":\"https:\/\/climatemind.de\/en\/#\/schema\/person\/b9fd36b3699cd52c079361f449e222f4\"},\"description\":\"ClimateMind hilft Ihnen als F\u00fchrungskraft, einen authentischen, empathischen und mutigen F\u00fchrungsstil aufzubauen und zu st\u00e4rken. F\u00fcr Nachhaltigkeit und globale Gerechtigkeit.\",\"breadcrumb\":{\"@id\":\"https:\/\/climatemind.de\/en\/nicht-kategorisiert\/sustainability-leadership-2\/#breadcrumb\"},\"inLanguage\":\"en-US\",\"potentialAction\":[{\"@type\":\"ReadAction\",\"target\":[\"https:\/\/climatemind.de\/en\/nicht-kategorisiert\/sustainability-leadership-2\/\"]}]},{\"@type\":\"ImageObject\",\"inLanguage\":\"en-US\",\"@id\":\"https:\/\/climatemind.de\/en\/nicht-kategorisiert\/sustainability-leadership-2\/#primaryimage\",\"url\":\"https:\/\/climatemind.de\/wp-content\/uploads\/2023\/06\/leadership.jpg\",\"contentUrl\":\"https:\/\/climatemind.de\/wp-content\/uploads\/2023\/06\/leadership.jpg\",\"width\":1541,\"height\":1022},{\"@type\":\"BreadcrumbList\",\"@id\":\"https:\/\/climatemind.de\/en\/nicht-kategorisiert\/sustainability-leadership-2\/#breadcrumb\",\"itemListElement\":[{\"@type\":\"ListItem\",\"position\":1,\"name\":\"Startseite\",\"item\":\"https:\/\/climatemind.de\/en\/homepage\/\"},{\"@type\":\"ListItem\",\"position\":2,\"name\":\"Sustainability Leadership\"}]},{\"@type\":\"WebSite\",\"@id\":\"https:\/\/climatemind.de\/en\/#website\",\"url\":\"https:\/\/climatemind.de\/en\/\",\"name\":\"ClimateMind\",\"description\":\"Psychologie f\u00fcr echte Nachhaltigkeit\",\"potentialAction\":[{\"@type\":\"SearchAction\",\"target\":{\"@type\":\"EntryPoint\",\"urlTemplate\":\"https:\/\/climatemind.de\/en\/?s={search_term_string}\"},\"query-input\":{\"@type\":\"PropertyValueSpecification\",\"valueRequired\":true,\"valueName\":\"search_term_string\"}}],\"inLanguage\":\"en-US\"},{\"@type\":\"Person\",\"@id\":\"https:\/\/climatemind.de\/en\/#\/schema\/person\/b9fd36b3699cd52c079361f449e222f4\",\"name\":\"admin\",\"image\":{\"@type\":\"ImageObject\",\"inLanguage\":\"en-US\",\"@id\":\"https:\/\/climatemind.de\/en\/#\/schema\/person\/image\/\",\"url\":\"https:\/\/secure.gravatar.com\/avatar\/fb646541bbeeb313f32e00c41399b84a188dd401b97ff03243c11927bdbabd4a?s=96&d=mm&r=g\",\"contentUrl\":\"https:\/\/secure.gravatar.com\/avatar\/fb646541bbeeb313f32e00c41399b84a188dd401b97ff03243c11927bdbabd4a?s=96&d=mm&r=g\",\"caption\":\"admin\"},\"sameAs\":[\"http:\/\/climatemind.de\"],\"url\":\"https:\/\/climatemind.de\/en\/author\/admin\/\"}]}<\/script>\n<!-- \/ Yoast SEO plugin. -->","yoast_head_json":{"title":"Sustainability Leadership - ClimateMind","description":"ClimateMind hilft Ihnen als F\u00fchrungskraft, einen authentischen, empathischen und mutigen F\u00fchrungsstil aufzubauen und zu st\u00e4rken. F\u00fcr Nachhaltigkeit und globale Gerechtigkeit.","robots":{"index":"index","follow":"follow","max-snippet":"max-snippet:-1","max-image-preview":"max-image-preview:large","max-video-preview":"max-video-preview:-1"},"canonical":"https:\/\/climatemind.de\/en\/nicht-kategorisiert\/sustainability-leadership-2\/","og_locale":"en_US","og_type":"article","og_title":"Sustainability Leadership","og_description":"ClimateMind hilft Ihnen als F\u00fchrungskraft, einen authentischen, empathischen und mutigen F\u00fchrungsstil aufzubauen und zu st\u00e4rken. F\u00fcr Nachhaltigkeit und globale Gerechtigkeit.","og_url":"https:\/\/climatemind.de\/en\/nicht-kategorisiert\/sustainability-leadership-2\/","og_site_name":"ClimateMind","article_publisher":"https:\/\/m.facebook.com\/klimapsych\/","article_published_time":"2023-06-20T13:51:05+00:00","article_modified_time":"2023-07-17T09:18:53+00:00","og_image":[{"width":1200,"height":627,"url":"https:\/\/climatemind.de\/wp-content\/uploads\/2023\/06\/leadership-1.jpg","type":"image\/jpeg"}],"author":"admin","twitter_card":"summary_large_image","twitter_title":"Sustainability Leadership","twitter_description":"ClimateMind hilft Ihnen als F\u00fchrungskraft, einen authentischen, empathischen und mutigen F\u00fchrungsstil aufzubauen und zu st\u00e4rken. F\u00fcr Nachhaltigkeit und globale Gerechtigkeit.","twitter_image":"https:\/\/climatemind.de\/wp-content\/uploads\/2023\/06\/leadership-1.jpg","twitter_creator":"@Climatemind_de","twitter_site":"@Climatemind_de","twitter_misc":{"Written by":"admin","Est. reading time":"6 minutes"},"schema":{"@context":"https:\/\/schema.org","@graph":[{"@type":"WebPage","@id":"https:\/\/climatemind.de\/en\/nicht-kategorisiert\/sustainability-leadership-2\/","url":"https:\/\/climatemind.de\/en\/nicht-kategorisiert\/sustainability-leadership-2\/","name":"Sustainability Leadership - ClimateMind","isPartOf":{"@id":"https:\/\/climatemind.de\/en\/#website"},"primaryImageOfPage":{"@id":"https:\/\/climatemind.de\/en\/nicht-kategorisiert\/sustainability-leadership-2\/#primaryimage"},"image":{"@id":"https:\/\/climatemind.de\/en\/nicht-kategorisiert\/sustainability-leadership-2\/#primaryimage"},"thumbnailUrl":"https:\/\/climatemind.de\/wp-content\/uploads\/2023\/06\/leadership.jpg","datePublished":"2023-06-20T13:51:05+00:00","dateModified":"2023-07-17T09:18:53+00:00","author":{"@id":"https:\/\/climatemind.de\/en\/#\/schema\/person\/b9fd36b3699cd52c079361f449e222f4"},"description":"ClimateMind hilft Ihnen als F\u00fchrungskraft, einen authentischen, empathischen und mutigen F\u00fchrungsstil aufzubauen und zu st\u00e4rken. F\u00fcr Nachhaltigkeit und globale Gerechtigkeit.","breadcrumb":{"@id":"https:\/\/climatemind.de\/en\/nicht-kategorisiert\/sustainability-leadership-2\/#breadcrumb"},"inLanguage":"en-US","potentialAction":[{"@type":"ReadAction","target":["https:\/\/climatemind.de\/en\/nicht-kategorisiert\/sustainability-leadership-2\/"]}]},{"@type":"ImageObject","inLanguage":"en-US","@id":"https:\/\/climatemind.de\/en\/nicht-kategorisiert\/sustainability-leadership-2\/#primaryimage","url":"https:\/\/climatemind.de\/wp-content\/uploads\/2023\/06\/leadership.jpg","contentUrl":"https:\/\/climatemind.de\/wp-content\/uploads\/2023\/06\/leadership.jpg","width":1541,"height":1022},{"@type":"BreadcrumbList","@id":"https:\/\/climatemind.de\/en\/nicht-kategorisiert\/sustainability-leadership-2\/#breadcrumb","itemListElement":[{"@type":"ListItem","position":1,"name":"Startseite","item":"https:\/\/climatemind.de\/en\/homepage\/"},{"@type":"ListItem","position":2,"name":"Sustainability Leadership"}]},{"@type":"WebSite","@id":"https:\/\/climatemind.de\/en\/#website","url":"https:\/\/climatemind.de\/en\/","name":"ClimateMind","description":"Psychologie f\u00fcr echte Nachhaltigkeit","potentialAction":[{"@type":"SearchAction","target":{"@type":"EntryPoint","urlTemplate":"https:\/\/climatemind.de\/en\/?s={search_term_string}"},"query-input":{"@type":"PropertyValueSpecification","valueRequired":true,"valueName":"search_term_string"}}],"inLanguage":"en-US"},{"@type":"Person","@id":"https:\/\/climatemind.de\/en\/#\/schema\/person\/b9fd36b3699cd52c079361f449e222f4","name":"admin","image":{"@type":"ImageObject","inLanguage":"en-US","@id":"https:\/\/climatemind.de\/en\/#\/schema\/person\/image\/","url":"https:\/\/secure.gravatar.com\/avatar\/fb646541bbeeb313f32e00c41399b84a188dd401b97ff03243c11927bdbabd4a?s=96&d=mm&r=g","contentUrl":"https:\/\/secure.gravatar.com\/avatar\/fb646541bbeeb313f32e00c41399b84a188dd401b97ff03243c11927bdbabd4a?s=96&d=mm&r=g","caption":"admin"},"sameAs":["http:\/\/climatemind.de"],"url":"https:\/\/climatemind.de\/en\/author\/admin\/"}]}},"_links":{"self":[{"href":"https:\/\/climatemind.de\/en\/wp-json\/wp\/v2\/posts\/5293","targetHints":{"allow":["GET"]}}],"collection":[{"href":"https:\/\/climatemind.de\/en\/wp-json\/wp\/v2\/posts"}],"about":[{"href":"https:\/\/climatemind.de\/en\/wp-json\/wp\/v2\/types\/post"}],"author":[{"embeddable":true,"href":"https:\/\/climatemind.de\/en\/wp-json\/wp\/v2\/users\/1"}],"replies":[{"embeddable":true,"href":"https:\/\/climatemind.de\/en\/wp-json\/wp\/v2\/comments?post=5293"}],"version-history":[{"count":67,"href":"https:\/\/climatemind.de\/en\/wp-json\/wp\/v2\/posts\/5293\/revisions"}],"predecessor-version":[{"id":5651,"href":"https:\/\/climatemind.de\/en\/wp-json\/wp\/v2\/posts\/5293\/revisions\/5651"}],"wp:featuredmedia":[{"embeddable":true,"href":"https:\/\/climatemind.de\/en\/wp-json\/wp\/v2\/media\/5650"}],"wp:attachment":[{"href":"https:\/\/climatemind.de\/en\/wp-json\/wp\/v2\/media?parent=5293"}],"wp:term":[{"taxonomy":"category","embeddable":true,"href":"https:\/\/climatemind.de\/en\/wp-json\/wp\/v2\/categories?post=5293"},{"taxonomy":"post_tag","embeddable":true,"href":"https:\/\/climatemind.de\/en\/wp-json\/wp\/v2\/tags?post=5293"}],"curies":[{"name":"wp","href":"https:\/\/api.w.org\/{rel}","templated":true}]}}