{"id":5346,"date":"2023-06-20T16:01:40","date_gmt":"2023-06-20T14:01:40","guid":{"rendered":"https:\/\/climatemind.de\/?p=5346"},"modified":"2023-07-26T09:03:49","modified_gmt":"2023-07-26T07:03:49","slug":"employee-sustainability-engagement","status":"publish","type":"post","link":"https:\/\/climatemind.de\/en\/nicht-kategorisiert\/employee-sustainability-engagement\/","title":{"rendered":"Employee Sustainability Engagement"},"content":{"rendered":"\n<p><strong>ClimateMind hilft Ihren Mitarbeitenden dabei, ihr Klimaschutz-Handeln zu st\u00e4rken und auszubauen.<\/strong> <strong>Und eine gr\u00fcne Organisationskultur zu entwickeln.<\/strong><\/p>\n\n\n\n<blockquote class=\"wp-block-quote is-layout-flow wp-block-quote-is-layout-flow\">\n<p>Um als Organisation die eigenen Nachhaltigkeitsziele erreichen zu k\u00f6nnen, wird wirklich jede:r gebraucht. Mitarbeitende haben entscheidende Hebel in der Organisation. Sie k\u00f6nnen Wandel ansto\u00dfen und die Organisationskultur pr\u00e4gen, interne Nachhaltigkeitsgruppen gr\u00fcnden und eigeninitiativ wirkungsvolle Projekte umsetzen, die auf die Nachhaltigkeitsstrategie vorantreiben. <\/p>\n\n\n\n<p><\/p>\n\n\n\n<p>Unser Angebot f\u00fcr Mitarbeitende umfasst unter anderem Analysen, um die Beweggr\u00fcnde und Widerst\u00e4nde besser zu verstehen, Workshops zum Entdecken des gr\u00f6\u00dftm\u00f6glichen &#8220;Handabdrucks&#8221; sowie die ma\u00dfgeschneiderte Gestaltung von Nudging-Tools, sodass Nachhaltigkeit f\u00fcr alle bequem, attraktiv und einfach wird.<\/p>\n<\/blockquote>\n\n\n\n<div style=\"height:100px\" aria-hidden=\"true\" class=\"wp-block-spacer\"><\/div>\n\n\n\n<figure class=\"wp-block-image alignfull size-large\"><img loading=\"lazy\" decoding=\"async\" width=\"1024\" height=\"576\" src=\"https:\/\/climatemind.de\/wp-content\/uploads\/2023\/04\/marek-piwnicki-GV2YhjYpQZM-unsplash-1024x576.jpg\" alt=\"\" class=\"wp-image-5307\" srcset=\"https:\/\/climatemind.de\/wp-content\/uploads\/2023\/04\/marek-piwnicki-GV2YhjYpQZM-unsplash-980x551.jpg 980w, https:\/\/climatemind.de\/wp-content\/uploads\/2023\/04\/marek-piwnicki-GV2YhjYpQZM-unsplash-480x270.jpg 480w\" sizes=\"(min-width: 0px) and (max-width: 480px) 480px, (min-width: 481px) and (max-width: 980px) 980px, (min-width: 981px) 1024px, 100vw\" \/><\/figure>\n\n\n\n<div style=\"height:100px\" aria-hidden=\"true\" class=\"wp-block-spacer\"><\/div>\n\n\n\n<h2 class=\"wp-block-heading\">Ihre Challenges<\/h2>\n\n\n\n<blockquote class=\"wp-block-quote is-layout-flow wp-block-quote-is-layout-flow\">\n<p>Was sind Ihre gr\u00f6\u00dften Herausforderungen im Klimaschutz?<\/p>\n<\/blockquote>\n\n\n\n<div class=\"wp-block-columns alignwide is-layout-flex wp-container-core-columns-is-layout-829b1d53 wp-block-columns-is-layout-flex\" style=\"margin-bottom:0\">\n<div class=\"wp-block-column has-text-color has-background has-link-color wp-elements-2aa52deb7d78be3f2aa99ff5a7558ee9 is-layout-flow wp-block-column-is-layout-flow\" style=\"color:#000000;background-color:#f0f39d;padding-top:2em;padding-right:2em;padding-bottom:2em;padding-left:2em\">\n<h2 class=\"wp-block-heading\" id=\"family\" style=\"font-size:40px\"><strong>Konflikte<\/strong><\/h2>\n\n\n\n<p class=\"has-normal-font-size\" style=\"line-height:1.5\"><strong>Widerst\u00e4nde und Polarisierung in der Organisation.<\/strong><\/p>\n\n\n\n<hr class=\"wp-block-separator has-css-opacity is-style-wide\"\/>\n\n\n\n<p class=\"has-normal-font-size\" style=\"line-height:1.5\">Die Stimmung ist rau. Beim Thema Nachhaltigkeit kommt es zu Meinungsverschiedenheiten und zu pers\u00f6nlichen Konflikten.<\/p>\n<\/div>\n\n\n\n<div class=\"wp-block-column has-text-color has-background has-link-color wp-elements-347a9fe43ad512b7efc79744c271965a is-layout-flow wp-block-column-is-layout-flow\" style=\"color:#000000;background-color:#f0f39d;padding-top:2em;padding-right:2em;padding-bottom:2em;padding-left:2em\">\n<h2 class=\"wp-block-heading\" id=\"family\" style=\"font-size:40px\"><strong>Frustration<\/strong><\/h2>\n\n\n\n<p class=\"has-normal-font-size\" style=\"line-height:1.5\"><strong>Wenig Impact bei Ma\u00dfnahmen.<\/strong><\/p>\n\n\n\n<hr class=\"wp-block-separator has-css-opacity is-style-wide\"\/>\n\n\n\n<p class=\"has-normal-font-size\" style=\"line-height:1.5\">Sie wenden viele Ressourcen auf, um Nachhaltigkeit in Ihrer Organisation voranzutreiben. Die Ma\u00dfnahmen werden jedoch nicht wie gew\u00fcnscht angenommen.<\/p>\n<\/div>\n\n\n\n<div class=\"wp-block-column has-text-color has-background has-link-color wp-elements-2c707e1ecf4e6a1c8f636ab068cca52a is-layout-flow wp-block-column-is-layout-flow\" style=\"color:#000000;background-color:#f0f39d;padding-top:2em;padding-right:2em;padding-bottom:2em;padding-left:2em\">\n<h2 class=\"wp-block-heading\" id=\"family\" style=\"font-size:40px\"><strong>Eingefahrene L\u00f6sungen<\/strong><\/h2>\n\n\n\n<p class=\"has-normal-font-size\"><strong>Mangel an Innovation f\u00fcr Nachhaltigkeit.<\/strong><\/p>\n\n\n\n<hr class=\"wp-block-separator has-css-opacity is-style-wide\"\/>\n\n\n\n<p class=\"has-normal-font-size\" style=\"line-height:1.5\">Sie stehen unter Druck, exzellente nachhaltige Produkte und Dienstleistungen zu entwickeln. Die bisherigen Ans\u00e4tze sind nicht innovativ genug.<\/p>\n<\/div>\n<\/div>\n\n\n\n<div style=\"height:100px\" aria-hidden=\"true\" class=\"wp-block-spacer\"><\/div>\n\n\n\n<h2 class=\"wp-block-heading\">Ihr Nutzen<\/h2>\n\n\n\n<blockquote class=\"wp-block-quote is-layout-flow wp-block-quote-is-layout-flow\">\n<p>Was ist Ihr Mehrwert, wenn Sie mit uns zusammenarbeiten?<\/p>\n<\/blockquote>\n\n\n\n<div class=\"wp-block-columns alignwide is-layout-flex wp-container-core-columns-is-layout-829b1d53 wp-block-columns-is-layout-flex\" style=\"margin-bottom:0\">\n<div class=\"wp-block-column has-text-color has-background has-link-color wp-elements-377d3cdd011a5539bd4698d0562db344 is-layout-flow wp-block-column-is-layout-flow\" style=\"color:#000000;background-color:#b9e886;padding-top:2em;padding-right:2em;padding-bottom:2em;padding-left:2em\">\n<h2 class=\"wp-block-heading\" id=\"family\" style=\"font-size:40px\"><strong>Wohlwollen<\/strong><\/h2>\n\n\n\n<p class=\"has-normal-font-size\" style=\"line-height:1.5\"><strong>Nachhaltigkeits-freundliches Organisationsklima schaffen.<\/strong><\/p>\n\n\n\n<hr class=\"wp-block-separator has-css-opacity is-style-wide\"\/>\n\n\n\n<p class=\"has-normal-font-size\" style=\"line-height:1.5\">Sie schaffen eine positive Stimmung f\u00fcr Nachhaltigkeit. Eine Organisation, in der Mitarbeitende gerne selbst anpacken.<\/p>\n<\/div>\n\n\n\n<div class=\"wp-block-column has-text-color has-background has-link-color wp-elements-97739f7cadc4de35962186f459ed4e18 is-layout-flow wp-block-column-is-layout-flow\" style=\"color:#000000;background-color:#b9e886;padding-top:2em;padding-right:2em;padding-bottom:2em;padding-left:2em\">\n<h2 class=\"wp-block-heading\" id=\"family\" style=\"font-size:40px\"><strong>Bewegung<\/strong><\/h2>\n\n\n\n<p class=\"has-normal-font-size\" style=\"line-height:1.5\"><strong>Kollektive Bewegung von Mitarbeitenden erm\u00f6glichen.<\/strong><\/p>\n\n\n\n<hr class=\"wp-block-separator has-css-opacity is-style-wide\"\/>\n\n\n\n<p class=\"has-normal-font-size\" style=\"line-height:1.5\">Sie schaffen R\u00e4ume, in denen sich Mitarbeitende an Nachhaltigkeit in der Organisation beteiligen k\u00f6nnen. Die Mitarbeitenden sind zufriedener und erleben ihre eigene Wirksamkeit.<\/p>\n<\/div>\n\n\n\n<div class=\"wp-block-column has-text-color has-background has-link-color wp-elements-7a8b46098d33bbf4e053527cac752888 is-layout-flow wp-block-column-is-layout-flow\" style=\"color:#000000;background-color:#b9e886;padding-top:2em;padding-right:2em;padding-bottom:2em;padding-left:2em\">\n<h2 class=\"wp-block-heading\" id=\"family\" style=\"font-size:40px\"><strong>Kreative, attraktive Ideen<\/strong><\/h2>\n\n\n\n<p class=\"has-normal-font-size\"><strong>Bessere nachhaltige L\u00f6sungen entwickeln \u2013 als Ihre Konkurrenz<\/strong>.<\/p>\n\n\n\n<hr class=\"wp-block-separator has-css-opacity is-style-wide\"\/>\n\n\n\n<p class=\"has-normal-font-size\" style=\"line-height:1.5\">Mit der breiten Masse an engagierten Mitarbeitenden entwickeln Sie innovativere Ans\u00e4tze und kommen schneller zum Ziel. Sie sichern sich damit einen klaren Wettbewerbsvorteil.<\/p>\n<\/div>\n<\/div>\n\n\n\n<div style=\"height:100px\" aria-hidden=\"true\" class=\"wp-block-spacer\"><\/div>\n\n\n\n<div class=\"wp-block-columns is-layout-flex wp-container-core-columns-is-layout-9d6595d7 wp-block-columns-is-layout-flex\">\n<div class=\"wp-block-column is-layout-flow wp-block-column-is-layout-flow\">\n<figure class=\"wp-block-image size-large is-style-default\"><img loading=\"lazy\" decoding=\"async\" width=\"1500\" height=\"2400\" src=\"https:\/\/climatemind.de\/wp-content\/uploads\/2023\/04\/joshua-hibbert-Pn6iimgM-wo-unsplash-edited-3.jpg\" alt=\"\" class=\"wp-image-5423\" srcset=\"https:\/\/climatemind.de\/wp-content\/uploads\/2023\/04\/joshua-hibbert-Pn6iimgM-wo-unsplash-edited-3.jpg 1500w, https:\/\/climatemind.de\/wp-content\/uploads\/2023\/04\/joshua-hibbert-Pn6iimgM-wo-unsplash-edited-3-1280x2048.jpg 1280w, https:\/\/climatemind.de\/wp-content\/uploads\/2023\/04\/joshua-hibbert-Pn6iimgM-wo-unsplash-edited-3-980x1568.jpg 980w, https:\/\/climatemind.de\/wp-content\/uploads\/2023\/04\/joshua-hibbert-Pn6iimgM-wo-unsplash-edited-3-480x768.jpg 480w\" sizes=\"(min-width: 0px) and (max-width: 480px) 480px, (min-width: 481px) and (max-width: 980px) 980px, (min-width: 981px) and (max-width: 1280px) 1280px, (min-width: 1281px) 1500px, 100vw\" \/><\/figure>\n<\/div>\n\n\n\n<div class=\"wp-block-column is-layout-flow wp-block-column-is-layout-flow\">\n<h2 class=\"wp-block-heading\">Ihre Vorteile<\/h2>\n\n\n\n<blockquote class=\"wp-block-quote is-layout-flow wp-block-quote-is-layout-flow\">\n<p>Was macht ClimateMind ganz besonders?<\/p>\n<\/blockquote>\n\n\n\n<p><\/p>\n\n\n\n<p><strong>Authentisches Team mit junger Perspektive:<\/strong> Sie werden begleitet von Change Makern, die besonders gut die Bed\u00fcrfnisse der Generation Y und X verstehen &#8211; weil sie Teil dieser sind.<\/p>\n\n\n\n<p><strong>Von \u00fcberall und jederzeit: <\/strong>Mit den Online-Selbstlernkursen bilden sich alle Ihre Mitarbeitenden gleichzeitig und flexibel weiter. Wir stellen unsere Lernplattform zur Verf\u00fcgung oder entwickeln Online-Kurse f\u00fcr Ihre Lernumgebung.<\/p>\n\n\n\n<p><strong>Alles aus einer Hand:<\/strong> Unsere verschiedenen Formate greifen ineinander, erg\u00e4nzen sich und sichern so einen langfristigen Erfolg.<\/p>\n\n\n\n<p><strong>Wissenschaftliche Fundierung: <\/strong>Unsere L\u00f6sungen beruhen auf aktueller psychologischer Forschung der aus der Organisationspsychologie, Verhaltens\u00f6konomik und Klimapsychologie.<\/p>\n<\/div>\n<\/div>\n\n\n\n<div style=\"height:100px\" aria-hidden=\"true\" class=\"wp-block-spacer\"><\/div>\n\n\n\n<h2 class=\"wp-block-heading\">Unsere Expertise<\/h2>\n\n\n\n<blockquote class=\"wp-block-quote is-layout-flow wp-block-quote-is-layout-flow\">\n<p>Welche Klima-Challenge m\u00f6chten Sie als N\u00e4chstes angehen?<\/p>\n<\/blockquote>\n\n\n\n<div class=\"wp-block-columns is-layout-flex wp-container-core-columns-is-layout-9d6595d7 wp-block-columns-is-layout-flex\">\n<div class=\"wp-block-column is-layout-flow wp-block-column-is-layout-flow\" style=\"flex-basis:100%\">\n<div class=\"wp-block-columns is-layout-flex wp-container-core-columns-is-layout-9d6595d7 wp-block-columns-is-layout-flex\">\n<div class=\"wp-block-column is-layout-flow wp-block-column-is-layout-flow\" style=\"flex-basis:33.33%\">\n<h3 class=\"wp-block-heading\">Zielgruppen-spezifische Kommunikation<\/h3>\n<\/div>\n\n\n\n<div class=\"wp-block-column is-layout-flow wp-block-column-is-layout-flow\" style=\"flex-basis:66.66%\">\n<p>Diese Kompetenzen st\u00e4rken Sie:<\/p>\n\n\n\n<ul class=\"wp-block-list\">\n<li>Empathie mit verschiedenen Klima-Typen von Mitarbeitenden, Kund:innen und Partner:innen<\/li>\n\n\n\n<li>Aktives Zuh\u00f6ren und l\u00f6sungsorientiert Fragen stellen<\/li>\n\n\n\n<li>Effektiv mit Widerst\u00e4nden bei Klimaschutz-Ma\u00dfnahmen umgehen<\/li>\n<\/ul>\n\n\n\n<p>Diese Fragen vertiefen Sie:<\/p>\n\n\n\n<p><\/p>\n\n\n\n<ul class=\"wp-block-list\">\n<li>Wie kann ich alle Stakeholder f\u00fcr Nachhaltigkeit erfolgreich motivieren und mobilisieren?<\/li>\n\n\n\n<li>Welche Motive und Barrieren beeinflussen das Handeln der Menschen in der Organisation f\u00fcr Nachhaltigkeit?<\/li>\n<\/ul>\n\n\n\n<figure class=\"wp-block-image size-large is-resized\"><img decoding=\"async\" src=\"https:\/\/climatemind.de\/wp-content\/uploads\/2023\/04\/annie-spratt-hCb3lIB8L8E-unsplash-edited-scaled.jpg\" alt=\"\" class=\"wp-image-5439\" width=\"512\" srcset=\"https:\/\/climatemind.de\/wp-content\/uploads\/2023\/04\/annie-spratt-hCb3lIB8L8E-unsplash-edited-scaled.jpg 2560w, https:\/\/climatemind.de\/wp-content\/uploads\/2023\/04\/annie-spratt-hCb3lIB8L8E-unsplash-edited-1280x960.jpg 1280w, https:\/\/climatemind.de\/wp-content\/uploads\/2023\/04\/annie-spratt-hCb3lIB8L8E-unsplash-edited-980x735.jpg 980w, https:\/\/climatemind.de\/wp-content\/uploads\/2023\/04\/annie-spratt-hCb3lIB8L8E-unsplash-edited-480x360.jpg 480w\" sizes=\"(min-width: 0px) and (max-width: 480px) 480px, (min-width: 481px) and (max-width: 980px) 980px, (min-width: 981px) and (max-width: 1280px) 1280px, (min-width: 1281px) 2560px, 100vw\" \/><\/figure>\n<\/div>\n<\/div>\n<\/div>\n<\/div>\n\n\n\n<div class=\"wp-block-columns is-layout-flex wp-container-core-columns-is-layout-9d6595d7 wp-block-columns-is-layout-flex\">\n<div class=\"wp-block-column is-layout-flow wp-block-column-is-layout-flow\" style=\"flex-basis:33.33%\">\n<h3 class=\"wp-block-heading\">Handabdruck Ihrer Mitarbeitenden und Organisation<\/h3>\n<\/div>\n\n\n\n<div class=\"wp-block-column is-layout-flow wp-block-column-is-layout-flow\" style=\"flex-basis:66.66%\">\n<p>Diese Kompetenzen st\u00e4rken Sie:<\/p>\n\n\n\n<ul class=\"wp-block-list\">\n<li>Analyse der eigenen Wirkm\u00f6glichkeiten<\/li>\n\n\n\n<li>Entdecken von neuen, wirkungsvollen &#8220;Handabdruck&#8221;-M\u00f6glichkeiten<\/li>\n<\/ul>\n\n\n\n<p>Diese Fragen vertiefen Sie:<\/p>\n\n\n\n<p><\/p>\n\n\n\n<ul class=\"wp-block-list\">\n<li>Wie gro\u00df ist unser &#8220;Handabdruck&#8221; als Organisation?<\/li>\n\n\n\n<li>Was ist der gr\u00f6\u00dftm\u00f6gliche Hebel, den unsere Mitarbeitenden haben k\u00f6nnen?<\/li>\n<\/ul>\n\n\n\n<figure class=\"wp-block-image size-large is-resized\"><img decoding=\"async\" src=\"https:\/\/climatemind.de\/wp-content\/uploads\/2023\/04\/aaron-lee-0lv_DR_yfyI-unsplash-edited-scaled.jpg\" alt=\"\" class=\"wp-image-5436\" width=\"512\" srcset=\"https:\/\/climatemind.de\/wp-content\/uploads\/2023\/04\/aaron-lee-0lv_DR_yfyI-unsplash-edited-scaled.jpg 2560w, https:\/\/climatemind.de\/wp-content\/uploads\/2023\/04\/aaron-lee-0lv_DR_yfyI-unsplash-edited-1280x960.jpg 1280w, https:\/\/climatemind.de\/wp-content\/uploads\/2023\/04\/aaron-lee-0lv_DR_yfyI-unsplash-edited-980x735.jpg 980w, https:\/\/climatemind.de\/wp-content\/uploads\/2023\/04\/aaron-lee-0lv_DR_yfyI-unsplash-edited-480x360.jpg 480w\" sizes=\"(min-width: 0px) and (max-width: 480px) 480px, (min-width: 481px) and (max-width: 980px) 980px, (min-width: 981px) and (max-width: 1280px) 1280px, (min-width: 1281px) 2560px, 100vw\" \/><\/figure>\n<\/div>\n<\/div>\n\n\n\n<div class=\"wp-block-columns is-layout-flex wp-container-core-columns-is-layout-9d6595d7 wp-block-columns-is-layout-flex\">\n<div class=\"wp-block-column is-layout-flow wp-block-column-is-layout-flow\" style=\"flex-basis:33.33%\">\n<h3 class=\"wp-block-heading\">Nudging &amp; Verhaltens\u00e4nderung<\/h3>\n<\/div>\n\n\n\n<div class=\"wp-block-column is-layout-flow wp-block-column-is-layout-flow\" style=\"flex-basis:66.66%\">\n<p>Diese Kompetenzen st\u00e4rken Sie:<\/p>\n\n\n\n<ul class=\"wp-block-list\">\n<li>Setzen von effektiven Commitments und Zielen<\/li>\n\n\n\n<li>Aufbau von R\u00e4umen und Kulturen der sozialen Unterst\u00fctzung f\u00fcr Nachhaltigkeit<\/li>\n\n\n\n<li>Gestaltung und Etablierung von Infrastrukturen, die Nachhaltigkeit bequem und einfach machen<\/li>\n<\/ul>\n\n\n\n<p>Diese Fragen vertiefen Sie:<\/p>\n\n\n\n<p><\/p>\n\n\n\n<ul class=\"wp-block-list\">\n<li>Was bedeutet &#8220;Nudging&#8221;?<\/li>\n\n\n\n<li>Wie kann die Kraft der sozialen Unterst\u00fctzung in Organisationen genutzt werden?<\/li>\n\n\n\n<li>Wie schaffen es meine Mitarbeitenden, ihre Gewohnheiten zu \u00e4ndern?<\/li>\n<\/ul>\n\n\n\n<figure class=\"wp-block-image size-large is-resized\"><img decoding=\"async\" src=\"https:\/\/climatemind.de\/wp-content\/uploads\/2023\/04\/caleb-jones-J3JMyXWQHXU-unsplash-edited-scaled.jpg\" alt=\"\" class=\"wp-image-5440\" width=\"512\" srcset=\"https:\/\/climatemind.de\/wp-content\/uploads\/2023\/04\/caleb-jones-J3JMyXWQHXU-unsplash-edited-scaled.jpg 2560w, https:\/\/climatemind.de\/wp-content\/uploads\/2023\/04\/caleb-jones-J3JMyXWQHXU-unsplash-edited-1280x960.jpg 1280w, https:\/\/climatemind.de\/wp-content\/uploads\/2023\/04\/caleb-jones-J3JMyXWQHXU-unsplash-edited-980x735.jpg 980w, https:\/\/climatemind.de\/wp-content\/uploads\/2023\/04\/caleb-jones-J3JMyXWQHXU-unsplash-edited-480x360.jpg 480w\" sizes=\"(min-width: 0px) and (max-width: 480px) 480px, (min-width: 481px) and (max-width: 980px) 980px, (min-width: 981px) and (max-width: 1280px) 1280px, (min-width: 1281px) 2560px, 100vw\" \/><\/figure>\n<\/div>\n<\/div>\n\n\n\n<div style=\"height:100px\" aria-hidden=\"true\" class=\"wp-block-spacer\"><\/div>\n\n\n\n<h2 class=\"wp-block-heading\">Unsere L\u00f6sungen<\/h2>\n\n\n\n<blockquote class=\"wp-block-quote is-layout-flow wp-block-quote-is-layout-flow\">\n<p>Welches Format passt am besten zu Ihrer Klima-Challenge?<\/p>\n<\/blockquote>\n\n\n\n<div class=\"wp-block-columns alignwide is-layout-flex wp-container-core-columns-is-layout-829b1d53 wp-block-columns-is-layout-flex\" style=\"margin-bottom:0\">\n<div class=\"wp-block-column has-text-color has-background has-link-color wp-elements-1688adb4bf3eba4522ed666226440dc6 is-layout-flow wp-block-column-is-layout-flow\" style=\"color:#000000;background-color:#f0f39d;padding-top:2em;padding-right:2em;padding-bottom:2em;padding-left:2em\">\n<h2 class=\"wp-block-heading\" id=\"family\" style=\"font-size:40px\">Assessments<\/h2>\n\n\n\n<p class=\"has-normal-font-size\" style=\"line-height:1.5\"><strong>Verstehen Sie, was Ihre Mitarbeitenden zum Handeln antreibt und im Weg steht<\/strong>.<\/p>\n\n\n\n<hr class=\"wp-block-separator has-css-opacity is-style-wide\"\/>\n\n\n\n<ul class=\"has-normal-font-size wp-block-list\">\n<li>Wissenschaftlich-fundierte Analysen zu Motiven und Barrieren bei Ihren Mitarbeitenden<\/li>\n\n\n\n<li>Ma\u00dfgeschneiderte Empfehlungen f\u00fcr Kommunikation und Umsetzung Ihrer Strategie<\/li>\n<\/ul>\n<\/div>\n\n\n\n<div class=\"wp-block-column has-text-color has-background has-link-color wp-elements-97a6f83f3cba704bbf61caecaea6445e is-layout-flow wp-block-column-is-layout-flow\" style=\"color:#000000;background-color:#f0f39d;padding-top:2em;padding-right:2em;padding-bottom:2em;padding-left:2em\">\n<h2 class=\"wp-block-heading\" id=\"family\" style=\"font-size:40px\">Workshops<\/h2>\n\n\n\n<p class=\"has-normal-font-size\" style=\"line-height:1.5\"><strong>Entdecken Sie die n\u00e4chsten Handlungsm\u00f6glichkeiten Ihrer Organisation.<\/strong><\/p>\n\n\n\n<hr class=\"wp-block-separator has-css-opacity is-style-wide\"\/>\n\n\n\n<ul class=\"has-normal-font-size wp-block-list\">\n<li>Kleine Gruppe von maximal 12 Teilnehmenden<\/li>\n\n\n\n<li>2 Workshop-Leiter:innen moderieren den Gruppenprozess<\/li>\n<\/ul>\n<\/div>\n\n\n\n<div class=\"wp-block-column has-text-color has-background has-link-color wp-elements-5d208b4e55ec737986015563a1fe0af9 is-layout-flow wp-block-column-is-layout-flow\" style=\"color:#000000;background-color:#f0f39d;padding-top:2em;padding-right:2em;padding-bottom:2em;padding-left:2em\">\n<h2 class=\"wp-block-heading\" id=\"family\" style=\"font-size:40px\">Tools &amp; Online-Kurse<\/h2>\n\n\n\n<p class=\"has-normal-font-size\"><strong>St\u00e4rken Sie neue Nachhaltigkeits-Routinen Ihrer Mitarbeitenden.<\/strong><\/p>\n\n\n\n<hr class=\"wp-block-separator has-css-opacity is-style-wide\"\/>\n\n\n\n<ul class=\"has-normal-font-size wp-block-list\">\n<li>Ma\u00dfgeschneiderte Online-Selbstlernkurse f\u00fcr alle Mitarbeitenden<\/li>\n\n\n\n<li>Ma\u00dfgeschneiderten Nudging-Tools zum Aufbau von Gewohnheiten<\/li>\n\n\n\n<li>Gestaltung von Gruppen-Challenges<\/li>\n<\/ul>\n<\/div>\n<\/div>\n\n\n\n<div style=\"height:100px\" aria-hidden=\"true\" class=\"wp-block-spacer\"><\/div>\n\n\n\n<h2 class=\"wp-block-heading\">Jede Klimaschutz-Challenge ist anders.<\/h2>\n\n\n\n<p><\/p>\n\n\n\n<p><\/p>\n\n\n\n<div class=\"wp-block-columns is-layout-flex wp-container-core-columns-is-layout-9d6595d7 wp-block-columns-is-layout-flex\">\n<div class=\"wp-block-column is-layout-flow wp-block-column-is-layout-flow\" style=\"flex-basis:33.33%\">\n<figure class=\"wp-block-image size-large is-resized is-style-rounded\"><img loading=\"lazy\" decoding=\"async\" src=\"https:\/\/climatemind.de\/wp-content\/uploads\/2023\/04\/2022_10_07_SIA-8-3-edited-scaled.jpg\" alt=\"\" class=\"wp-image-5402\" width=\"500\" height=\"500\"\/><\/figure>\n<\/div>\n\n\n\n<div class=\"wp-block-column is-layout-flow wp-block-column-is-layout-flow\" style=\"flex-basis:66.66%\">\n<p><\/p>\n\n\n\n<p><\/p>\n\n\n\n<p><\/p>\n\n\n\n<h3 class=\"wp-block-heading\">Sie haben hier noch nicht die perfekte L\u00f6sung gefunden, die Sie brauchen?<\/h3>\n\n\n\n<h3 class=\"wp-block-heading\">Wir lieben es, genau die L\u00f6sungen zu entwickeln, die Sie brauchen, um Ihren Impact zu st\u00e4rken.<\/h3>\n<\/div>\n<\/div>\n\n\n\n<div class=\"wp-block-columns is-layout-flex wp-container-core-columns-is-layout-9d6595d7 wp-block-columns-is-layout-flex\">\n<div class=\"wp-block-column is-layout-flow wp-block-column-is-layout-flow\" style=\"flex-basis:66.66%\">\n<h3 class=\"wp-block-heading\">Wir freuen uns auf Ihre Mail!<\/h3>\n\n\n\n<p><\/p>\n\n\n\n<div class=\"wp-block-buttons is-content-justification-left is-layout-flex wp-container-core-buttons-is-layout-fdcfc74e wp-block-buttons-is-layout-flex\" id=\"mail@climatemind.de\">\n<div class=\"wp-block-button is-style-fill\"><a class=\"wp-block-button__link has-text-color has-background wp-element-button\" href=\"mailto:mail@climatemind.de\" style=\"color:#2a2a72;background-color:#e6ec35\" target=\"_blank\" rel=\"mail@climatemind.de noopener\"><strong>mail@climatemind.de \u2192<\/strong><\/a><\/div>\n<\/div>\n<\/div>\n\n\n\n<div class=\"wp-block-column is-layout-flow wp-block-column-is-layout-flow\" style=\"flex-basis:33.33%\">\n<div style=\"height:100px\" aria-hidden=\"true\" class=\"wp-block-spacer\"><\/div>\n<\/div>\n<\/div>\n\n\n\n<p><\/p>\n<span class=\"et_bloom_bottom_trigger\"><\/span>","protected":false},"excerpt":{"rendered":"<p>ClimateMind hilft Ihren Mitarbeitenden dabei, ihr Klimaschutz-Handeln zu st\u00e4rken und auszubauen. Und eine gr\u00fcne Organisationskultur zu entwickeln. Um als Organisation die eigenen Nachhaltigkeitsziele erreichen zu k\u00f6nnen, wird wirklich jede:r gebraucht. Mitarbeitende haben entscheidende Hebel in der Organisation. Sie k\u00f6nnen Wandel ansto\u00dfen und die Organisationskultur pr\u00e4gen, interne Nachhaltigkeitsgruppen gr\u00fcnden und eigeninitiativ wirkungsvolle Projekte umsetzen, die auf [&hellip;]<\/p>\n","protected":false},"author":1,"featured_media":5652,"comment_status":"closed","ping_status":"closed","sticky":false,"template":"","format":"standard","meta":{"_et_pb_use_builder":"off","_et_pb_old_content":"","_et_gb_content_width":"1920","content-type":"","_uf_show_specific_survey":0,"_uf_disable_surveys":false,"footnotes":""},"categories":[1,43],"tags":[],"class_list":["post-5346","post","type-post","status-publish","format-standard","has-post-thumbnail","hentry","category-nicht-kategorisiert","category-unternehmen"],"yoast_head":"<!-- This site is optimized with the Yoast SEO plugin v26.1.1 - https:\/\/yoast.com\/wordpress\/plugins\/seo\/ -->\n<title>Employee Sustainability Engagement - ClimateMind<\/title>\n<meta name=\"description\" content=\"ClimateMind hilft Ihren Mitarbeitenden dabei, ihr Klimaschutz-Handeln zu st\u00e4rken und auszubauen. Und eine gr\u00fcne Organisationskultur zu entwickeln.\" \/>\n<meta name=\"robots\" content=\"index, follow, max-snippet:-1, max-image-preview:large, max-video-preview:-1\" \/>\n<link rel=\"canonical\" href=\"https:\/\/climatemind.de\/en\/nicht-kategorisiert\/employee-sustainability-engagement\/\" \/>\n<meta property=\"og:locale\" content=\"en_US\" \/>\n<meta property=\"og:type\" content=\"article\" \/>\n<meta property=\"og:title\" content=\"Employee Sustainability Engagement\" \/>\n<meta property=\"og:description\" content=\"ClimateMind hilft Ihren Mitarbeitenden dabei, ihr Klimaschutz-Handeln zu st\u00e4rken und auszubauen. Und eine gr\u00fcne Organisationskultur zu entwickeln.\" \/>\n<meta property=\"og:url\" content=\"https:\/\/climatemind.de\/en\/nicht-kategorisiert\/employee-sustainability-engagement\/\" \/>\n<meta property=\"og:site_name\" content=\"ClimateMind\" \/>\n<meta property=\"article:publisher\" content=\"https:\/\/m.facebook.com\/klimapsych\/\" \/>\n<meta property=\"article:published_time\" content=\"2023-06-20T14:01:40+00:00\" \/>\n<meta property=\"article:modified_time\" content=\"2023-07-26T07:03:49+00:00\" \/>\n<meta property=\"og:image\" content=\"https:\/\/climatemind.de\/wp-content\/uploads\/2023\/06\/employee-engagement-1.jpg\" \/>\n\t<meta property=\"og:image:width\" content=\"1200\" \/>\n\t<meta property=\"og:image:height\" content=\"627\" \/>\n\t<meta property=\"og:image:type\" content=\"image\/jpeg\" \/>\n<meta name=\"author\" content=\"admin\" \/>\n<meta name=\"twitter:card\" content=\"summary_large_image\" \/>\n<meta name=\"twitter:title\" content=\"Employee Sustainability Engagement\" \/>\n<meta name=\"twitter:description\" content=\"ClimateMind hilft Ihren Mitarbeitenden dabei, ihr Klimaschutz-Handeln zu st\u00e4rken und auszubauen. Und eine gr\u00fcne Organisationskultur zu entwickeln.\" \/>\n<meta name=\"twitter:image\" content=\"https:\/\/climatemind.de\/wp-content\/uploads\/2023\/06\/employee-engagement-1.jpg\" \/>\n<meta name=\"twitter:creator\" content=\"@Climatemind_de\" \/>\n<meta name=\"twitter:site\" content=\"@Climatemind_de\" \/>\n<meta name=\"twitter:label1\" content=\"Written by\" \/>\n\t<meta name=\"twitter:data1\" content=\"admin\" \/>\n\t<meta name=\"twitter:label2\" content=\"Est. reading time\" \/>\n\t<meta name=\"twitter:data2\" content=\"5 minutes\" \/>\n<script type=\"application\/ld+json\" class=\"yoast-schema-graph\">{\"@context\":\"https:\/\/schema.org\",\"@graph\":[{\"@type\":\"WebPage\",\"@id\":\"https:\/\/climatemind.de\/en\/nicht-kategorisiert\/employee-sustainability-engagement\/\",\"url\":\"https:\/\/climatemind.de\/en\/nicht-kategorisiert\/employee-sustainability-engagement\/\",\"name\":\"Employee Sustainability Engagement - ClimateMind\",\"isPartOf\":{\"@id\":\"https:\/\/climatemind.de\/en\/#website\"},\"primaryImageOfPage\":{\"@id\":\"https:\/\/climatemind.de\/en\/nicht-kategorisiert\/employee-sustainability-engagement\/#primaryimage\"},\"image\":{\"@id\":\"https:\/\/climatemind.de\/en\/nicht-kategorisiert\/employee-sustainability-engagement\/#primaryimage\"},\"thumbnailUrl\":\"https:\/\/climatemind.de\/wp-content\/uploads\/2023\/06\/employee-engagement.jpg\",\"datePublished\":\"2023-06-20T14:01:40+00:00\",\"dateModified\":\"2023-07-26T07:03:49+00:00\",\"author\":{\"@id\":\"https:\/\/climatemind.de\/en\/#\/schema\/person\/b9fd36b3699cd52c079361f449e222f4\"},\"description\":\"ClimateMind hilft Ihren Mitarbeitenden dabei, ihr Klimaschutz-Handeln zu st\u00e4rken und auszubauen. Und eine gr\u00fcne Organisationskultur zu entwickeln.\",\"breadcrumb\":{\"@id\":\"https:\/\/climatemind.de\/en\/nicht-kategorisiert\/employee-sustainability-engagement\/#breadcrumb\"},\"inLanguage\":\"en-US\",\"potentialAction\":[{\"@type\":\"ReadAction\",\"target\":[\"https:\/\/climatemind.de\/en\/nicht-kategorisiert\/employee-sustainability-engagement\/\"]}]},{\"@type\":\"ImageObject\",\"inLanguage\":\"en-US\",\"@id\":\"https:\/\/climatemind.de\/en\/nicht-kategorisiert\/employee-sustainability-engagement\/#primaryimage\",\"url\":\"https:\/\/climatemind.de\/wp-content\/uploads\/2023\/06\/employee-engagement.jpg\",\"contentUrl\":\"https:\/\/climatemind.de\/wp-content\/uploads\/2023\/06\/employee-engagement.jpg\",\"width\":1779,\"height\":1180},{\"@type\":\"BreadcrumbList\",\"@id\":\"https:\/\/climatemind.de\/en\/nicht-kategorisiert\/employee-sustainability-engagement\/#breadcrumb\",\"itemListElement\":[{\"@type\":\"ListItem\",\"position\":1,\"name\":\"Startseite\",\"item\":\"https:\/\/climatemind.de\/en\/homepage\/\"},{\"@type\":\"ListItem\",\"position\":2,\"name\":\"Employee Sustainability Engagement\"}]},{\"@type\":\"WebSite\",\"@id\":\"https:\/\/climatemind.de\/en\/#website\",\"url\":\"https:\/\/climatemind.de\/en\/\",\"name\":\"ClimateMind\",\"description\":\"Psychologie f\u00fcr echte Nachhaltigkeit\",\"potentialAction\":[{\"@type\":\"SearchAction\",\"target\":{\"@type\":\"EntryPoint\",\"urlTemplate\":\"https:\/\/climatemind.de\/en\/?s={search_term_string}\"},\"query-input\":{\"@type\":\"PropertyValueSpecification\",\"valueRequired\":true,\"valueName\":\"search_term_string\"}}],\"inLanguage\":\"en-US\"},{\"@type\":\"Person\",\"@id\":\"https:\/\/climatemind.de\/en\/#\/schema\/person\/b9fd36b3699cd52c079361f449e222f4\",\"name\":\"admin\",\"image\":{\"@type\":\"ImageObject\",\"inLanguage\":\"en-US\",\"@id\":\"https:\/\/climatemind.de\/en\/#\/schema\/person\/image\/\",\"url\":\"https:\/\/secure.gravatar.com\/avatar\/fb646541bbeeb313f32e00c41399b84a188dd401b97ff03243c11927bdbabd4a?s=96&d=mm&r=g\",\"contentUrl\":\"https:\/\/secure.gravatar.com\/avatar\/fb646541bbeeb313f32e00c41399b84a188dd401b97ff03243c11927bdbabd4a?s=96&d=mm&r=g\",\"caption\":\"admin\"},\"sameAs\":[\"http:\/\/climatemind.de\"],\"url\":\"https:\/\/climatemind.de\/en\/author\/admin\/\"}]}<\/script>\n<!-- \/ Yoast SEO plugin. -->","yoast_head_json":{"title":"Employee Sustainability Engagement - ClimateMind","description":"ClimateMind hilft Ihren Mitarbeitenden dabei, ihr Klimaschutz-Handeln zu st\u00e4rken und auszubauen. Und eine gr\u00fcne Organisationskultur zu entwickeln.","robots":{"index":"index","follow":"follow","max-snippet":"max-snippet:-1","max-image-preview":"max-image-preview:large","max-video-preview":"max-video-preview:-1"},"canonical":"https:\/\/climatemind.de\/en\/nicht-kategorisiert\/employee-sustainability-engagement\/","og_locale":"en_US","og_type":"article","og_title":"Employee Sustainability Engagement","og_description":"ClimateMind hilft Ihren Mitarbeitenden dabei, ihr Klimaschutz-Handeln zu st\u00e4rken und auszubauen. Und eine gr\u00fcne Organisationskultur zu entwickeln.","og_url":"https:\/\/climatemind.de\/en\/nicht-kategorisiert\/employee-sustainability-engagement\/","og_site_name":"ClimateMind","article_publisher":"https:\/\/m.facebook.com\/klimapsych\/","article_published_time":"2023-06-20T14:01:40+00:00","article_modified_time":"2023-07-26T07:03:49+00:00","og_image":[{"width":1200,"height":627,"url":"https:\/\/climatemind.de\/wp-content\/uploads\/2023\/06\/employee-engagement-1.jpg","type":"image\/jpeg"}],"author":"admin","twitter_card":"summary_large_image","twitter_title":"Employee Sustainability Engagement","twitter_description":"ClimateMind hilft Ihren Mitarbeitenden dabei, ihr Klimaschutz-Handeln zu st\u00e4rken und auszubauen. Und eine gr\u00fcne Organisationskultur zu entwickeln.","twitter_image":"https:\/\/climatemind.de\/wp-content\/uploads\/2023\/06\/employee-engagement-1.jpg","twitter_creator":"@Climatemind_de","twitter_site":"@Climatemind_de","twitter_misc":{"Written by":"admin","Est. reading time":"5 minutes"},"schema":{"@context":"https:\/\/schema.org","@graph":[{"@type":"WebPage","@id":"https:\/\/climatemind.de\/en\/nicht-kategorisiert\/employee-sustainability-engagement\/","url":"https:\/\/climatemind.de\/en\/nicht-kategorisiert\/employee-sustainability-engagement\/","name":"Employee Sustainability Engagement - ClimateMind","isPartOf":{"@id":"https:\/\/climatemind.de\/en\/#website"},"primaryImageOfPage":{"@id":"https:\/\/climatemind.de\/en\/nicht-kategorisiert\/employee-sustainability-engagement\/#primaryimage"},"image":{"@id":"https:\/\/climatemind.de\/en\/nicht-kategorisiert\/employee-sustainability-engagement\/#primaryimage"},"thumbnailUrl":"https:\/\/climatemind.de\/wp-content\/uploads\/2023\/06\/employee-engagement.jpg","datePublished":"2023-06-20T14:01:40+00:00","dateModified":"2023-07-26T07:03:49+00:00","author":{"@id":"https:\/\/climatemind.de\/en\/#\/schema\/person\/b9fd36b3699cd52c079361f449e222f4"},"description":"ClimateMind hilft Ihren Mitarbeitenden dabei, ihr Klimaschutz-Handeln zu st\u00e4rken und auszubauen. Und eine gr\u00fcne Organisationskultur zu entwickeln.","breadcrumb":{"@id":"https:\/\/climatemind.de\/en\/nicht-kategorisiert\/employee-sustainability-engagement\/#breadcrumb"},"inLanguage":"en-US","potentialAction":[{"@type":"ReadAction","target":["https:\/\/climatemind.de\/en\/nicht-kategorisiert\/employee-sustainability-engagement\/"]}]},{"@type":"ImageObject","inLanguage":"en-US","@id":"https:\/\/climatemind.de\/en\/nicht-kategorisiert\/employee-sustainability-engagement\/#primaryimage","url":"https:\/\/climatemind.de\/wp-content\/uploads\/2023\/06\/employee-engagement.jpg","contentUrl":"https:\/\/climatemind.de\/wp-content\/uploads\/2023\/06\/employee-engagement.jpg","width":1779,"height":1180},{"@type":"BreadcrumbList","@id":"https:\/\/climatemind.de\/en\/nicht-kategorisiert\/employee-sustainability-engagement\/#breadcrumb","itemListElement":[{"@type":"ListItem","position":1,"name":"Startseite","item":"https:\/\/climatemind.de\/en\/homepage\/"},{"@type":"ListItem","position":2,"name":"Employee Sustainability Engagement"}]},{"@type":"WebSite","@id":"https:\/\/climatemind.de\/en\/#website","url":"https:\/\/climatemind.de\/en\/","name":"ClimateMind","description":"Psychologie f\u00fcr echte Nachhaltigkeit","potentialAction":[{"@type":"SearchAction","target":{"@type":"EntryPoint","urlTemplate":"https:\/\/climatemind.de\/en\/?s={search_term_string}"},"query-input":{"@type":"PropertyValueSpecification","valueRequired":true,"valueName":"search_term_string"}}],"inLanguage":"en-US"},{"@type":"Person","@id":"https:\/\/climatemind.de\/en\/#\/schema\/person\/b9fd36b3699cd52c079361f449e222f4","name":"admin","image":{"@type":"ImageObject","inLanguage":"en-US","@id":"https:\/\/climatemind.de\/en\/#\/schema\/person\/image\/","url":"https:\/\/secure.gravatar.com\/avatar\/fb646541bbeeb313f32e00c41399b84a188dd401b97ff03243c11927bdbabd4a?s=96&d=mm&r=g","contentUrl":"https:\/\/secure.gravatar.com\/avatar\/fb646541bbeeb313f32e00c41399b84a188dd401b97ff03243c11927bdbabd4a?s=96&d=mm&r=g","caption":"admin"},"sameAs":["http:\/\/climatemind.de"],"url":"https:\/\/climatemind.de\/en\/author\/admin\/"}]}},"_links":{"self":[{"href":"https:\/\/climatemind.de\/en\/wp-json\/wp\/v2\/posts\/5346","targetHints":{"allow":["GET"]}}],"collection":[{"href":"https:\/\/climatemind.de\/en\/wp-json\/wp\/v2\/posts"}],"about":[{"href":"https:\/\/climatemind.de\/en\/wp-json\/wp\/v2\/types\/post"}],"author":[{"embeddable":true,"href":"https:\/\/climatemind.de\/en\/wp-json\/wp\/v2\/users\/1"}],"replies":[{"embeddable":true,"href":"https:\/\/climatemind.de\/en\/wp-json\/wp\/v2\/comments?post=5346"}],"version-history":[{"count":41,"href":"https:\/\/climatemind.de\/en\/wp-json\/wp\/v2\/posts\/5346\/revisions"}],"predecessor-version":[{"id":5812,"href":"https:\/\/climatemind.de\/en\/wp-json\/wp\/v2\/posts\/5346\/revisions\/5812"}],"wp:featuredmedia":[{"embeddable":true,"href":"https:\/\/climatemind.de\/en\/wp-json\/wp\/v2\/media\/5652"}],"wp:attachment":[{"href":"https:\/\/climatemind.de\/en\/wp-json\/wp\/v2\/media?parent=5346"}],"wp:term":[{"taxonomy":"category","embeddable":true,"href":"https:\/\/climatemind.de\/en\/wp-json\/wp\/v2\/categories?post=5346"},{"taxonomy":"post_tag","embeddable":true,"href":"https:\/\/climatemind.de\/en\/wp-json\/wp\/v2\/tags?post=5346"}],"curies":[{"name":"wp","href":"https:\/\/api.w.org\/{rel}","templated":true}]}}