{"id":5542,"date":"2023-06-20T15:35:56","date_gmt":"2023-06-20T13:35:56","guid":{"rendered":"https:\/\/climatemind.de\/?p=5542"},"modified":"2023-07-26T09:06:24","modified_gmt":"2023-07-26T07:06:24","slug":"greenwashing-sensible-externe-kommunikation","status":"publish","type":"post","link":"https:\/\/climatemind.de\/en\/nicht-kategorisiert\/greenwashing-sensible-externe-kommunikation\/","title":{"rendered":"Greenwashing-sensible externe Kommunikation"},"content":{"rendered":"\n<p><strong>ClimateMind hilft Ihrer Organisation, eine aktivierende und authentische Kommunikation ohne Greenwashing gegen\u00fcber Kund:innen und Partner:innen zu gestalten. F\u00fcr ein langfristig glaubw\u00fcrdiges Auftreten als echter Nachhaltigkeitsakteur.<\/strong><\/p>\n\n\n\n<blockquote class=\"wp-block-quote is-layout-flow wp-block-quote-is-layout-flow\">\n<p>Wir leben in einer Welt, in der Unehrlichkeit und Scheinl\u00f6sungen teuer und Unternehmen, die Greenwashing betreiben, verklagt werden. Es braucht daher eine Kommunikation an Ihre diversen Stakeholder, die selbstkritisch die bisherigen Ma\u00dfnahmen einordnet und transparent Verantwortung f\u00fcr das zuk\u00fcnftige Handeln \u00fcbernimmt. Damit k\u00f6nnen Unternehmen zu einer echten Inspiration f\u00fcr alle Stakeholder in ihrem Umfeld werden.<\/p>\n\n\n\n<p><\/p>\n\n\n\n<p>Unser Angebot reicht von kritischen Analysen und kreativen Workshops bis zu zielorientierten Trainings, die Ihnen dabei helfen, Greenwashing zu vermeiden und eine glaubw\u00fcrdige und aktivierende Kommunikation gegen\u00fcber Ihren Stakeholdern zu betreiben.<\/p>\n<\/blockquote>\n\n\n\n<div style=\"height:100px\" aria-hidden=\"true\" class=\"wp-block-spacer\"><\/div>\n\n\n\n<figure class=\"wp-block-image alignfull size-large\"><img loading=\"lazy\" decoding=\"async\" width=\"2400\" height=\"1500\" src=\"https:\/\/climatemind.de\/wp-content\/uploads\/2023\/06\/denny-muller-t6ytLFY6cQU-unsplash1-edited.jpg\" alt=\"\" class=\"wp-image-5551\" srcset=\"https:\/\/climatemind.de\/wp-content\/uploads\/2023\/06\/denny-muller-t6ytLFY6cQU-unsplash1-edited.jpg 2400w, https:\/\/climatemind.de\/wp-content\/uploads\/2023\/06\/denny-muller-t6ytLFY6cQU-unsplash1-edited-1280x800.jpg 1280w, https:\/\/climatemind.de\/wp-content\/uploads\/2023\/06\/denny-muller-t6ytLFY6cQU-unsplash1-edited-980x613.jpg 980w, https:\/\/climatemind.de\/wp-content\/uploads\/2023\/06\/denny-muller-t6ytLFY6cQU-unsplash1-edited-480x300.jpg 480w\" sizes=\"(min-width: 0px) and (max-width: 480px) 480px, (min-width: 481px) and (max-width: 980px) 980px, (min-width: 981px) and (max-width: 1280px) 1280px, (min-width: 1281px) 2400px, 100vw\" \/><\/figure>\n\n\n\n<div style=\"height:100px\" aria-hidden=\"true\" class=\"wp-block-spacer\"><\/div>\n\n\n\n<h2 class=\"wp-block-heading\">Ihre Challenges<\/h2>\n\n\n\n<blockquote class=\"wp-block-quote is-layout-flow wp-block-quote-is-layout-flow\">\n<p>Was sind Ihre gr\u00f6\u00dften Herausforderungen im Klimaschutz?<\/p>\n<\/blockquote>\n\n\n\n<div class=\"wp-block-columns alignwide is-layout-flex wp-container-core-columns-is-layout-829b1d53 wp-block-columns-is-layout-flex\" style=\"margin-bottom:0\">\n<div class=\"wp-block-column has-text-color has-background has-link-color wp-elements-aaf13d4e917ad4839ab043c0ecf2b8cf is-layout-flow wp-block-column-is-layout-flow\" style=\"color:#000000;background-color:#f0f39d;padding-top:2em;padding-right:2em;padding-bottom:2em;padding-left:2em\">\n<h2 class=\"wp-block-heading\" id=\"family\" style=\"font-size:40px\"><strong>Reputations-Verlust<\/strong><\/h2>\n\n\n\n<p class=\"has-normal-font-size\" style=\"line-height:1.5\"><strong>Kein authentisches, nachhaltiges Image.<\/strong><\/p>\n\n\n\n<hr class=\"wp-block-separator has-css-opacity is-style-wide\"\/>\n\n\n\n<p class=\"has-normal-font-size\" style=\"line-height:1.5\">Sie h\u00f6ren immer wieder Kritik an Ihrem Gesch\u00e4ftsmodell oder Ihrer Au\u00dfenkommunikation. <\/p>\n<\/div>\n\n\n\n<div class=\"wp-block-column has-text-color has-background has-link-color wp-elements-6f2589f3a1bc8ed5020c54cde5334a68 is-layout-flow wp-block-column-is-layout-flow\" style=\"color:#000000;background-color:#f0f39d;padding-top:2em;padding-right:2em;padding-bottom:2em;padding-left:2em\">\n<h2 class=\"wp-block-heading\" id=\"family\" style=\"font-size:40px\"><strong>Unehrlichkeit<\/strong><\/h2>\n\n\n\n<p class=\"has-normal-font-size\" style=\"line-height:1.5\"><strong>Ignoranter oder unehrlicher Umgang mit vergangenen Fehlern.<\/strong><\/p>\n\n\n\n<hr class=\"wp-block-separator has-css-opacity is-style-wide\"\/>\n\n\n\n<p class=\"has-normal-font-size\" style=\"line-height:1.5\">Sie haben bisher Ihren Einsatz f\u00fcr Nachhaltigkeit der letzten Jahrzehnte in Ihrer Au\u00dfenkommunikation besch\u00f6nigt. Stakeholder nehmen vor dem Hintergrund aktuelle, ehrliche Ziele und Projekte nicht als diese wahr.<\/p>\n<\/div>\n\n\n\n<div class=\"wp-block-column has-text-color has-background has-link-color wp-elements-7908dfc5365a03d033926978101c8d84 is-layout-flow wp-block-column-is-layout-flow\" style=\"color:#000000;background-color:#f0f39d;padding-top:2em;padding-right:2em;padding-bottom:2em;padding-left:2em\">\n<h2 class=\"wp-block-heading\" id=\"family\" style=\"font-size:40px\"><strong>Desinteresse<\/strong><\/h2>\n\n\n\n<p class=\"has-normal-font-size\"><strong>Wenig Beitrag f\u00fcr Nachhaltigkeit von Partner:innen und Kund:innen.<\/strong><\/p>\n\n\n\n<hr class=\"wp-block-separator has-css-opacity is-style-wide\"\/>\n\n\n\n<p class=\"has-normal-font-size\" style=\"line-height:1.5\">Sie sto\u00dfen auf Desinteresse und Widerst\u00e4nde bei Partner:innen und Kund:innen, brauchen jedoch f\u00fcr Ihre n\u00e4chsten Schritte Ihren R\u00fcckenwind.<\/p>\n<\/div>\n<\/div>\n\n\n\n<div style=\"height:100px\" aria-hidden=\"true\" class=\"wp-block-spacer\"><\/div>\n\n\n\n<h2 class=\"wp-block-heading\">Ihr Nutzen<\/h2>\n\n\n\n<blockquote class=\"wp-block-quote is-layout-flow wp-block-quote-is-layout-flow\">\n<p>Was ist Ihr Mehrwert, wenn Sie mit uns zusammenarbeiten?<\/p>\n<\/blockquote>\n\n\n\n<div class=\"wp-block-columns alignwide is-layout-flex wp-container-core-columns-is-layout-829b1d53 wp-block-columns-is-layout-flex\" style=\"margin-bottom:0\">\n<div class=\"wp-block-column has-text-color has-background has-link-color wp-elements-5e1a48f3013f70e085537dbd4a8589a2 is-layout-flow wp-block-column-is-layout-flow\" style=\"color:#000000;background-color:#b9e886;padding-top:2em;padding-right:2em;padding-bottom:2em;padding-left:2em\">\n<h2 class=\"wp-block-heading\" id=\"family\" style=\"font-size:40px\"><strong>Glaubw\u00fcrdigkeit<\/strong><\/h2>\n\n\n\n<p class=\"has-normal-font-size\" style=\"line-height:1.5\"><strong>Langfristig guten Ruf erhalten oder wiederherstellen.<\/strong><\/p>\n\n\n\n<hr class=\"wp-block-separator has-css-opacity is-style-wide\"\/>\n\n\n\n<p class=\"has-normal-font-size\" style=\"line-height:1.5\">Sie werden Schritt f\u00fcr Schritt zu einem wirklich glaubw\u00fcrdigen Unternehmen und bauen einen nachhaltigen Ruf f\u00fcr die n\u00e4chsten Jahrzehnte auf.<\/p>\n<\/div>\n\n\n\n<div class=\"wp-block-column has-text-color has-background has-link-color wp-elements-f1539c43a44dcb6b1a5ab1fc0bcb01b8 is-layout-flow wp-block-column-is-layout-flow\" style=\"color:#000000;background-color:#b9e886;padding-top:2em;padding-right:2em;padding-bottom:2em;padding-left:2em\">\n<h2 class=\"wp-block-heading\" id=\"family\" style=\"font-size:40px\"><strong>Neuanfang<\/strong><\/h2>\n\n\n\n<p class=\"has-normal-font-size\" style=\"line-height:1.5\"><strong>Fehler der Vergangenheit kommunizieren und konstruktiv nach vorne blicken.<\/strong><\/p>\n\n\n\n<hr class=\"wp-block-separator has-css-opacity is-style-wide\"\/>\n\n\n\n<p class=\"has-normal-font-size\" style=\"line-height:1.5\">Sie reflektieren intern die Fehler der Vergangenheit. Sie kommunizieren \u00f6ffentlich, wie Sie auf die Fehler der Vergangenheit blicken und \u00fcbernehmen Verantwortung.<\/p>\n<\/div>\n\n\n\n<div class=\"wp-block-column has-text-color has-background has-link-color wp-elements-3e596fbd392a3eef5d591de93f60f1e5 is-layout-flow wp-block-column-is-layout-flow\" style=\"color:#000000;background-color:#b9e886;padding-top:2em;padding-right:2em;padding-bottom:2em;padding-left:2em\">\n<h2 class=\"wp-block-heading\" id=\"family\" style=\"font-size:40px\"><strong>Identifikation<\/strong><\/h2>\n\n\n\n<p class=\"has-normal-font-size\"><strong>Stakeholder motivieren, den Wandel zusammen zu gestalten.<\/strong><\/p>\n\n\n\n<hr class=\"wp-block-separator has-css-opacity is-style-wide\"\/>\n\n\n\n<p class=\"has-normal-font-size\" style=\"line-height:1.5\">Mit uns aktivieren Sie die Stakeholder, die bisher passiv geblieben sind. Mitarbeitende, Partner:innen und Kund:innen wollen intrinsisch mit Ihnen zusammen Nachhaltigkeit weiter vorantreiben.<\/p>\n<\/div>\n<\/div>\n\n\n\n<div style=\"height:100px\" aria-hidden=\"true\" class=\"wp-block-spacer\"><\/div>\n\n\n\n<div class=\"wp-block-columns is-layout-flex wp-container-core-columns-is-layout-9d6595d7 wp-block-columns-is-layout-flex\">\n<div class=\"wp-block-column is-layout-flow wp-block-column-is-layout-flow\">\n<figure class=\"wp-block-image size-large is-style-default\"><img loading=\"lazy\" decoding=\"async\" width=\"1500\" height=\"2400\" src=\"https:\/\/climatemind.de\/wp-content\/uploads\/2023\/04\/joshua-hibbert-Pn6iimgM-wo-unsplash-edited-3.jpg\" alt=\"\" class=\"wp-image-5423\" srcset=\"https:\/\/climatemind.de\/wp-content\/uploads\/2023\/04\/joshua-hibbert-Pn6iimgM-wo-unsplash-edited-3.jpg 1500w, https:\/\/climatemind.de\/wp-content\/uploads\/2023\/04\/joshua-hibbert-Pn6iimgM-wo-unsplash-edited-3-1280x2048.jpg 1280w, https:\/\/climatemind.de\/wp-content\/uploads\/2023\/04\/joshua-hibbert-Pn6iimgM-wo-unsplash-edited-3-980x1568.jpg 980w, https:\/\/climatemind.de\/wp-content\/uploads\/2023\/04\/joshua-hibbert-Pn6iimgM-wo-unsplash-edited-3-480x768.jpg 480w\" sizes=\"(min-width: 0px) and (max-width: 480px) 480px, (min-width: 481px) and (max-width: 980px) 980px, (min-width: 981px) and (max-width: 1280px) 1280px, (min-width: 1281px) 1500px, 100vw\" \/><\/figure>\n<\/div>\n\n\n\n<div class=\"wp-block-column is-layout-flow wp-block-column-is-layout-flow\">\n<h2 class=\"wp-block-heading\">Ihre Vorteile<\/h2>\n\n\n\n<blockquote class=\"wp-block-quote is-layout-flow wp-block-quote-is-layout-flow\">\n<p>Was macht ClimateMind ganz besonders?<\/p>\n<\/blockquote>\n\n\n\n<p><\/p>\n\n\n\n<p><strong>Authentisches, kritisches Team aus der Klimabewegung:<\/strong> Sie werden begleitet von idealistischen Change Makern, die Ihnen einen neuen Blick auf Ihre Kommunikation geben. Wenn Sie m\u00f6gen, spiegeln wir Ihnen kritisch, wie Ihre Kommunikation bei uns ankommt \u2013 bevor es andere tun.<\/p>\n\n\n\n<p><strong>Psychologische Expertise in aktivierender Kommunikation: <\/strong>Es geht derzeit um viel mehr, als Greenwashing zu vermeiden. Sie m\u00fcssen Partner:innen und Kund:innen aktiv f\u00fcr Nachhaltigkeit begeistern und vom Wissen zum Handeln bewegen k\u00f6nnen. Wie das gelingen kann, daf\u00fcr sind wir Expert:innen und stehen Ihnen tatkr\u00e4ftig zur Seite.<\/p>\n\n\n\n<p><strong>Zusammenarbeit mit Strategie- und Rechtsberatungen: <\/strong>Eine Kommunikation f\u00fcr Nachhaltigkeit kann nur dann gelingen, wenn Ihr Gesch\u00e4ftsmodell regenerativ ausgerichtet ist. Daf\u00fcr arbeiten wir mit Strategieberatungen mit Nachhaltigkeitsfokus zusammen, um Ihnen in allen Bereichen weiterzuhelfen.<\/p>\n<\/div>\n<\/div>\n\n\n\n<div style=\"height:100px\" aria-hidden=\"true\" class=\"wp-block-spacer\"><\/div>\n\n\n\n<h2 class=\"wp-block-heading\">Unsere Expertise<\/h2>\n\n\n\n<blockquote class=\"wp-block-quote is-layout-flow wp-block-quote-is-layout-flow\">\n<p>Welche Klima-Challenge m\u00f6chten Sie als N\u00e4chstes angehen?<\/p>\n<\/blockquote>\n\n\n\n<div class=\"wp-block-columns is-layout-flex wp-container-core-columns-is-layout-9d6595d7 wp-block-columns-is-layout-flex\">\n<div class=\"wp-block-column is-layout-flow wp-block-column-is-layout-flow\" style=\"flex-basis:100%\">\n<div class=\"wp-block-columns is-layout-flex wp-container-core-columns-is-layout-9d6595d7 wp-block-columns-is-layout-flex\">\n<div class=\"wp-block-column is-layout-flow wp-block-column-is-layout-flow\" style=\"flex-basis:33.33%\">\n<h3 class=\"wp-block-heading\">#1 Greenwashing-sensible Kommunikation<\/h3>\n<\/div>\n\n\n\n<div class=\"wp-block-column is-layout-flow wp-block-column-is-layout-flow\" style=\"flex-basis:66.66%\">\n<p>Diese Kompetenzen st\u00e4rken Sie:<\/p>\n\n\n\n<ul class=\"wp-block-list\">\n<li>Selbstreflektiert Greenwashing identifizieren<\/li>\n\n\n\n<li>Kreativ neue Kommunikationsans\u00e4tze ohne Greenwashing entwickeln<\/li>\n<\/ul>\n\n\n\n<p>Diese Fragen vertiefen Sie:<\/p>\n\n\n\n<p><\/p>\n\n\n\n<ul class=\"wp-block-list\">\n<li>Woran erkenne ich Greenwashing?<\/li>\n\n\n\n<li>Wie nehmen verschiedene Stakeholder unsere Kommunikation wahr?<\/li>\n\n\n\n<li>Wie k\u00f6nnen wir ab jetzt Greenwashing vermeiden?<\/li>\n<\/ul>\n\n\n\n<figure class=\"wp-block-image size-large is-resized\"><img decoding=\"async\" src=\"https:\/\/climatemind.de\/wp-content\/uploads\/2023\/06\/joel-vodell-ehQNfr7odvs-unsplash-edited.jpg\" alt=\"\" class=\"wp-image-5554\" width=\"512\" srcset=\"https:\/\/climatemind.de\/wp-content\/uploads\/2023\/06\/joel-vodell-ehQNfr7odvs-unsplash-edited.jpg 2400w, https:\/\/climatemind.de\/wp-content\/uploads\/2023\/06\/joel-vodell-ehQNfr7odvs-unsplash-edited-1280x960.jpg 1280w, https:\/\/climatemind.de\/wp-content\/uploads\/2023\/06\/joel-vodell-ehQNfr7odvs-unsplash-edited-980x735.jpg 980w, https:\/\/climatemind.de\/wp-content\/uploads\/2023\/06\/joel-vodell-ehQNfr7odvs-unsplash-edited-480x360.jpg 480w\" sizes=\"(min-width: 0px) and (max-width: 480px) 480px, (min-width: 481px) and (max-width: 980px) 980px, (min-width: 981px) and (max-width: 1280px) 1280px, (min-width: 1281px) 2400px, 100vw\" \/><\/figure>\n<\/div>\n<\/div>\n<\/div>\n<\/div>\n\n\n\n<div class=\"wp-block-columns is-layout-flex wp-container-core-columns-is-layout-9d6595d7 wp-block-columns-is-layout-flex\">\n<div class=\"wp-block-column is-layout-flow wp-block-column-is-layout-flow\" style=\"flex-basis:33.33%\">\n<h3 class=\"wp-block-heading\">#2 Aktivierende Kommunikation an Kund:innen<\/h3>\n<\/div>\n\n\n\n<div class=\"wp-block-column is-layout-flow wp-block-column-is-layout-flow\" style=\"flex-basis:66.66%\">\n<p>Diese Kompetenzen st\u00e4rken Sie:<\/p>\n\n\n\n<ul class=\"wp-block-list\">\n<li>Wichtigkeit von Nachhaltigkeit und eigene Projekte zu Nachhaltigkeit realistisch und verst\u00e4ndlich an Kund:innnen kommunizieren <\/li>\n\n\n\n<li>Bereitschaft von Kund:innen st\u00e4rken, nachhaltigere Kaufentscheidungen zu treffen<\/li>\n\n\n\n<li>Lebendige Community f\u00fcr Nachhaltigkeit unter Ihren Kund:innen aufbauen<\/li>\n<\/ul>\n\n\n\n<p>Diese Fragen vertiefen Sie:<\/p>\n\n\n\n<p><\/p>\n\n\n\n<ul class=\"wp-block-list\">\n<li>Wann sind Kund:innen (nicht) bereit, nachhaltige Produkte und Dienstleistungen zu kaufen?<\/li>\n\n\n\n<li>Wie k\u00f6nnen wir als Unternehmen eine Bewegung in der Gesellschaft f\u00fcr Nachhaltigkeit ansto\u00dfen?<\/li>\n<\/ul>\n\n\n\n<figure class=\"wp-block-image size-large is-resized\"><img decoding=\"async\" src=\"https:\/\/climatemind.de\/wp-content\/uploads\/2023\/06\/mauro-mora-31-pOduwZGE-unsplash-edited.jpg\" alt=\"\" class=\"wp-image-5556\" width=\"512\" srcset=\"https:\/\/climatemind.de\/wp-content\/uploads\/2023\/06\/mauro-mora-31-pOduwZGE-unsplash-edited.jpg 2134w, https:\/\/climatemind.de\/wp-content\/uploads\/2023\/06\/mauro-mora-31-pOduwZGE-unsplash-edited-1280x960.jpg 1280w, https:\/\/climatemind.de\/wp-content\/uploads\/2023\/06\/mauro-mora-31-pOduwZGE-unsplash-edited-980x735.jpg 980w, https:\/\/climatemind.de\/wp-content\/uploads\/2023\/06\/mauro-mora-31-pOduwZGE-unsplash-edited-480x360.jpg 480w\" sizes=\"(min-width: 0px) and (max-width: 480px) 480px, (min-width: 481px) and (max-width: 980px) 980px, (min-width: 981px) and (max-width: 1280px) 1280px, (min-width: 1281px) 2134px, 100vw\" \/><\/figure>\n<\/div>\n<\/div>\n\n\n\n<div class=\"wp-block-columns is-layout-flex wp-container-core-columns-is-layout-9d6595d7 wp-block-columns-is-layout-flex\">\n<div class=\"wp-block-column is-layout-flow wp-block-column-is-layout-flow\" style=\"flex-basis:33.33%\">\n<h3 class=\"wp-block-heading\">#3 Aktivierende Kommunikation an Partner:innen<\/h3>\n<\/div>\n\n\n\n<div class=\"wp-block-column is-layout-flow wp-block-column-is-layout-flow\" style=\"flex-basis:66.66%\">\n<p>Diese Kompetenzen st\u00e4rken Sie:<\/p>\n\n\n\n<ul class=\"wp-block-list\">\n<li>Wirksame, innovative Allianzen mit Akteuren aus der Zivilgesellschaft und Social Start-Ups aufbauen<\/li>\n\n\n\n<li>Partner:innen motivieren und zum Mitmachen mobilisieren<\/li>\n\n\n\n<li>Effektiv mit Widerst\u00e4nden von Partner:innen umgehen<\/li>\n<\/ul>\n\n\n\n<p>Diese Fragen vertiefen Sie:<\/p>\n\n\n\n<p><\/p>\n\n\n\n<ul class=\"wp-block-list\">\n<li>Welche Motive und Barrieren beeinflussen das Denken, F\u00fchlen und Handeln unserer verschiedener Partner:innen?<\/li>\n\n\n\n<li>Wie k\u00f6nnen wir Partnerschaften mit neuen, wichtigen Stakeholdern aufbauen?<\/li>\n<\/ul>\n\n\n\n<figure class=\"wp-block-image size-large is-resized\"><img decoding=\"async\" src=\"https:\/\/climatemind.de\/wp-content\/uploads\/2023\/06\/daniel-lerman-D3ThdROym7Y-unsplash-edited.jpg\" alt=\"\" class=\"wp-image-5558\" width=\"512\" srcset=\"https:\/\/climatemind.de\/wp-content\/uploads\/2023\/06\/daniel-lerman-D3ThdROym7Y-unsplash-edited.jpg 2134w, https:\/\/climatemind.de\/wp-content\/uploads\/2023\/06\/daniel-lerman-D3ThdROym7Y-unsplash-edited-1280x960.jpg 1280w, https:\/\/climatemind.de\/wp-content\/uploads\/2023\/06\/daniel-lerman-D3ThdROym7Y-unsplash-edited-980x735.jpg 980w, https:\/\/climatemind.de\/wp-content\/uploads\/2023\/06\/daniel-lerman-D3ThdROym7Y-unsplash-edited-480x360.jpg 480w\" sizes=\"(min-width: 0px) and (max-width: 480px) 480px, (min-width: 481px) and (max-width: 980px) 980px, (min-width: 981px) and (max-width: 1280px) 1280px, (min-width: 1281px) 2134px, 100vw\" \/><\/figure>\n<\/div>\n<\/div>\n\n\n\n<div style=\"height:100px\" aria-hidden=\"true\" class=\"wp-block-spacer\"><\/div>\n\n\n\n<h2 class=\"wp-block-heading\">Unsere L\u00f6sungen<\/h2>\n\n\n\n<blockquote class=\"wp-block-quote is-layout-flow wp-block-quote-is-layout-flow\">\n<p>Welches Format passt am besten zu Ihrer Klima-Challenge?<\/p>\n<\/blockquote>\n\n\n\n<div class=\"wp-block-columns alignwide is-layout-flex wp-container-core-columns-is-layout-829b1d53 wp-block-columns-is-layout-flex\" style=\"margin-bottom:0\">\n<div class=\"wp-block-column has-text-color has-background has-link-color wp-elements-e931f28e9ffdba0fc10c11039acad778 is-layout-flow wp-block-column-is-layout-flow\" style=\"color:#000000;background-color:#f0f39d;padding-top:2em;padding-right:2em;padding-bottom:2em;padding-left:2em\">\n<h2 class=\"wp-block-heading\" id=\"family\" style=\"font-size:40px\">Kritische Analysen<\/h2>\n\n\n\n<p class=\"has-normal-font-size\" style=\"line-height:1.5\"><strong>Erhalten Sie einen jungen, kritischen Blick auf Ihre externe Kommunikation.<\/strong><\/p>\n\n\n\n<hr class=\"wp-block-separator has-css-opacity is-style-wide\"\/>\n\n\n\n<ul class=\"has-normal-font-size wp-block-list\">\n<li>Kritische Einsch\u00e4tzung zu externer Kommunikation von jungen, idealistischen Change Makern <\/li>\n\n\n\n<li>Ma\u00dfgeschneiderte Empfehlungen f\u00fcr Kommunikation, inkl. \u00dcberblick \u00fcber die wichtigsten Handlungsfelder<\/li>\n<\/ul>\n<\/div>\n\n\n\n<div class=\"wp-block-column has-text-color has-background has-link-color wp-elements-c427a93ca45fea5cf90c7727f9f43a57 is-layout-flow wp-block-column-is-layout-flow\" style=\"color:#000000;background-color:#f0f39d;padding-top:2em;padding-right:2em;padding-bottom:2em;padding-left:2em\">\n<h2 class=\"wp-block-heading\" id=\"family\" style=\"font-size:40px\">Workshops<\/h2>\n\n\n\n<p class=\"has-normal-font-size\" style=\"line-height:1.5\"><strong>Entdecken Sie kreative Ll\u00f6sungen ohne Greenwashing f\u00fcr Ihre Organisation.<\/strong><\/p>\n\n\n\n<hr class=\"wp-block-separator has-css-opacity is-style-wide\"\/>\n\n\n\n<ul class=\"has-normal-font-size wp-block-list\">\n<li>Kleine Gruppe von maximal 12 Teilnehmenden<\/li>\n\n\n\n<li>2 Workshop-Leiter:innen moderieren den Gruppenprozess<\/li>\n<\/ul>\n<\/div>\n\n\n\n<div class=\"wp-block-column has-text-color has-background has-link-color wp-elements-95c15dc0cdf3a87759052c419bde042b is-layout-flow wp-block-column-is-layout-flow\" style=\"color:#000000;background-color:#f0f39d;padding-top:2em;padding-right:2em;padding-bottom:2em;padding-left:2em\">\n<h2 class=\"wp-block-heading\" id=\"family\" style=\"font-size:40px\">Trainings<\/h2>\n\n\n\n<p class=\"has-normal-font-size\"><strong>Trainieren Sie aktivierende Klimakommunikation ohne Greenwashing.<\/strong><\/p>\n\n\n\n<hr class=\"wp-block-separator has-css-opacity is-style-wide\"\/>\n\n\n\n<ul class=\"has-normal-font-size wp-block-list\">\n<li>Kleine Gruppe von maximal 12 Teilnehmenden<\/li>\n\n\n\n<li>2 Trainer:innen, innovative Methoden, hochkar\u00e4tige Expert:innen und G\u00e4ste<\/li>\n<\/ul>\n<\/div>\n<\/div>\n\n\n\n<div style=\"height:100px\" aria-hidden=\"true\" class=\"wp-block-spacer\"><\/div>\n\n\n\n<h2 class=\"wp-block-heading\">Jede Klimaschutz-Challenge ist anders.<\/h2>\n\n\n\n<p><\/p>\n\n\n\n<p><\/p>\n\n\n\n<div class=\"wp-block-columns is-layout-flex wp-container-core-columns-is-layout-9d6595d7 wp-block-columns-is-layout-flex\">\n<div class=\"wp-block-column is-layout-flow wp-block-column-is-layout-flow\" style=\"flex-basis:33.33%\">\n<figure class=\"wp-block-image size-large is-resized is-style-rounded\"><img loading=\"lazy\" decoding=\"async\" src=\"https:\/\/climatemind.de\/wp-content\/uploads\/2023\/04\/2022_10_07_SIA-8-3-edited-scaled.jpg\" alt=\"\" class=\"wp-image-5402\" width=\"500\" height=\"500\"\/><\/figure>\n<\/div>\n\n\n\n<div class=\"wp-block-column is-layout-flow wp-block-column-is-layout-flow\" style=\"flex-basis:66.66%\">\n<p><\/p>\n\n\n\n<p><\/p>\n\n\n\n<p><\/p>\n\n\n\n<h3 class=\"wp-block-heading\">Sie haben hier noch nicht die perfekte L\u00f6sung gefunden, die Sie brauchen?<\/h3>\n\n\n\n<h3 class=\"wp-block-heading\">Wir lieben es, genau die L\u00f6sungen zu entwickeln, die Sie brauchen, um Ihren Impact zu st\u00e4rken.<\/h3>\n<\/div>\n<\/div>\n\n\n\n<div class=\"wp-block-columns is-layout-flex wp-container-core-columns-is-layout-9d6595d7 wp-block-columns-is-layout-flex\">\n<div class=\"wp-block-column is-layout-flow wp-block-column-is-layout-flow\" style=\"flex-basis:66.66%\">\n<h3 class=\"wp-block-heading\">Wir freuen uns auf Ihre Mail!<\/h3>\n\n\n\n<p><\/p>\n\n\n\n<div class=\"wp-block-buttons is-content-justification-left is-layout-flex wp-container-core-buttons-is-layout-fdcfc74e wp-block-buttons-is-layout-flex\" id=\"mail@climatemind.de\">\n<div class=\"wp-block-button is-style-fill\"><a class=\"wp-block-button__link has-text-color has-background wp-element-button\" href=\"mailto:mail@climatemind.de\" style=\"color:#2a2a72;background-color:#e6ec35\" target=\"_blank\" rel=\"mail@climatemind.de noopener\"><strong>mail@climatemind.de \u2192<\/strong><\/a><\/div>\n<\/div>\n<\/div>\n\n\n\n<div class=\"wp-block-column is-layout-flow wp-block-column-is-layout-flow\" style=\"flex-basis:33.33%\">\n<div style=\"height:100px\" aria-hidden=\"true\" class=\"wp-block-spacer\"><\/div>\n<\/div>\n<\/div>\n\n\n\n<p><\/p>\n<span class=\"et_bloom_bottom_trigger\"><\/span>","protected":false},"excerpt":{"rendered":"<p>ClimateMind hilft Ihrer Organisation, eine aktivierende und authentische Kommunikation ohne Greenwashing gegen\u00fcber Kund:innen und Partner:innen zu gestalten. F\u00fcr ein langfristig glaubw\u00fcrdiges Auftreten als echter Nachhaltigkeitsakteur. Wir leben in einer Welt, in der Unehrlichkeit und Scheinl\u00f6sungen teuer und Unternehmen, die Greenwashing betreiben, verklagt werden. Es braucht daher eine Kommunikation an Ihre diversen Stakeholder, die selbstkritisch die [&hellip;]<\/p>\n","protected":false},"author":1,"featured_media":5648,"comment_status":"closed","ping_status":"closed","sticky":false,"template":"","format":"standard","meta":{"_et_pb_use_builder":"off","_et_pb_old_content":"","_et_gb_content_width":"1920","content-type":"","_uf_show_specific_survey":0,"_uf_disable_surveys":false,"footnotes":""},"categories":[1,43],"tags":[],"class_list":["post-5542","post","type-post","status-publish","format-standard","has-post-thumbnail","hentry","category-nicht-kategorisiert","category-unternehmen"],"yoast_head":"<!-- This site is optimized with the Yoast SEO plugin v26.1.1 - https:\/\/yoast.com\/wordpress\/plugins\/seo\/ -->\n<title>Greenwashing-sensible externe Kommunikation - ClimateMind<\/title>\n<meta name=\"description\" content=\"ClimateMind hilft Ihrer Organisation, eine aktivierende und authentische Kommunikation ohne Greenwashing gegen\u00fcber Kund:innen und Partner:innen zu gestalten. F\u00fcr ein langfristig glaubw\u00fcrdiges Auftreten als echter Nachhaltigkeitsakteur.\" \/>\n<meta name=\"robots\" content=\"index, follow, max-snippet:-1, max-image-preview:large, max-video-preview:-1\" \/>\n<link rel=\"canonical\" href=\"https:\/\/climatemind.de\/en\/nicht-kategorisiert\/greenwashing-sensible-externe-kommunikation\/\" \/>\n<meta property=\"og:locale\" content=\"en_US\" \/>\n<meta property=\"og:type\" content=\"article\" \/>\n<meta property=\"og:title\" content=\"Greenwashing-sensible externe Klimakommunikation\" \/>\n<meta property=\"og:description\" content=\"ClimateMind hilft Ihrer Organisation, eine aktivierende und authentische Kommunikation ohne Greenwashing gegen\u00fcber Kund:innen und Partner:innen zu gestalten. F\u00fcr ein langfristig glaubw\u00fcrdiges Auftreten als echter Nachhaltigkeitsakteur.\" \/>\n<meta property=\"og:url\" content=\"https:\/\/climatemind.de\/en\/nicht-kategorisiert\/greenwashing-sensible-externe-kommunikation\/\" \/>\n<meta property=\"og:site_name\" content=\"ClimateMind\" \/>\n<meta property=\"article:publisher\" content=\"https:\/\/m.facebook.com\/klimapsych\/\" \/>\n<meta property=\"article:published_time\" content=\"2023-06-20T13:35:56+00:00\" \/>\n<meta property=\"article:modified_time\" content=\"2023-07-26T07:06:24+00:00\" \/>\n<meta property=\"og:image\" content=\"https:\/\/climatemind.de\/wp-content\/uploads\/2023\/06\/greenwashing1-1.jpg\" \/>\n\t<meta property=\"og:image:width\" content=\"1200\" \/>\n\t<meta property=\"og:image:height\" content=\"627\" \/>\n\t<meta property=\"og:image:type\" content=\"image\/jpeg\" \/>\n<meta name=\"author\" content=\"admin\" \/>\n<meta name=\"twitter:card\" content=\"summary_large_image\" \/>\n<meta name=\"twitter:title\" content=\"Greenwashing-sensible externe Kommunikation\" \/>\n<meta name=\"twitter:description\" content=\"ClimateMind hilft Ihrer Organisation, eine aktivierende und authentische Kommunikation ohne Greenwashing gegen\u00fcber Kund:innen und Partner:innen zu gestalten. F\u00fcr ein langfristig glaubw\u00fcrdiges Auftreten als echter Nachhaltigkeitsakteur.\" \/>\n<meta name=\"twitter:image\" content=\"https:\/\/climatemind.de\/wp-content\/uploads\/2023\/06\/greenwashing1-1.jpg\" \/>\n<meta name=\"twitter:creator\" content=\"@Climatemind_de\" \/>\n<meta name=\"twitter:site\" content=\"@Climatemind_de\" \/>\n<meta name=\"twitter:label1\" content=\"Written by\" \/>\n\t<meta name=\"twitter:data1\" content=\"admin\" \/>\n\t<meta name=\"twitter:label2\" content=\"Est. reading time\" \/>\n\t<meta name=\"twitter:data2\" content=\"6 minutes\" \/>\n<script type=\"application\/ld+json\" class=\"yoast-schema-graph\">{\"@context\":\"https:\/\/schema.org\",\"@graph\":[{\"@type\":\"WebPage\",\"@id\":\"https:\/\/climatemind.de\/en\/nicht-kategorisiert\/greenwashing-sensible-externe-kommunikation\/\",\"url\":\"https:\/\/climatemind.de\/en\/nicht-kategorisiert\/greenwashing-sensible-externe-kommunikation\/\",\"name\":\"Greenwashing-sensible externe Kommunikation - ClimateMind\",\"isPartOf\":{\"@id\":\"https:\/\/climatemind.de\/en\/#website\"},\"primaryImageOfPage\":{\"@id\":\"https:\/\/climatemind.de\/en\/nicht-kategorisiert\/greenwashing-sensible-externe-kommunikation\/#primaryimage\"},\"image\":{\"@id\":\"https:\/\/climatemind.de\/en\/nicht-kategorisiert\/greenwashing-sensible-externe-kommunikation\/#primaryimage\"},\"thumbnailUrl\":\"https:\/\/climatemind.de\/wp-content\/uploads\/2023\/06\/greenwashing1.jpg\",\"datePublished\":\"2023-06-20T13:35:56+00:00\",\"dateModified\":\"2023-07-26T07:06:24+00:00\",\"author\":{\"@id\":\"https:\/\/climatemind.de\/en\/#\/schema\/person\/b9fd36b3699cd52c079361f449e222f4\"},\"description\":\"ClimateMind hilft Ihrer Organisation, eine aktivierende und authentische Kommunikation ohne Greenwashing gegen\u00fcber Kund:innen und Partner:innen zu gestalten. F\u00fcr ein langfristig glaubw\u00fcrdiges Auftreten als echter Nachhaltigkeitsakteur.\",\"breadcrumb\":{\"@id\":\"https:\/\/climatemind.de\/en\/nicht-kategorisiert\/greenwashing-sensible-externe-kommunikation\/#breadcrumb\"},\"inLanguage\":\"en-US\",\"potentialAction\":[{\"@type\":\"ReadAction\",\"target\":[\"https:\/\/climatemind.de\/en\/nicht-kategorisiert\/greenwashing-sensible-externe-kommunikation\/\"]}]},{\"@type\":\"ImageObject\",\"inLanguage\":\"en-US\",\"@id\":\"https:\/\/climatemind.de\/en\/nicht-kategorisiert\/greenwashing-sensible-externe-kommunikation\/#primaryimage\",\"url\":\"https:\/\/climatemind.de\/wp-content\/uploads\/2023\/06\/greenwashing1.jpg\",\"contentUrl\":\"https:\/\/climatemind.de\/wp-content\/uploads\/2023\/06\/greenwashing1.jpg\",\"width\":1677,\"height\":1112},{\"@type\":\"BreadcrumbList\",\"@id\":\"https:\/\/climatemind.de\/en\/nicht-kategorisiert\/greenwashing-sensible-externe-kommunikation\/#breadcrumb\",\"itemListElement\":[{\"@type\":\"ListItem\",\"position\":1,\"name\":\"Startseite\",\"item\":\"https:\/\/climatemind.de\/en\/homepage\/\"},{\"@type\":\"ListItem\",\"position\":2,\"name\":\"Greenwashing-sensible externe Kommunikation\"}]},{\"@type\":\"WebSite\",\"@id\":\"https:\/\/climatemind.de\/en\/#website\",\"url\":\"https:\/\/climatemind.de\/en\/\",\"name\":\"ClimateMind\",\"description\":\"Psychologie f\u00fcr echte Nachhaltigkeit\",\"potentialAction\":[{\"@type\":\"SearchAction\",\"target\":{\"@type\":\"EntryPoint\",\"urlTemplate\":\"https:\/\/climatemind.de\/en\/?s={search_term_string}\"},\"query-input\":{\"@type\":\"PropertyValueSpecification\",\"valueRequired\":true,\"valueName\":\"search_term_string\"}}],\"inLanguage\":\"en-US\"},{\"@type\":\"Person\",\"@id\":\"https:\/\/climatemind.de\/en\/#\/schema\/person\/b9fd36b3699cd52c079361f449e222f4\",\"name\":\"admin\",\"image\":{\"@type\":\"ImageObject\",\"inLanguage\":\"en-US\",\"@id\":\"https:\/\/climatemind.de\/en\/#\/schema\/person\/image\/\",\"url\":\"https:\/\/secure.gravatar.com\/avatar\/fb646541bbeeb313f32e00c41399b84a188dd401b97ff03243c11927bdbabd4a?s=96&d=mm&r=g\",\"contentUrl\":\"https:\/\/secure.gravatar.com\/avatar\/fb646541bbeeb313f32e00c41399b84a188dd401b97ff03243c11927bdbabd4a?s=96&d=mm&r=g\",\"caption\":\"admin\"},\"sameAs\":[\"http:\/\/climatemind.de\"],\"url\":\"https:\/\/climatemind.de\/en\/author\/admin\/\"}]}<\/script>\n<!-- \/ Yoast SEO plugin. -->","yoast_head_json":{"title":"Greenwashing-sensible externe Kommunikation - ClimateMind","description":"ClimateMind hilft Ihrer Organisation, eine aktivierende und authentische Kommunikation ohne Greenwashing gegen\u00fcber Kund:innen und Partner:innen zu gestalten. F\u00fcr ein langfristig glaubw\u00fcrdiges Auftreten als echter Nachhaltigkeitsakteur.","robots":{"index":"index","follow":"follow","max-snippet":"max-snippet:-1","max-image-preview":"max-image-preview:large","max-video-preview":"max-video-preview:-1"},"canonical":"https:\/\/climatemind.de\/en\/nicht-kategorisiert\/greenwashing-sensible-externe-kommunikation\/","og_locale":"en_US","og_type":"article","og_title":"Greenwashing-sensible externe Klimakommunikation","og_description":"ClimateMind hilft Ihrer Organisation, eine aktivierende und authentische Kommunikation ohne Greenwashing gegen\u00fcber Kund:innen und Partner:innen zu gestalten. F\u00fcr ein langfristig glaubw\u00fcrdiges Auftreten als echter Nachhaltigkeitsakteur.","og_url":"https:\/\/climatemind.de\/en\/nicht-kategorisiert\/greenwashing-sensible-externe-kommunikation\/","og_site_name":"ClimateMind","article_publisher":"https:\/\/m.facebook.com\/klimapsych\/","article_published_time":"2023-06-20T13:35:56+00:00","article_modified_time":"2023-07-26T07:06:24+00:00","og_image":[{"width":1200,"height":627,"url":"https:\/\/climatemind.de\/wp-content\/uploads\/2023\/06\/greenwashing1-1.jpg","type":"image\/jpeg"}],"author":"admin","twitter_card":"summary_large_image","twitter_title":"Greenwashing-sensible externe Kommunikation","twitter_description":"ClimateMind hilft Ihrer Organisation, eine aktivierende und authentische Kommunikation ohne Greenwashing gegen\u00fcber Kund:innen und Partner:innen zu gestalten. F\u00fcr ein langfristig glaubw\u00fcrdiges Auftreten als echter Nachhaltigkeitsakteur.","twitter_image":"https:\/\/climatemind.de\/wp-content\/uploads\/2023\/06\/greenwashing1-1.jpg","twitter_creator":"@Climatemind_de","twitter_site":"@Climatemind_de","twitter_misc":{"Written by":"admin","Est. reading time":"6 minutes"},"schema":{"@context":"https:\/\/schema.org","@graph":[{"@type":"WebPage","@id":"https:\/\/climatemind.de\/en\/nicht-kategorisiert\/greenwashing-sensible-externe-kommunikation\/","url":"https:\/\/climatemind.de\/en\/nicht-kategorisiert\/greenwashing-sensible-externe-kommunikation\/","name":"Greenwashing-sensible externe Kommunikation - ClimateMind","isPartOf":{"@id":"https:\/\/climatemind.de\/en\/#website"},"primaryImageOfPage":{"@id":"https:\/\/climatemind.de\/en\/nicht-kategorisiert\/greenwashing-sensible-externe-kommunikation\/#primaryimage"},"image":{"@id":"https:\/\/climatemind.de\/en\/nicht-kategorisiert\/greenwashing-sensible-externe-kommunikation\/#primaryimage"},"thumbnailUrl":"https:\/\/climatemind.de\/wp-content\/uploads\/2023\/06\/greenwashing1.jpg","datePublished":"2023-06-20T13:35:56+00:00","dateModified":"2023-07-26T07:06:24+00:00","author":{"@id":"https:\/\/climatemind.de\/en\/#\/schema\/person\/b9fd36b3699cd52c079361f449e222f4"},"description":"ClimateMind hilft Ihrer Organisation, eine aktivierende und authentische Kommunikation ohne Greenwashing gegen\u00fcber Kund:innen und Partner:innen zu gestalten. F\u00fcr ein langfristig glaubw\u00fcrdiges Auftreten als echter Nachhaltigkeitsakteur.","breadcrumb":{"@id":"https:\/\/climatemind.de\/en\/nicht-kategorisiert\/greenwashing-sensible-externe-kommunikation\/#breadcrumb"},"inLanguage":"en-US","potentialAction":[{"@type":"ReadAction","target":["https:\/\/climatemind.de\/en\/nicht-kategorisiert\/greenwashing-sensible-externe-kommunikation\/"]}]},{"@type":"ImageObject","inLanguage":"en-US","@id":"https:\/\/climatemind.de\/en\/nicht-kategorisiert\/greenwashing-sensible-externe-kommunikation\/#primaryimage","url":"https:\/\/climatemind.de\/wp-content\/uploads\/2023\/06\/greenwashing1.jpg","contentUrl":"https:\/\/climatemind.de\/wp-content\/uploads\/2023\/06\/greenwashing1.jpg","width":1677,"height":1112},{"@type":"BreadcrumbList","@id":"https:\/\/climatemind.de\/en\/nicht-kategorisiert\/greenwashing-sensible-externe-kommunikation\/#breadcrumb","itemListElement":[{"@type":"ListItem","position":1,"name":"Startseite","item":"https:\/\/climatemind.de\/en\/homepage\/"},{"@type":"ListItem","position":2,"name":"Greenwashing-sensible externe Kommunikation"}]},{"@type":"WebSite","@id":"https:\/\/climatemind.de\/en\/#website","url":"https:\/\/climatemind.de\/en\/","name":"ClimateMind","description":"Psychologie f\u00fcr echte Nachhaltigkeit","potentialAction":[{"@type":"SearchAction","target":{"@type":"EntryPoint","urlTemplate":"https:\/\/climatemind.de\/en\/?s={search_term_string}"},"query-input":{"@type":"PropertyValueSpecification","valueRequired":true,"valueName":"search_term_string"}}],"inLanguage":"en-US"},{"@type":"Person","@id":"https:\/\/climatemind.de\/en\/#\/schema\/person\/b9fd36b3699cd52c079361f449e222f4","name":"admin","image":{"@type":"ImageObject","inLanguage":"en-US","@id":"https:\/\/climatemind.de\/en\/#\/schema\/person\/image\/","url":"https:\/\/secure.gravatar.com\/avatar\/fb646541bbeeb313f32e00c41399b84a188dd401b97ff03243c11927bdbabd4a?s=96&d=mm&r=g","contentUrl":"https:\/\/secure.gravatar.com\/avatar\/fb646541bbeeb313f32e00c41399b84a188dd401b97ff03243c11927bdbabd4a?s=96&d=mm&r=g","caption":"admin"},"sameAs":["http:\/\/climatemind.de"],"url":"https:\/\/climatemind.de\/en\/author\/admin\/"}]}},"_links":{"self":[{"href":"https:\/\/climatemind.de\/en\/wp-json\/wp\/v2\/posts\/5542","targetHints":{"allow":["GET"]}}],"collection":[{"href":"https:\/\/climatemind.de\/en\/wp-json\/wp\/v2\/posts"}],"about":[{"href":"https:\/\/climatemind.de\/en\/wp-json\/wp\/v2\/types\/post"}],"author":[{"embeddable":true,"href":"https:\/\/climatemind.de\/en\/wp-json\/wp\/v2\/users\/1"}],"replies":[{"embeddable":true,"href":"https:\/\/climatemind.de\/en\/wp-json\/wp\/v2\/comments?post=5542"}],"version-history":[{"count":11,"href":"https:\/\/climatemind.de\/en\/wp-json\/wp\/v2\/posts\/5542\/revisions"}],"predecessor-version":[{"id":6562,"href":"https:\/\/climatemind.de\/en\/wp-json\/wp\/v2\/posts\/5542\/revisions\/6562"}],"wp:featuredmedia":[{"embeddable":true,"href":"https:\/\/climatemind.de\/en\/wp-json\/wp\/v2\/media\/5648"}],"wp:attachment":[{"href":"https:\/\/climatemind.de\/en\/wp-json\/wp\/v2\/media?parent=5542"}],"wp:term":[{"taxonomy":"category","embeddable":true,"href":"https:\/\/climatemind.de\/en\/wp-json\/wp\/v2\/categories?post=5542"},{"taxonomy":"post_tag","embeddable":true,"href":"https:\/\/climatemind.de\/en\/wp-json\/wp\/v2\/tags?post=5542"}],"curies":[{"name":"wp","href":"https:\/\/api.w.org\/{rel}","templated":true}]}}