{"id":5733,"date":"2023-07-07T10:27:39","date_gmt":"2023-07-07T08:27:39","guid":{"rendered":"https:\/\/climatemind.de\/?p=5733"},"modified":"2023-07-26T09:07:26","modified_gmt":"2023-07-26T07:07:26","slug":"klima-empowerment-fuer-buergerinnen","status":"publish","type":"post","link":"https:\/\/climatemind.de\/en\/nicht-kategorisiert\/klima-empowerment-fuer-buergerinnen\/","title":{"rendered":"Klima-Empowerment f\u00fcr B\u00fcrger:innen"},"content":{"rendered":"\n<p><strong>ClimateMind hilft Ihrem Team dabei, B\u00fcrger:innen in ihrem Klimaschutz-Handeln durch Kommunikationskampagnen, Beteiligung und Bildung zu st\u00e4rken.<\/strong> <strong>F\u00fcr eine engagierte Zivilgesellschaft!<\/strong><\/p>\n\n\n\n<blockquote class=\"wp-block-quote is-layout-flow wp-block-quote-is-layout-flow\">\n<p>Damit ambitionierte Klimapolitik m\u00f6glich wird, wird wirklich jede:r B\u00fcrger:in gebraucht. B\u00fcrger:innen setzen mit ihrer Wahlentscheidung und ihrem gesellschaftlichen Engagement klare Zeichen, in welche Richtung die Politik gehen soll. Sie k\u00f6nnen w\u00e4hlen gehen und sich gesellschaftlich in ihrer Freizeit f\u00fcr Klima und Artenschutz engagieren. <\/p>\n\n\n\n<p><\/p>\n\n\n\n<p>Unser Angebot zur Aktivierung von B\u00fcrger:innen richtet sich an politische Entscheidungstr\u00e4ger:innen und Ministerien, aber auch NGOs und Bildungseinrichtungen. Es umfasst unter anderem Trainings und Workshops, um B\u00fcrger:innen f\u00fcr komplexe Fragen der Nachhaltigkeit mitzunehmen, sie zu begeistern und zu inspirieren sowie zum Handeln zu empowern.<\/p>\n<\/blockquote>\n\n\n\n<div style=\"height:100px\" aria-hidden=\"true\" class=\"wp-block-spacer\"><\/div>\n\n\n\n<figure class=\"wp-block-image alignfull size-large\"><img loading=\"lazy\" decoding=\"async\" width=\"1920\" height=\"1080\" src=\"https:\/\/climatemind.de\/wp-content\/uploads\/2023\/07\/ev-C7h_31Lz16Y-unsplash-edited.jpg\" alt=\"\" class=\"wp-image-5741\" srcset=\"https:\/\/climatemind.de\/wp-content\/uploads\/2023\/07\/ev-C7h_31Lz16Y-unsplash-edited.jpg 1920w, https:\/\/climatemind.de\/wp-content\/uploads\/2023\/07\/ev-C7h_31Lz16Y-unsplash-edited-1280x720.jpg 1280w, https:\/\/climatemind.de\/wp-content\/uploads\/2023\/07\/ev-C7h_31Lz16Y-unsplash-edited-980x551.jpg 980w, https:\/\/climatemind.de\/wp-content\/uploads\/2023\/07\/ev-C7h_31Lz16Y-unsplash-edited-480x270.jpg 480w\" sizes=\"(min-width: 0px) and (max-width: 480px) 480px, (min-width: 481px) and (max-width: 980px) 980px, (min-width: 981px) and (max-width: 1280px) 1280px, (min-width: 1281px) 1920px, 100vw\" \/><\/figure>\n\n\n\n<div style=\"height:100px\" aria-hidden=\"true\" class=\"wp-block-spacer\"><\/div>\n\n\n\n<h2 class=\"wp-block-heading\">Ihre Challenges<\/h2>\n\n\n\n<blockquote class=\"wp-block-quote is-layout-flow wp-block-quote-is-layout-flow\">\n<p>Was sind Ihre gr\u00f6\u00dften Herausforderungen im Klimaschutz?<\/p>\n<\/blockquote>\n\n\n\n<div class=\"wp-block-columns alignwide is-layout-flex wp-container-core-columns-is-layout-829b1d53 wp-block-columns-is-layout-flex\" style=\"margin-bottom:0\">\n<div class=\"wp-block-column has-text-color has-background has-link-color wp-elements-35328b7eecfa07bd3db5f5cc2f9d1079 is-layout-flow wp-block-column-is-layout-flow\" style=\"color:#000000;background-color:#f0f39d;padding-top:2em;padding-right:2em;padding-bottom:2em;padding-left:2em\">\n<h2 class=\"wp-block-heading\" id=\"family\" style=\"font-size:40px\"><strong>Konflikte<\/strong><\/h2>\n\n\n\n<p class=\"has-normal-font-size\" style=\"line-height:1.5\"><strong>Widerst\u00e4nde und Polarisierung in der Gesellschaft.<\/strong><\/p>\n\n\n\n<hr class=\"wp-block-separator has-css-opacity is-style-wide\"\/>\n\n\n\n<p class=\"has-normal-font-size\" style=\"line-height:1.5\">Die Stimmung ist rau. Beim Thema Klima und Biodiversit\u00e4t kommt es zu polarisierenden Schlagzeilen und verh\u00e4rteten Fronten, die ein gemeinsames Vorangehen der n\u00f6tigen politischen Schritte blockieren. Sie sto\u00dfen mit Ihrer Kommunikation an Ihre Grenzen.<\/p>\n<\/div>\n\n\n\n<div class=\"wp-block-column has-text-color has-background has-link-color wp-elements-16853dca78541d8317d84c324d7055c4 is-layout-flow wp-block-column-is-layout-flow\" style=\"color:#000000;background-color:#f0f39d;padding-top:2em;padding-right:2em;padding-bottom:2em;padding-left:2em\">\n<h2 class=\"wp-block-heading\" id=\"family\" style=\"font-size:40px\">Inaktivit\u00e4t<\/h2>\n\n\n\n<p class=\"has-normal-font-size\" style=\"line-height:1.5\"><strong>Wenig nachhaltige politische Entscheidungen und Verantwortungs\u00fcbernahme bei B\u00fcrger:innen.<\/strong><\/p>\n\n\n\n<hr class=\"wp-block-separator has-css-opacity is-style-wide\"\/>\n\n\n\n<p class=\"has-normal-font-size\" style=\"line-height:1.5\">Sie wenden viele Ressourcen auf, um B\u00fcrger:innen dazu zu bringen, klimafreundlich zu w\u00e4hlen und sich mehr ehrenamtlich f\u00fcrs Klima einzubringen. Ihre Angebote werden jedoch nicht wie gew\u00fcnscht angenommen.<\/p>\n<\/div>\n\n\n\n<div class=\"wp-block-column has-text-color has-background has-link-color wp-elements-020a28fdb4b5bdac3cc8bf7b6b43a339 is-layout-flow wp-block-column-is-layout-flow\" style=\"color:#000000;background-color:#f0f39d;padding-top:2em;padding-right:2em;padding-bottom:2em;padding-left:2em\">\n<h2 class=\"wp-block-heading\" id=\"family\" style=\"font-size:40px\">Geringe Akzeptanz<\/h2>\n\n\n\n<p class=\"has-normal-font-size\"><strong>Mangel an gesellschaftlicher Akzeptanz f\u00fcr Ma\u00dfnahmen zu Klima und Biodiversit\u00e4t.<\/strong><\/p>\n\n\n\n<hr class=\"wp-block-separator has-css-opacity is-style-wide\"\/>\n\n\n\n<p class=\"has-normal-font-size\" style=\"line-height:1.5\">Sie stehen unter Druck, schnell politische Ma\u00dfnahmen zu entwickeln, die auf Anklang in der Bev\u00f6lkerung sto\u00dfen. Die bisherigen Gesetze oder die Kommunikation der Gesetze sto\u00dfen auf gro\u00dfe Kritik &#8211; oder werden abgelehnt.<\/p>\n<\/div>\n<\/div>\n\n\n\n<div style=\"height:100px\" aria-hidden=\"true\" class=\"wp-block-spacer\"><\/div>\n\n\n\n<h2 class=\"wp-block-heading\">Ihr Nutzen<\/h2>\n\n\n\n<blockquote class=\"wp-block-quote is-layout-flow wp-block-quote-is-layout-flow\">\n<p>Was ist Ihr Mehrwert, wenn Sie mit uns zusammenarbeiten?<\/p>\n<\/blockquote>\n\n\n\n<div class=\"wp-block-columns alignwide is-layout-flex wp-container-core-columns-is-layout-829b1d53 wp-block-columns-is-layout-flex\" style=\"margin-bottom:0\">\n<div class=\"wp-block-column has-text-color has-background has-link-color wp-elements-fa6d6bbd848b3c7c263b8056cb48dcc5 is-layout-flow wp-block-column-is-layout-flow\" style=\"color:#000000;background-color:#b9e886;padding-top:2em;padding-right:2em;padding-bottom:2em;padding-left:2em\">\n<h2 class=\"wp-block-heading\" id=\"family\" style=\"font-size:40px\">Begeisterung<\/h2>\n\n\n\n<p class=\"has-normal-font-size\" style=\"line-height:1.5\"><strong>Nachhaltigkeits-freundliches Klima in der Gesellschaft schaffen.<\/strong><\/p>\n\n\n\n<hr class=\"wp-block-separator has-css-opacity is-style-wide\"\/>\n\n\n\n<p class=\"has-normal-font-size\" style=\"line-height:1.5\">Sie schaffen eine positive Stimmung f\u00fcr Nachhaltigkeit unter allen B\u00fcrger:innen. Eine Gesellschaft, in der B\u00fcrger:innen gerne selbst anpacken m\u00f6chten.<\/p>\n<\/div>\n\n\n\n<div class=\"wp-block-column has-text-color has-background has-link-color wp-elements-fa722b000edb597704e47fd0b793a3a1 is-layout-flow wp-block-column-is-layout-flow\" style=\"color:#000000;background-color:#b9e886;padding-top:2em;padding-right:2em;padding-bottom:2em;padding-left:2em\">\n<h2 class=\"wp-block-heading\" id=\"family\" style=\"font-size:40px\"><strong>Bewegung<\/strong><\/h2>\n\n\n\n<p class=\"has-normal-font-size\" style=\"line-height:1.5\"><strong>Kollektive Bewegung von B\u00fcrger:innen erm\u00f6glichen und best\u00e4rken.<\/strong><\/p>\n\n\n\n<hr class=\"wp-block-separator has-css-opacity is-style-wide\"\/>\n\n\n\n<p class=\"has-normal-font-size\" style=\"line-height:1.5\">Sie schaffen R\u00e4ume, in denen sich B\u00fcrger:innen an politischen Entscheidungen zu Klima und Biodiversit\u00e4t beteiligen k\u00f6nnen. Die B\u00fcrger:innen sind zufriedener und erleben ihre eigene Wirksamkeit.<\/p>\n<\/div>\n\n\n\n<div class=\"wp-block-column has-text-color has-background has-link-color wp-elements-1633fdcaa96f40fc12d494d51e2d33f6 is-layout-flow wp-block-column-is-layout-flow\" style=\"color:#000000;background-color:#b9e886;padding-top:2em;padding-right:2em;padding-bottom:2em;padding-left:2em\">\n<h2 class=\"wp-block-heading\" id=\"family\" style=\"font-size:40px\">Breite Akzeptanz<\/h2>\n\n\n\n<p class=\"has-normal-font-size\"><strong>Gro\u00dfe Zufriedenheit und Resonanz bei Ma\u00dfnahmen zu Klima und Biodiversit\u00e4t.<\/strong><\/p>\n\n\n\n<hr class=\"wp-block-separator has-css-opacity is-style-wide\"\/>\n\n\n\n<p class=\"has-normal-font-size\" style=\"line-height:1.5\">Mit Ma\u00dfnahmen, die den n\u00f6tigen Klima-Impact haben und gleichzeitig auf Akzeptanz bei B\u00fcrger:innen sto\u00dfen, kommen Sie politisch schneller ans Ziel.<\/p>\n<\/div>\n<\/div>\n\n\n\n<div style=\"height:100px\" aria-hidden=\"true\" class=\"wp-block-spacer\"><\/div>\n\n\n\n<div class=\"wp-block-columns is-layout-flex wp-container-core-columns-is-layout-9d6595d7 wp-block-columns-is-layout-flex\">\n<div class=\"wp-block-column is-layout-flow wp-block-column-is-layout-flow\">\n<figure class=\"wp-block-image size-large is-style-default\"><img loading=\"lazy\" decoding=\"async\" width=\"1500\" height=\"2400\" src=\"https:\/\/climatemind.de\/wp-content\/uploads\/2023\/04\/joshua-hibbert-Pn6iimgM-wo-unsplash-edited-3.jpg\" alt=\"\" class=\"wp-image-5423\" srcset=\"https:\/\/climatemind.de\/wp-content\/uploads\/2023\/04\/joshua-hibbert-Pn6iimgM-wo-unsplash-edited-3.jpg 1500w, https:\/\/climatemind.de\/wp-content\/uploads\/2023\/04\/joshua-hibbert-Pn6iimgM-wo-unsplash-edited-3-1280x2048.jpg 1280w, https:\/\/climatemind.de\/wp-content\/uploads\/2023\/04\/joshua-hibbert-Pn6iimgM-wo-unsplash-edited-3-980x1568.jpg 980w, https:\/\/climatemind.de\/wp-content\/uploads\/2023\/04\/joshua-hibbert-Pn6iimgM-wo-unsplash-edited-3-480x768.jpg 480w\" sizes=\"(min-width: 0px) and (max-width: 480px) 480px, (min-width: 481px) and (max-width: 980px) 980px, (min-width: 981px) and (max-width: 1280px) 1280px, (min-width: 1281px) 1500px, 100vw\" \/><\/figure>\n<\/div>\n\n\n\n<div class=\"wp-block-column is-layout-flow wp-block-column-is-layout-flow\">\n<h2 class=\"wp-block-heading\">Ihre Vorteile<\/h2>\n\n\n\n<blockquote class=\"wp-block-quote is-layout-flow wp-block-quote-is-layout-flow\">\n<p>Was macht ClimateMind ganz besonders?<\/p>\n<\/blockquote>\n\n\n\n<p><\/p>\n\n\n\n<p><strong>Viel Erfahrung mit Kampagnen und Bildung:<\/strong> Sie werden begleitet von einem Team, das seit Jahren zwischen Politik und Zivilgesellschaft arbeitet. Wir haben bereits gro\u00dfe Online-Kampagnen zu Klimaschutz psychologisch beraten und  umgesetzt. <\/p>\n\n\n\n<p><strong>Verst\u00e4ndnis f\u00fcr alle Zielgruppen: <\/strong>Unser Team arbeitet mit Kund:innen aus Unternehmen, Politik, Verwaltung, NGOs, Klimabewegung, Kirche und Medien. Wenn Sie zum Ziel haben, mal neue Menschen in der Gesellschaft zu erreichen, sind wir genau die richtigen f\u00fcr Sie!<\/p>\n\n\n\n<p><strong>Von \u00fcberall und jederzeit: <\/strong>Mit den Online-Selbstlernkursen bilden sich alle Ihre Mitarbeitenden in Parteien\/Fraktionen, Ministerien und NGOs gleichzeitig und flexibel weiter. Wir stellen unsere Lernplattform zur Verf\u00fcgung oder entwickeln Online-Kurse f\u00fcr Ihre Lernumgebung.<\/p>\n\n\n\n<p><strong>Alles aus einer Hand:<\/strong> Unsere verschiedenen Formate greifen ineinander, erg\u00e4nzen sich und sichern so einen langfristigen Erfolg.<\/p>\n\n\n\n<p><strong>Wissenschaftliche Fundierung: <\/strong>Unsere L\u00f6sungen beruhen auf aktueller psychologischer Forschung der aus der Politischen Psychologie, Organisationspsychologie, Verhaltens\u00f6konomik und Klimapsychologie.<\/p>\n<\/div>\n<\/div>\n\n\n\n<div style=\"height:100px\" aria-hidden=\"true\" class=\"wp-block-spacer\"><\/div>\n\n\n\n<h2 class=\"wp-block-heading\">Unsere Expertise<\/h2>\n\n\n\n<blockquote class=\"wp-block-quote is-layout-flow wp-block-quote-is-layout-flow\">\n<p>Welche Klima-Challenge m\u00f6chten Sie als N\u00e4chstes angehen?<\/p>\n<\/blockquote>\n\n\n\n<div class=\"wp-block-columns is-layout-flex wp-container-core-columns-is-layout-9d6595d7 wp-block-columns-is-layout-flex\">\n<div class=\"wp-block-column is-layout-flow wp-block-column-is-layout-flow\" style=\"flex-basis:100%\">\n<div class=\"wp-block-columns is-layout-flex wp-container-core-columns-is-layout-9d6595d7 wp-block-columns-is-layout-flex\">\n<div class=\"wp-block-column is-layout-flow wp-block-column-is-layout-flow\" style=\"flex-basis:33.33%\">\n<h3 class=\"wp-block-heading\">#1 Gro\u00dfe Kommunikations-Kampagnen<\/h3>\n<\/div>\n\n\n\n<div class=\"wp-block-column is-layout-flow wp-block-column-is-layout-flow\" style=\"flex-basis:66.66%\">\n<p>Diese Kompetenzen st\u00e4rken Sie:<\/p>\n\n\n\n<ul class=\"wp-block-list\">\n<li>Empathie mit verschiedenen Klima-Typen in der Gesellschaft f\u00fchlen<\/li>\n\n\n\n<li>Kampagnen passend zu Klima-Typen entwickeln<\/li>\n\n\n\n<li>Kommunikation auf die Werte der Klima-Typen ausrichten<\/li>\n\n\n\n<li>Passende Geschichten f\u00fcr die Klima-Typen erz\u00e4hlen<\/li>\n<\/ul>\n\n\n\n<p>Diese Fragen vertiefen Sie:<\/p>\n\n\n\n<p><\/p>\n\n\n\n<ul class=\"wp-block-list\">\n<li>Wie kann ich alle Menschen in der Gesellschaft f\u00fcr Nachhaltigkeit erfolgreich informieren, motivieren und mobilisieren?<\/li>\n\n\n\n<li>Welche Motive und Barrieren beeinflussen das Handeln der Menschen in der Gesellschaft f\u00fcr Nachhaltigkeit?<\/li>\n<\/ul>\n\n\n\n<figure class=\"wp-block-image size-large is-resized\"><img decoding=\"async\" src=\"https:\/\/climatemind.de\/wp-content\/uploads\/2023\/07\/brands-people-8ryz8T0bWx4-unsplash-edited.jpg\" alt=\"\" class=\"wp-image-5736\" width=\"512\" srcset=\"https:\/\/climatemind.de\/wp-content\/uploads\/2023\/07\/brands-people-8ryz8T0bWx4-unsplash-edited.jpg 1748w, https:\/\/climatemind.de\/wp-content\/uploads\/2023\/07\/brands-people-8ryz8T0bWx4-unsplash-edited-1280x959.jpg 1280w, https:\/\/climatemind.de\/wp-content\/uploads\/2023\/07\/brands-people-8ryz8T0bWx4-unsplash-edited-980x734.jpg 980w, https:\/\/climatemind.de\/wp-content\/uploads\/2023\/07\/brands-people-8ryz8T0bWx4-unsplash-edited-480x360.jpg 480w\" sizes=\"(min-width: 0px) and (max-width: 480px) 480px, (min-width: 481px) and (max-width: 980px) 980px, (min-width: 981px) and (max-width: 1280px) 1280px, (min-width: 1281px) 1748px, 100vw\" \/><\/figure>\n<\/div>\n<\/div>\n<\/div>\n<\/div>\n\n\n\n<div class=\"wp-block-columns is-layout-flex wp-container-core-columns-is-layout-9d6595d7 wp-block-columns-is-layout-flex\">\n<div class=\"wp-block-column is-layout-flow wp-block-column-is-layout-flow\" style=\"flex-basis:33.33%\">\n<h3 class=\"wp-block-heading\">#2 B\u00fcrger:innen-Beteiligung<\/h3>\n<\/div>\n\n\n\n<div class=\"wp-block-column is-layout-flow wp-block-column-is-layout-flow\" style=\"flex-basis:66.66%\">\n<p>Diese Kompetenzen st\u00e4rken Sie:<\/p>\n\n\n\n<ul class=\"wp-block-list\">\n<li>Partizipative R\u00e4ume gestalten, die zum Austausch \u00fcber Klimaschutz einladen<\/li>\n\n\n\n<li>Interessierte Menschen f\u00fcrs Mitmachen f\u00fcr Klimaschutz erfolgreich einladen<\/li>\n\n\n\n<li>Entt\u00e4uschten Menschen wieder das Gef\u00fchl geben, dass wir uns f\u00fcr sie interessieren<\/li>\n<\/ul>\n\n\n\n<p>Diese Fragen vertiefen Sie:<\/p>\n\n\n\n<p><\/p>\n\n\n\n<ul class=\"wp-block-list\">\n<li>Wann beteiligen sich B\u00fcrger:innen an politischen Prozessen, wann halten sie sich von politischen Mitgestaltungsm\u00f6glichkeiten fern?<\/li>\n\n\n\n<li>Was ist f\u00fcr erfolgreiche B\u00fcrger:innen-Beteiligung zu Klimaschutz zu beachten?<\/li>\n<\/ul>\n\n\n\n<figure class=\"wp-block-image size-large is-resized\"><img decoding=\"async\" src=\"https:\/\/climatemind.de\/wp-content\/uploads\/2023\/07\/tobias-Jt7g-kY5TGw-unsplash-edited.jpg\" alt=\"\" class=\"wp-image-5739\" width=\"512\" srcset=\"https:\/\/climatemind.de\/wp-content\/uploads\/2023\/07\/tobias-Jt7g-kY5TGw-unsplash-edited.jpg 1708w, https:\/\/climatemind.de\/wp-content\/uploads\/2023\/07\/tobias-Jt7g-kY5TGw-unsplash-edited-1280x959.jpg 1280w, https:\/\/climatemind.de\/wp-content\/uploads\/2023\/07\/tobias-Jt7g-kY5TGw-unsplash-edited-980x734.jpg 980w, https:\/\/climatemind.de\/wp-content\/uploads\/2023\/07\/tobias-Jt7g-kY5TGw-unsplash-edited-480x360.jpg 480w\" sizes=\"(min-width: 0px) and (max-width: 480px) 480px, (min-width: 481px) and (max-width: 980px) 980px, (min-width: 981px) and (max-width: 1280px) 1280px, (min-width: 1281px) 1708px, 100vw\" \/><\/figure>\n<\/div>\n<\/div>\n\n\n\n<div class=\"wp-block-columns is-layout-flex wp-container-core-columns-is-layout-9d6595d7 wp-block-columns-is-layout-flex\">\n<div class=\"wp-block-column is-layout-flow wp-block-column-is-layout-flow\" style=\"flex-basis:33.33%\">\n<h3 class=\"wp-block-heading\">#3 Innovative, immersive Bildungsangebote<\/h3>\n<\/div>\n\n\n\n<div class=\"wp-block-column is-layout-flow wp-block-column-is-layout-flow\" style=\"flex-basis:66.66%\">\n<p>Diese Kompetenzen st\u00e4rken Sie:<\/p>\n\n\n\n<ul class=\"wp-block-list\">\n<li>Bestehende Bildungsangebote auf neue Zielgruppen ausrichten &#8211; z.B. Zweifelnde, weniger Interessierte, sehr junge oder alte Menschen<\/li>\n\n\n\n<li>Aktivierende Bildungsangebote entwickeln &#8211; ob ganze Museen, neue Ausstellungen, einzelne Infomaterialien oder interaktiven Websites<\/li>\n\n\n\n<li>Strategie des eigenen Bildungsansatzes auf der Basis von psychologischen Erkenntnsisen weiterentwickeln und verbessern<\/li>\n<\/ul>\n\n\n\n<p>Diese Fragen vertiefen Sie:<\/p>\n\n\n\n<p><\/p>\n\n\n\n<ul class=\"wp-block-list\">\n<li>Was genau bedeutet &#8220;Bildung f\u00fcr Nachhaltige Entwicklung&#8221;?<\/li>\n\n\n\n<li>Wie geht Bildung, die vom Wissen zum Handeln begleitet?<\/li>\n\n\n\n<li>Wie kann Bildung es schaffen, dass Menschen nicht nur ihren Fu\u00dfabdruck reduzieren, sondern auch ihren Handabdruck vergr\u00f6\u00dfern?<\/li>\n\n\n\n<li>Wie k\u00f6nnen Bildungseinrichtungen dazu beitragen, soziale Kipppunkte f\u00fcr Klima-Empowerment in der Gesellschaft anzusto\u00dfen?<\/li>\n<\/ul>\n\n\n\n<figure class=\"wp-block-image size-large is-resized\"><img decoding=\"async\" src=\"https:\/\/climatemind.de\/wp-content\/uploads\/2023\/07\/lucrezia-carnelos-IMUwe-p1yqs-unsplash-1024x768.jpg\" alt=\"\" class=\"wp-image-5738\" width=\"512\" srcset=\"https:\/\/climatemind.de\/wp-content\/uploads\/2023\/07\/lucrezia-carnelos-IMUwe-p1yqs-unsplash-980x735.jpg 980w, https:\/\/climatemind.de\/wp-content\/uploads\/2023\/07\/lucrezia-carnelos-IMUwe-p1yqs-unsplash-480x360.jpg 480w\" sizes=\"(min-width: 0px) and (max-width: 480px) 480px, (min-width: 481px) and (max-width: 980px) 980px, (min-width: 981px) 1024px, 100vw\" \/><\/figure>\n<\/div>\n<\/div>\n\n\n\n<div style=\"height:100px\" aria-hidden=\"true\" class=\"wp-block-spacer\"><\/div>\n\n\n\n<h2 class=\"wp-block-heading\">Unsere L\u00f6sungen<\/h2>\n\n\n\n<blockquote class=\"wp-block-quote is-layout-flow wp-block-quote-is-layout-flow\">\n<p>Welches Format passt am besten zu Ihrer Klima-Challenge?<\/p>\n<\/blockquote>\n\n\n\n<div class=\"wp-block-columns alignwide is-layout-flex wp-container-core-columns-is-layout-829b1d53 wp-block-columns-is-layout-flex\" style=\"margin-bottom:0\">\n<div class=\"wp-block-column has-text-color has-background has-link-color wp-elements-13730acf7b243ea99cddad13f31aebfe is-layout-flow wp-block-column-is-layout-flow\" style=\"color:#000000;background-color:#f0f39d;padding-top:2em;padding-right:2em;padding-bottom:2em;padding-left:2em\">\n<h2 class=\"wp-block-heading\" id=\"family\" style=\"font-size:40px\">Trainings<\/h2>\n\n\n\n<p class=\"has-normal-font-size\" style=\"line-height:1.5\"><strong>Trainieren Sie in 2 Tagen, wie Sie B\u00fcrger:innen zum Klimaschutz empowern k\u00f6nnen.<\/strong><\/p>\n\n\n\n<hr class=\"wp-block-separator has-css-opacity is-style-wide\"\/>\n\n\n\n<ul class=\"has-normal-font-size wp-block-list\">\n<li>Kleine Gruppe von maximal 12 Teilnehmenden<\/li>\n\n\n\n<li>2 Trainer:innen, innovative Methoden, hochkar\u00e4tige Expert:innen und G\u00e4ste<\/li>\n<\/ul>\n<\/div>\n\n\n\n<div class=\"wp-block-column has-text-color has-background has-link-color wp-elements-44f01dd907ed0c47c63216d1b0aa276c is-layout-flow wp-block-column-is-layout-flow\" style=\"color:#000000;background-color:#f0f39d;padding-top:2em;padding-right:2em;padding-bottom:2em;padding-left:2em\">\n<h2 class=\"wp-block-heading\" id=\"family\" style=\"font-size:40px\">Workshops<\/h2>\n\n\n\n<p class=\"has-normal-font-size\" style=\"line-height:1.5\"><strong>Entdecken Sie neue psychologisch-fundierte Ideen und L\u00f6sungen zu Kampagnen, Beteiligung und Bildung<\/strong>.<\/p>\n\n\n\n<hr class=\"wp-block-separator has-css-opacity is-style-wide\"\/>\n\n\n\n<ul class=\"has-normal-font-size wp-block-list\">\n<li>Kleine Gruppe von maximal 12 Teilnehmenden<\/li>\n\n\n\n<li>2 Workshop-Leiter:innen moderieren den Gruppenprozess<\/li>\n<\/ul>\n<\/div>\n\n\n\n<div class=\"wp-block-column has-text-color has-background has-link-color wp-elements-09429ebb8e34e0640796b9277327f85d is-layout-flow wp-block-column-is-layout-flow\" style=\"color:#000000;background-color:#f0f39d;padding-top:2em;padding-right:2em;padding-bottom:2em;padding-left:2em\">\n<h2 class=\"wp-block-heading\" id=\"family\" style=\"font-size:40px\">Tools &amp; Online-Kurse<\/h2>\n\n\n\n<p class=\"has-normal-font-size\"><strong>St\u00e4rken Sie die Empowerment-Kompetenzen bei Ihren Mitarbeitenden und den B\u00fcrger:innen.<\/strong><\/p>\n\n\n\n<hr class=\"wp-block-separator has-css-opacity is-style-wide\"\/>\n\n\n\n<ul class=\"has-normal-font-size wp-block-list\">\n<li>Ma\u00dfgeschneiderte Online-Selbstlernkurse f\u00fcr alle Mitarbeitenden (z.B. zu Kampagnen)<\/li>\n\n\n\n<li>Ma\u00dfgeschneiderte Tools und Challenges f\u00fcr B\u00fcrger:innen<\/li>\n\n\n\n<li>Ma\u00dfgeschneiderten Nudging-Tools zum Aufbau von Gewohnheiten<\/li>\n<\/ul>\n<\/div>\n<\/div>\n\n\n\n<div style=\"height:100px\" aria-hidden=\"true\" class=\"wp-block-spacer\"><\/div>\n\n\n\n<h2 class=\"wp-block-heading\">Jede Klimaschutz-Challenge ist anders.<\/h2>\n\n\n\n<p><\/p>\n\n\n\n<p><\/p>\n\n\n\n<div class=\"wp-block-columns is-layout-flex wp-container-core-columns-is-layout-9d6595d7 wp-block-columns-is-layout-flex\">\n<div class=\"wp-block-column is-layout-flow wp-block-column-is-layout-flow\" style=\"flex-basis:33.33%\">\n<figure class=\"wp-block-image size-large is-resized is-style-rounded\"><img loading=\"lazy\" decoding=\"async\" src=\"https:\/\/climatemind.de\/wp-content\/uploads\/2023\/04\/2022_10_07_SIA-8-3-edited-scaled.jpg\" alt=\"\" class=\"wp-image-5402\" width=\"500\" height=\"500\"\/><\/figure>\n<\/div>\n\n\n\n<div class=\"wp-block-column is-layout-flow wp-block-column-is-layout-flow\" style=\"flex-basis:66.66%\">\n<p><\/p>\n\n\n\n<p><\/p>\n\n\n\n<p><\/p>\n\n\n\n<h3 class=\"wp-block-heading\">Sie haben hier noch nicht die perfekte L\u00f6sung gefunden, die Sie brauchen?<\/h3>\n\n\n\n<h3 class=\"wp-block-heading\">Wir lieben es, genau die L\u00f6sungen zu entwickeln, die Sie brauchen, um Ihren Impact zu st\u00e4rken.<\/h3>\n<\/div>\n<\/div>\n\n\n\n<div class=\"wp-block-columns is-layout-flex wp-container-core-columns-is-layout-9d6595d7 wp-block-columns-is-layout-flex\">\n<div class=\"wp-block-column is-layout-flow wp-block-column-is-layout-flow\" style=\"flex-basis:66.66%\">\n<h3 class=\"wp-block-heading\">Wir freuen uns auf Ihre Mail!<\/h3>\n\n\n\n<p><\/p>\n\n\n\n<div class=\"wp-block-buttons is-content-justification-left is-layout-flex wp-container-core-buttons-is-layout-fdcfc74e wp-block-buttons-is-layout-flex\" id=\"mail@climatemind.de\">\n<div class=\"wp-block-button is-style-fill\"><a class=\"wp-block-button__link has-text-color has-background wp-element-button\" href=\"mailto:mail@climatemind.de\" style=\"color:#2a2a72;background-color:#e6ec35\" target=\"_blank\" rel=\"mail@climatemind.de noopener\"><strong>mail@climatemind.de \u2192<\/strong><\/a><\/div>\n<\/div>\n<\/div>\n\n\n\n<div class=\"wp-block-column is-layout-flow wp-block-column-is-layout-flow\" style=\"flex-basis:33.33%\">\n<div style=\"height:100px\" aria-hidden=\"true\" class=\"wp-block-spacer\"><\/div>\n<\/div>\n<\/div>\n\n\n\n<p><\/p>\n<span class=\"et_bloom_bottom_trigger\"><\/span>","protected":false},"excerpt":{"rendered":"<p>ClimateMind hilft Ihrem Team dabei, B\u00fcrger:innen in ihrem Klimaschutz-Handeln durch Kommunikationskampagnen, Beteiligung und Bildung zu st\u00e4rken. F\u00fcr eine engagierte Zivilgesellschaft! Damit ambitionierte Klimapolitik m\u00f6glich wird, wird wirklich jede:r B\u00fcrger:in gebraucht. B\u00fcrger:innen setzen mit ihrer Wahlentscheidung und ihrem gesellschaftlichen Engagement klare Zeichen, in welche Richtung die Politik gehen soll. Sie k\u00f6nnen w\u00e4hlen gehen und sich gesellschaftlich [&hellip;]<\/p>\n","protected":false},"author":1,"featured_media":5752,"comment_status":"closed","ping_status":"closed","sticky":false,"template":"","format":"standard","meta":{"_et_pb_use_builder":"off","_et_pb_old_content":"","_et_gb_content_width":"1920","content-type":"","_uf_show_specific_survey":0,"_uf_disable_surveys":false,"footnotes":""},"categories":[25,1,44],"tags":[],"class_list":["post-5733","post","type-post","status-publish","format-standard","has-post-thumbnail","hentry","category-ngos-und-bewegungen","category-nicht-kategorisiert","category-politik-verwaltung"],"yoast_head":"<!-- This site is optimized with the Yoast SEO plugin v26.1.1 - https:\/\/yoast.com\/wordpress\/plugins\/seo\/ -->\n<title>Klima-Empowerment f\u00fcr B\u00fcrger:innen - ClimateMind<\/title>\n<meta name=\"description\" content=\"ClimateMind hilft Ihrem Team dabei, B\u00fcrger:innen in ihrem Klimaschutz-Handeln durch Kommunikationskampagnen, Beteiligung und Bildung zu st\u00e4rken.\" \/>\n<meta name=\"robots\" content=\"index, follow, max-snippet:-1, max-image-preview:large, max-video-preview:-1\" \/>\n<link rel=\"canonical\" href=\"https:\/\/climatemind.de\/en\/nicht-kategorisiert\/klima-empowerment-fuer-buergerinnen\/\" \/>\n<meta property=\"og:locale\" content=\"en_US\" \/>\n<meta property=\"og:type\" content=\"article\" \/>\n<meta property=\"og:title\" content=\"Klima-Empowerment f\u00fcr B\u00fcrger:innen\" \/>\n<meta property=\"og:description\" content=\"ClimateMind hilft Ihrem Team dabei, B\u00fcrger:innen in ihrem Klimaschutz-Handeln durch Kommunikationskampagnen, Beteiligung und Bildung zu st\u00e4rken.\" \/>\n<meta property=\"og:url\" content=\"https:\/\/climatemind.de\/en\/nicht-kategorisiert\/klima-empowerment-fuer-buergerinnen\/\" \/>\n<meta property=\"og:site_name\" content=\"ClimateMind\" \/>\n<meta property=\"article:publisher\" content=\"https:\/\/m.facebook.com\/klimapsych\/\" \/>\n<meta property=\"article:published_time\" content=\"2023-07-07T08:27:39+00:00\" \/>\n<meta property=\"article:modified_time\" content=\"2023-07-26T07:07:26+00:00\" \/>\n<meta property=\"og:image\" content=\"https:\/\/climatemind.de\/wp-content\/uploads\/2023\/07\/klima-empowerment-1.jpg\" \/>\n\t<meta property=\"og:image:width\" content=\"1200\" \/>\n\t<meta property=\"og:image:height\" content=\"627\" \/>\n\t<meta property=\"og:image:type\" content=\"image\/jpeg\" \/>\n<meta name=\"author\" content=\"admin\" \/>\n<meta name=\"twitter:card\" content=\"summary_large_image\" \/>\n<meta name=\"twitter:title\" content=\"Klima-Empowerment f\u00fcr B\u00fcrger:innen\" \/>\n<meta name=\"twitter:description\" content=\"ClimateMind hilft Ihrem Team dabei, B\u00fcrger:innen in ihrem Klimaschutz-Handeln durch Kommunikationskampagnen, Beteiligung und Bildung zu st\u00e4rken.\" \/>\n<meta name=\"twitter:image\" content=\"https:\/\/climatemind.de\/wp-content\/uploads\/2023\/07\/klima-empowerment-1.jpg\" \/>\n<meta name=\"twitter:creator\" content=\"@Climatemind_de\" \/>\n<meta name=\"twitter:site\" content=\"@Climatemind_de\" \/>\n<meta name=\"twitter:label1\" content=\"Written by\" \/>\n\t<meta name=\"twitter:data1\" content=\"admin\" \/>\n\t<meta name=\"twitter:label2\" content=\"Est. reading time\" \/>\n\t<meta name=\"twitter:data2\" content=\"6 minutes\" \/>\n<script type=\"application\/ld+json\" class=\"yoast-schema-graph\">{\"@context\":\"https:\/\/schema.org\",\"@graph\":[{\"@type\":\"WebPage\",\"@id\":\"https:\/\/climatemind.de\/en\/nicht-kategorisiert\/klima-empowerment-fuer-buergerinnen\/\",\"url\":\"https:\/\/climatemind.de\/en\/nicht-kategorisiert\/klima-empowerment-fuer-buergerinnen\/\",\"name\":\"Klima-Empowerment f\u00fcr B\u00fcrger:innen - ClimateMind\",\"isPartOf\":{\"@id\":\"https:\/\/climatemind.de\/en\/#website\"},\"primaryImageOfPage\":{\"@id\":\"https:\/\/climatemind.de\/en\/nicht-kategorisiert\/klima-empowerment-fuer-buergerinnen\/#primaryimage\"},\"image\":{\"@id\":\"https:\/\/climatemind.de\/en\/nicht-kategorisiert\/klima-empowerment-fuer-buergerinnen\/#primaryimage\"},\"thumbnailUrl\":\"https:\/\/climatemind.de\/wp-content\/uploads\/2023\/07\/klima-empowerment.jpg\",\"datePublished\":\"2023-07-07T08:27:39+00:00\",\"dateModified\":\"2023-07-26T07:07:26+00:00\",\"author\":{\"@id\":\"https:\/\/climatemind.de\/en\/#\/schema\/person\/b9fd36b3699cd52c079361f449e222f4\"},\"description\":\"ClimateMind hilft Ihrem Team dabei, B\u00fcrger:innen in ihrem Klimaschutz-Handeln durch Kommunikationskampagnen, Beteiligung und Bildung zu st\u00e4rken.\",\"breadcrumb\":{\"@id\":\"https:\/\/climatemind.de\/en\/nicht-kategorisiert\/klima-empowerment-fuer-buergerinnen\/#breadcrumb\"},\"inLanguage\":\"en-US\",\"potentialAction\":[{\"@type\":\"ReadAction\",\"target\":[\"https:\/\/climatemind.de\/en\/nicht-kategorisiert\/klima-empowerment-fuer-buergerinnen\/\"]}]},{\"@type\":\"ImageObject\",\"inLanguage\":\"en-US\",\"@id\":\"https:\/\/climatemind.de\/en\/nicht-kategorisiert\/klima-empowerment-fuer-buergerinnen\/#primaryimage\",\"url\":\"https:\/\/climatemind.de\/wp-content\/uploads\/2023\/07\/klima-empowerment.jpg\",\"contentUrl\":\"https:\/\/climatemind.de\/wp-content\/uploads\/2023\/07\/klima-empowerment.jpg\",\"width\":1698,\"height\":1125},{\"@type\":\"BreadcrumbList\",\"@id\":\"https:\/\/climatemind.de\/en\/nicht-kategorisiert\/klima-empowerment-fuer-buergerinnen\/#breadcrumb\",\"itemListElement\":[{\"@type\":\"ListItem\",\"position\":1,\"name\":\"Startseite\",\"item\":\"https:\/\/climatemind.de\/en\/homepage\/\"},{\"@type\":\"ListItem\",\"position\":2,\"name\":\"Klima-Empowerment f\u00fcr B\u00fcrger:innen\"}]},{\"@type\":\"WebSite\",\"@id\":\"https:\/\/climatemind.de\/en\/#website\",\"url\":\"https:\/\/climatemind.de\/en\/\",\"name\":\"ClimateMind\",\"description\":\"Psychologie f\u00fcr echte Nachhaltigkeit\",\"potentialAction\":[{\"@type\":\"SearchAction\",\"target\":{\"@type\":\"EntryPoint\",\"urlTemplate\":\"https:\/\/climatemind.de\/en\/?s={search_term_string}\"},\"query-input\":{\"@type\":\"PropertyValueSpecification\",\"valueRequired\":true,\"valueName\":\"search_term_string\"}}],\"inLanguage\":\"en-US\"},{\"@type\":\"Person\",\"@id\":\"https:\/\/climatemind.de\/en\/#\/schema\/person\/b9fd36b3699cd52c079361f449e222f4\",\"name\":\"admin\",\"image\":{\"@type\":\"ImageObject\",\"inLanguage\":\"en-US\",\"@id\":\"https:\/\/climatemind.de\/en\/#\/schema\/person\/image\/\",\"url\":\"https:\/\/secure.gravatar.com\/avatar\/fb646541bbeeb313f32e00c41399b84a188dd401b97ff03243c11927bdbabd4a?s=96&d=mm&r=g\",\"contentUrl\":\"https:\/\/secure.gravatar.com\/avatar\/fb646541bbeeb313f32e00c41399b84a188dd401b97ff03243c11927bdbabd4a?s=96&d=mm&r=g\",\"caption\":\"admin\"},\"sameAs\":[\"http:\/\/climatemind.de\"],\"url\":\"https:\/\/climatemind.de\/en\/author\/admin\/\"}]}<\/script>\n<!-- \/ Yoast SEO plugin. -->","yoast_head_json":{"title":"Klima-Empowerment f\u00fcr B\u00fcrger:innen - ClimateMind","description":"ClimateMind hilft Ihrem Team dabei, B\u00fcrger:innen in ihrem Klimaschutz-Handeln durch Kommunikationskampagnen, Beteiligung und Bildung zu st\u00e4rken.","robots":{"index":"index","follow":"follow","max-snippet":"max-snippet:-1","max-image-preview":"max-image-preview:large","max-video-preview":"max-video-preview:-1"},"canonical":"https:\/\/climatemind.de\/en\/nicht-kategorisiert\/klima-empowerment-fuer-buergerinnen\/","og_locale":"en_US","og_type":"article","og_title":"Klima-Empowerment f\u00fcr B\u00fcrger:innen","og_description":"ClimateMind hilft Ihrem Team dabei, B\u00fcrger:innen in ihrem Klimaschutz-Handeln durch Kommunikationskampagnen, Beteiligung und Bildung zu st\u00e4rken.","og_url":"https:\/\/climatemind.de\/en\/nicht-kategorisiert\/klima-empowerment-fuer-buergerinnen\/","og_site_name":"ClimateMind","article_publisher":"https:\/\/m.facebook.com\/klimapsych\/","article_published_time":"2023-07-07T08:27:39+00:00","article_modified_time":"2023-07-26T07:07:26+00:00","og_image":[{"width":1200,"height":627,"url":"https:\/\/climatemind.de\/wp-content\/uploads\/2023\/07\/klima-empowerment-1.jpg","type":"image\/jpeg"}],"author":"admin","twitter_card":"summary_large_image","twitter_title":"Klima-Empowerment f\u00fcr B\u00fcrger:innen","twitter_description":"ClimateMind hilft Ihrem Team dabei, B\u00fcrger:innen in ihrem Klimaschutz-Handeln durch Kommunikationskampagnen, Beteiligung und Bildung zu st\u00e4rken.","twitter_image":"https:\/\/climatemind.de\/wp-content\/uploads\/2023\/07\/klima-empowerment-1.jpg","twitter_creator":"@Climatemind_de","twitter_site":"@Climatemind_de","twitter_misc":{"Written by":"admin","Est. reading time":"6 minutes"},"schema":{"@context":"https:\/\/schema.org","@graph":[{"@type":"WebPage","@id":"https:\/\/climatemind.de\/en\/nicht-kategorisiert\/klima-empowerment-fuer-buergerinnen\/","url":"https:\/\/climatemind.de\/en\/nicht-kategorisiert\/klima-empowerment-fuer-buergerinnen\/","name":"Klima-Empowerment f\u00fcr B\u00fcrger:innen - ClimateMind","isPartOf":{"@id":"https:\/\/climatemind.de\/en\/#website"},"primaryImageOfPage":{"@id":"https:\/\/climatemind.de\/en\/nicht-kategorisiert\/klima-empowerment-fuer-buergerinnen\/#primaryimage"},"image":{"@id":"https:\/\/climatemind.de\/en\/nicht-kategorisiert\/klima-empowerment-fuer-buergerinnen\/#primaryimage"},"thumbnailUrl":"https:\/\/climatemind.de\/wp-content\/uploads\/2023\/07\/klima-empowerment.jpg","datePublished":"2023-07-07T08:27:39+00:00","dateModified":"2023-07-26T07:07:26+00:00","author":{"@id":"https:\/\/climatemind.de\/en\/#\/schema\/person\/b9fd36b3699cd52c079361f449e222f4"},"description":"ClimateMind hilft Ihrem Team dabei, B\u00fcrger:innen in ihrem Klimaschutz-Handeln durch Kommunikationskampagnen, Beteiligung und Bildung zu st\u00e4rken.","breadcrumb":{"@id":"https:\/\/climatemind.de\/en\/nicht-kategorisiert\/klima-empowerment-fuer-buergerinnen\/#breadcrumb"},"inLanguage":"en-US","potentialAction":[{"@type":"ReadAction","target":["https:\/\/climatemind.de\/en\/nicht-kategorisiert\/klima-empowerment-fuer-buergerinnen\/"]}]},{"@type":"ImageObject","inLanguage":"en-US","@id":"https:\/\/climatemind.de\/en\/nicht-kategorisiert\/klima-empowerment-fuer-buergerinnen\/#primaryimage","url":"https:\/\/climatemind.de\/wp-content\/uploads\/2023\/07\/klima-empowerment.jpg","contentUrl":"https:\/\/climatemind.de\/wp-content\/uploads\/2023\/07\/klima-empowerment.jpg","width":1698,"height":1125},{"@type":"BreadcrumbList","@id":"https:\/\/climatemind.de\/en\/nicht-kategorisiert\/klima-empowerment-fuer-buergerinnen\/#breadcrumb","itemListElement":[{"@type":"ListItem","position":1,"name":"Startseite","item":"https:\/\/climatemind.de\/en\/homepage\/"},{"@type":"ListItem","position":2,"name":"Klima-Empowerment f\u00fcr B\u00fcrger:innen"}]},{"@type":"WebSite","@id":"https:\/\/climatemind.de\/en\/#website","url":"https:\/\/climatemind.de\/en\/","name":"ClimateMind","description":"Psychologie f\u00fcr echte Nachhaltigkeit","potentialAction":[{"@type":"SearchAction","target":{"@type":"EntryPoint","urlTemplate":"https:\/\/climatemind.de\/en\/?s={search_term_string}"},"query-input":{"@type":"PropertyValueSpecification","valueRequired":true,"valueName":"search_term_string"}}],"inLanguage":"en-US"},{"@type":"Person","@id":"https:\/\/climatemind.de\/en\/#\/schema\/person\/b9fd36b3699cd52c079361f449e222f4","name":"admin","image":{"@type":"ImageObject","inLanguage":"en-US","@id":"https:\/\/climatemind.de\/en\/#\/schema\/person\/image\/","url":"https:\/\/secure.gravatar.com\/avatar\/fb646541bbeeb313f32e00c41399b84a188dd401b97ff03243c11927bdbabd4a?s=96&d=mm&r=g","contentUrl":"https:\/\/secure.gravatar.com\/avatar\/fb646541bbeeb313f32e00c41399b84a188dd401b97ff03243c11927bdbabd4a?s=96&d=mm&r=g","caption":"admin"},"sameAs":["http:\/\/climatemind.de"],"url":"https:\/\/climatemind.de\/en\/author\/admin\/"}]}},"_links":{"self":[{"href":"https:\/\/climatemind.de\/en\/wp-json\/wp\/v2\/posts\/5733","targetHints":{"allow":["GET"]}}],"collection":[{"href":"https:\/\/climatemind.de\/en\/wp-json\/wp\/v2\/posts"}],"about":[{"href":"https:\/\/climatemind.de\/en\/wp-json\/wp\/v2\/types\/post"}],"author":[{"embeddable":true,"href":"https:\/\/climatemind.de\/en\/wp-json\/wp\/v2\/users\/1"}],"replies":[{"embeddable":true,"href":"https:\/\/climatemind.de\/en\/wp-json\/wp\/v2\/comments?post=5733"}],"version-history":[{"count":3,"href":"https:\/\/climatemind.de\/en\/wp-json\/wp\/v2\/posts\/5733\/revisions"}],"predecessor-version":[{"id":5814,"href":"https:\/\/climatemind.de\/en\/wp-json\/wp\/v2\/posts\/5733\/revisions\/5814"}],"wp:featuredmedia":[{"embeddable":true,"href":"https:\/\/climatemind.de\/en\/wp-json\/wp\/v2\/media\/5752"}],"wp:attachment":[{"href":"https:\/\/climatemind.de\/en\/wp-json\/wp\/v2\/media?parent=5733"}],"wp:term":[{"taxonomy":"category","embeddable":true,"href":"https:\/\/climatemind.de\/en\/wp-json\/wp\/v2\/categories?post=5733"},{"taxonomy":"post_tag","embeddable":true,"href":"https:\/\/climatemind.de\/en\/wp-json\/wp\/v2\/tags?post=5733"}],"curies":[{"name":"wp","href":"https:\/\/api.w.org\/{rel}","templated":true}]}}