{"id":5753,"date":"2025-07-01T19:41:58","date_gmt":"2025-07-01T17:41:58","guid":{"rendered":"https:\/\/climatemind.de\/?p=5753"},"modified":"2025-07-01T19:47:49","modified_gmt":"2025-07-01T17:47:49","slug":"resilienz","status":"publish","type":"post","link":"https:\/\/climatemind.de\/en\/nicht-kategorisiert\/resilienz\/","title":{"rendered":"Psychologische Resilienz f\u00fcr Klimaakteur:innen"},"content":{"rendered":"\n<p><em>Gesund engagiert bleiben \u2013 f\u00fcr mehr Wirksamkeit, Klarheit und innere St\u00e4rke.<\/em><\/p>\n\n\n\n<h3 class=\"wp-block-heading\">Warum dieses Angebot?<\/h3>\n\n\n\n<p><\/p>\n\n\n\n<blockquote class=\"wp-block-quote is-layout-flow wp-block-quote-is-layout-flow\">\n<p>Transformation ist kein Sprint, sondern ein Marathon. Viele Menschen engagieren sich mit vollem Herzen \u2013 und stehen irgendwann kurz vor dem Ausbrennen. Die psychologische F\u00e4higkeit, mit Belastung und Unsicherheit umzugehen, ist entscheidend f\u00fcr nachhaltige Wirksamkeit.<\/p>\n<\/blockquote>\n\n\n\n<p>Unsere Resilienzformate sind <strong>emotional intelligent<\/strong>, <strong>kollegial getragen<\/strong> und <strong>praktisch anwendbar<\/strong> \u2013 zugeschnitten auf die Realit\u00e4t von Klimaakteur:innen.<\/p>\n\n\n\n<p><\/p>\n\n\n\n<h3 class=\"wp-block-heading\">F\u00fcr wen ist dieses Angebot gemacht?<\/h3>\n\n\n\n<ul class=\"wp-block-list\">\n<li>NGOs und gemeinn\u00fctzige Organisationen<\/li>\n\n\n\n<li>Nachhaltigkeits- und Change-Teams in Unternehmen<\/li>\n\n\n\n<li>F\u00fchrungskr\u00e4fte und Multiplikator:innen<\/li>\n\n\n\n<li>Bildungsakteur:innen, Bewegungen und junge Engagierte<\/li>\n<\/ul>\n\n\n\n<p><\/p>\n\n\n\n<h3 class=\"wp-block-heading\">M\u00f6gliche Formate<\/h3>\n\n\n\n<p>\u2705\u202fResilienz-Trainings (1 Tag oder mehrt\u00e4gig)<\/p>\n\n\n\n<p>\u2705\u202fTeam-Retreats zur St\u00e4rkung psychologischer Ressourcen<\/p>\n\n\n\n<p>\u2705\u202fIndividuelle oder kollegiale Coachings<\/p>\n\n\n\n<p>\u2705\u202fResilienz-Checks als Einstieg oder Standortbestimmung<\/p>\n\n\n\n<p><\/p>\n\n\n\n<h3 class=\"wp-block-heading\">Typische Fragen<\/h3>\n\n\n\n<ul class=\"wp-block-list\">\n<li>Wie bleiben wir langfristig handlungsf\u00e4hig, ohne auszubrennen?<\/li>\n\n\n\n<li>Was brauchen F\u00fchrungspersonen, um auch emotional resilient zu bleiben?<\/li>\n\n\n\n<li>Wie st\u00e4rken wir die psychologische Widerstandskraft unseres Teams?<\/li>\n\n\n\n<li>Wie gehen wir mit Gef\u00fchlen von \u00dcberforderung, Ohnmacht oder Ersch\u00f6pfung um?<\/li>\n<\/ul>\n\n\n\n<p><\/p>\n\n\n\n<h3 class=\"wp-block-heading\">Inhalte (Auswahl)<\/h3>\n\n\n\n<ul class=\"wp-block-list\">\n<li>Stressregulation und Energiebilanzen verstehen<\/li>\n\n\n\n<li>Umgang mit Unsicherheit und Ambivalenz<\/li>\n\n\n\n<li>Emotionale Selbstf\u00fchrung im Alltag und im Team<\/li>\n\n\n\n<li>Pr\u00e4vention von Ersch\u00f6pfung und Burnout<\/li>\n\n\n\n<li>Ressourcen st\u00e4rken, gemeinsam Resilienz aufbauen<\/li>\n\n\n\n<li>Transfer in den individuellen oder institutionellen Alltag<\/li>\n<\/ul>\n\n\n\n<p><\/p>\n\n\n\n<h3 class=\"wp-block-heading\">Ziele<\/h3>\n\n\n\n<p>Nach dem Training oder der Beratung\u2026<\/p>\n\n\n\n<ul class=\"wp-block-list\">\n<li>kennen Teilnehmende zentrale psychologische Resilienzfaktoren<\/li>\n\n\n\n<li>erkennen sie eigene Stressmuster und Ressourcen<\/li>\n\n\n\n<li>haben sie Werkzeuge zur Selbstregulation und Teamst\u00e4rkung<\/li>\n\n\n\n<li>formulieren sie n\u00e4chste Schritte f\u00fcr gesundes Engagement<\/li>\n<\/ul>\n\n\n\n<p><\/p>\n\n\n\n<h3 class=\"wp-block-heading\">Psychologischer Hintergrund<\/h3>\n\n\n\n<p>Wir arbeiten mit Methoden aus der:<\/p>\n\n\n\n<ul class=\"wp-block-list\">\n<li><strong>Gesundheitspsychologie<\/strong><\/li>\n\n\n\n<li><strong>Emotionspsychologie<\/strong><\/li>\n\n\n\n<li><strong>Arbeitspsychologie<\/strong><\/li>\n\n\n\n<li><strong>Klimapsychologie<\/strong><\/li>\n<\/ul>\n\n\n\n<p>Zentrale Themen: <\/p>\n\n\n\n<ul class=\"wp-block-list\">\n<li>Stressregulation<\/li>\n\n\n\n<li>pr\u00e4ventive Resilienzf\u00f6rderung<\/li>\n\n\n\n<li>Umgang mit Ohnmachtsgef\u00fchlen und \u00dcberforderung in Kontexten gesellschaftlicher Transformation.<\/li>\n<\/ul>\n\n\n\n<p><\/p>\n\n\n\n<h3 class=\"wp-block-heading\">Key Facts<\/h3>\n\n\n\n<figure class=\"wp-block-table is-style-regular\"><table><tbody><tr><td>\ud83d\udccd <strong>Format:<\/strong><\/td><td>Online oder Pr\u00e4senz<\/td><\/tr><tr><td>\u23f1   <strong>Dauer:<\/strong><\/td><td>2 Stunden bis mehrt\u00e4gig<\/td><\/tr><tr><td>\ud83e\uddd1\u200d\ud83e\udd1d\u200d\ud83e\uddd1 <strong>Teilnehmende:<\/strong><\/td><td>6\u201325 Personen<\/td><\/tr><tr><td>\ud83e\udde0 <strong>Expertise:<\/strong><\/td><td>Psycholog:innen mit ClimateMind-Train-the-Trainer-Zertifikat<\/td><\/tr><tr><td>\ud83d\udcac <strong>Sprache:<\/strong><\/td><td>Deutsch oder Englisch<\/td><\/tr><\/tbody><\/table><\/figure>\n\n\n\n<p><\/p>\n\n\n\n<p><\/p>\n\n\n\n<figure class=\"wp-block-image alignfull size-large\"><img loading=\"lazy\" decoding=\"async\" width=\"1920\" height=\"1080\" src=\"https:\/\/climatemind.de\/wp-content\/uploads\/2023\/07\/loic-leray-SFBwfB0rj3Q-unsplash-edited.jpg\" alt=\"\" class=\"wp-image-5748\" srcset=\"https:\/\/climatemind.de\/wp-content\/uploads\/2023\/07\/loic-leray-SFBwfB0rj3Q-unsplash-edited.jpg 1920w, https:\/\/climatemind.de\/wp-content\/uploads\/2023\/07\/loic-leray-SFBwfB0rj3Q-unsplash-edited-1280x720.jpg 1280w, https:\/\/climatemind.de\/wp-content\/uploads\/2023\/07\/loic-leray-SFBwfB0rj3Q-unsplash-edited-980x551.jpg 980w, https:\/\/climatemind.de\/wp-content\/uploads\/2023\/07\/loic-leray-SFBwfB0rj3Q-unsplash-edited-480x270.jpg 480w\" sizes=\"(min-width: 0px) and (max-width: 480px) 480px, (min-width: 481px) and (max-width: 980px) 980px, (min-width: 981px) and (max-width: 1280px) 1280px, (min-width: 1281px) 1920px, 100vw\" \/><\/figure>\n\n\n\n<div style=\"height:100px\" aria-hidden=\"true\" class=\"wp-block-spacer\"><\/div>\n\n\n\n<div class=\"wp-block-columns is-layout-flex wp-container-core-columns-is-layout-9d6595d7 wp-block-columns-is-layout-flex\">\n<div class=\"wp-block-column is-layout-flow wp-block-column-is-layout-flow\" style=\"flex-basis:33.33%\">\n<figure class=\"wp-block-image size-large is-resized is-style-rounded\"><img loading=\"lazy\" decoding=\"async\" src=\"https:\/\/climatemind.de\/wp-content\/uploads\/2023\/04\/2022_10_07_SIA-8-3-edited-scaled.jpg\" alt=\"\" class=\"wp-image-5402\" width=\"500\" height=\"500\"\/><\/figure>\n<\/div>\n\n\n\n<div class=\"wp-block-column is-layout-flow wp-block-column-is-layout-flow\" style=\"flex-basis:66.66%\">\n<p><\/p>\n\n\n\n<p><\/p>\n\n\n\n<p><\/p>\n\n\n\n<h3 class=\"wp-block-heading\">Interesse? Lassen Sie uns sprechen.<\/h3>\n\n\n\n<p>Sie m\u00f6chten Ihr Team st\u00e4rken oder eine Einzelbegleitung buchen? Schreiben Sie uns an <a href=\"mailto:kontakt@climatemind.de\" target=\"_blank\" rel=\"noreferrer noopener\">mail@climatemind.de<\/a> oder buchen Sie direkt ein Gespr\u00e4ch:<\/p>\n\n\n\n<p>\ud83d\udc49 Termin im Kalender buchen [Link]<\/p>\n<\/div>\n<\/div>\n\n\n\n<h3 class=\"wp-block-heading\">Stimmen aus bisherigen Formaten<\/h3>\n\n\n\n<blockquote class=\"wp-block-quote is-layout-flow wp-block-quote-is-layout-flow\">\n<p>\u201eIch h\u00e4tte nie gedacht, dass ein Resilienztraining so viele Aha-Momente ausl\u00f6st \u2013 und gleichzeitig so praxisnah ist.\u201c<\/p>\n\n\n\n<p>\u2014 Teilnehmerin NGO-Training<\/p>\n<\/blockquote>\n\n\n\n<blockquote class=\"wp-block-quote is-layout-flow wp-block-quote-is-layout-flow\">\n<p>\u201eEndlich mal ein Format, das uns als Menschen in den Mittelpunkt stellt \u2013 ohne Selbstoptimierungsstress.\u201c<\/p>\n\n\n\n<p>\u2014 F\u00fchrungskraft aus Unternehmen mit Klimamandat<\/p>\n<\/blockquote>\n\n\n\n<p><\/p>\n<span class=\"et_bloom_bottom_trigger\"><\/span>","protected":false},"excerpt":{"rendered":"<p>Bleiben Sie wirksam, ohne auszubrennen: Dieses Angebot st\u00e4rkt Ihre emotionale Widerstandskraft \u2013 als Einzelperson, Team oder F\u00fchrungskraft im Klima- und Nachhaltigkeitskontext. Mit erprobten Tools aus Gesundheits- und Klimapsychologie, praxisnah und passgenau f\u00fcr Ihre Herausforderungen.<\/p>\n","protected":false},"author":1,"featured_media":5751,"comment_status":"closed","ping_status":"closed","sticky":false,"template":"","format":"standard","meta":{"_et_pb_use_builder":"off","_et_pb_old_content":"","_et_gb_content_width":"1920","content-type":"landing-page","_uf_show_specific_survey":0,"_uf_disable_surveys":false,"footnotes":""},"categories":[25,1,44,43],"tags":[70,68,69],"class_list":["post-5753","post","type-post","status-publish","format-standard","has-post-thumbnail","hentry","category-ngos-und-bewegungen","category-nicht-kategorisiert","category-politik-verwaltung","category-unternehmen","tag-burnout","tag-resilienz","tag-ressourcen"],"yoast_head":"<!-- This site is optimized with the Yoast SEO plugin v26.1.1 - https:\/\/yoast.com\/wordpress\/plugins\/seo\/ -->\n<title>Psychologische Resilienz f\u00fcr Klimaakteur:innen - ClimateMind<\/title>\n<meta name=\"description\" content=\"Psychologisches Resilienztraining f\u00fcr Klimaakteur:innen: Burnout-Pr\u00e4vention &amp; Stressbew\u00e4ltigung f\u00fcr Teams &amp; F\u00fchrungskr\u00e4fte im Nachhaltigkeitsbereich.\" \/>\n<meta name=\"robots\" content=\"index, follow, max-snippet:-1, max-image-preview:large, max-video-preview:-1\" \/>\n<link rel=\"canonical\" href=\"https:\/\/climatemind.de\/en\/nicht-kategorisiert\/resilienz\/\" \/>\n<meta property=\"og:locale\" content=\"en_US\" \/>\n<meta property=\"og:type\" content=\"article\" \/>\n<meta property=\"og:title\" content=\"Psychologische Resilienz f\u00fcr Klimaakteur:innen\" \/>\n<meta property=\"og:description\" content=\"Psychologisches Resilienztraining f\u00fcr Klimaakteur:innen: Burnout-Pr\u00e4vention &amp; Stressbew\u00e4ltigung f\u00fcr Teams &amp; F\u00fchrungskr\u00e4fte im Nachhaltigkeitsbereich.\" \/>\n<meta property=\"og:url\" content=\"https:\/\/climatemind.de\/en\/nicht-kategorisiert\/resilienz\/\" \/>\n<meta property=\"og:site_name\" content=\"ClimateMind\" \/>\n<meta property=\"article:publisher\" content=\"https:\/\/m.facebook.com\/klimapsych\/\" \/>\n<meta property=\"article:published_time\" content=\"2025-07-01T17:41:58+00:00\" \/>\n<meta property=\"article:modified_time\" content=\"2025-07-01T17:47:49+00:00\" \/>\n<meta property=\"og:image\" content=\"https:\/\/climatemind.de\/wp-content\/uploads\/2023\/07\/resilienz-2.jpg\" \/>\n\t<meta property=\"og:image:width\" content=\"1200\" \/>\n\t<meta property=\"og:image:height\" content=\"627\" \/>\n\t<meta property=\"og:image:type\" content=\"image\/jpeg\" \/>\n<meta name=\"author\" content=\"admin\" \/>\n<meta name=\"twitter:card\" content=\"summary_large_image\" \/>\n<meta name=\"twitter:title\" content=\"Psychologische Resilienz f\u00fcr Klimaakteur:innen\" \/>\n<meta name=\"twitter:description\" content=\"Psychologisches Resilienztraining f\u00fcr Klimaakteur:innen: Burnout-Pr\u00e4vention &amp; Stressbew\u00e4ltigung f\u00fcr Teams &amp; F\u00fchrungskr\u00e4fte im Nachhaltigkeitsbereich.\" \/>\n<meta name=\"twitter:image\" content=\"https:\/\/climatemind.de\/wp-content\/uploads\/2023\/07\/resilienz-2.jpg\" \/>\n<meta name=\"twitter:creator\" content=\"@Climatemind_de\" \/>\n<meta name=\"twitter:site\" content=\"@Climatemind_de\" \/>\n<meta name=\"twitter:label1\" content=\"Written by\" \/>\n\t<meta name=\"twitter:data1\" content=\"admin\" \/>\n\t<meta name=\"twitter:label2\" content=\"Est. reading time\" \/>\n\t<meta name=\"twitter:data2\" content=\"3 minutes\" \/>\n<script type=\"application\/ld+json\" class=\"yoast-schema-graph\">{\"@context\":\"https:\/\/schema.org\",\"@graph\":[{\"@type\":\"WebPage\",\"@id\":\"https:\/\/climatemind.de\/en\/nicht-kategorisiert\/resilienz\/\",\"url\":\"https:\/\/climatemind.de\/en\/nicht-kategorisiert\/resilienz\/\",\"name\":\"Psychologische Resilienz f\u00fcr Klimaakteur:innen - ClimateMind\",\"isPartOf\":{\"@id\":\"https:\/\/climatemind.de\/en\/#website\"},\"primaryImageOfPage\":{\"@id\":\"https:\/\/climatemind.de\/en\/nicht-kategorisiert\/resilienz\/#primaryimage\"},\"image\":{\"@id\":\"https:\/\/climatemind.de\/en\/nicht-kategorisiert\/resilienz\/#primaryimage\"},\"thumbnailUrl\":\"https:\/\/climatemind.de\/wp-content\/uploads\/2023\/07\/resilienz-1.jpg\",\"datePublished\":\"2025-07-01T17:41:58+00:00\",\"dateModified\":\"2025-07-01T17:47:49+00:00\",\"author\":{\"@id\":\"https:\/\/climatemind.de\/en\/#\/schema\/person\/b9fd36b3699cd52c079361f449e222f4\"},\"description\":\"Psychologisches Resilienztraining f\u00fcr Klimaakteur:innen: Burnout-Pr\u00e4vention & Stressbew\u00e4ltigung f\u00fcr Teams & F\u00fchrungskr\u00e4fte im Nachhaltigkeitsbereich.\",\"breadcrumb\":{\"@id\":\"https:\/\/climatemind.de\/en\/nicht-kategorisiert\/resilienz\/#breadcrumb\"},\"inLanguage\":\"en-US\",\"potentialAction\":[{\"@type\":\"ReadAction\",\"target\":[\"https:\/\/climatemind.de\/en\/nicht-kategorisiert\/resilienz\/\"]}]},{\"@type\":\"ImageObject\",\"inLanguage\":\"en-US\",\"@id\":\"https:\/\/climatemind.de\/en\/nicht-kategorisiert\/resilienz\/#primaryimage\",\"url\":\"https:\/\/climatemind.de\/wp-content\/uploads\/2023\/07\/resilienz-1.jpg\",\"contentUrl\":\"https:\/\/climatemind.de\/wp-content\/uploads\/2023\/07\/resilienz-1.jpg\",\"width\":1920,\"height\":1274},{\"@type\":\"BreadcrumbList\",\"@id\":\"https:\/\/climatemind.de\/en\/nicht-kategorisiert\/resilienz\/#breadcrumb\",\"itemListElement\":[{\"@type\":\"ListItem\",\"position\":1,\"name\":\"Startseite\",\"item\":\"https:\/\/climatemind.de\/en\/homepage\/\"},{\"@type\":\"ListItem\",\"position\":2,\"name\":\"Psychologische Resilienz f\u00fcr Klimaakteur:innen\"}]},{\"@type\":\"WebSite\",\"@id\":\"https:\/\/climatemind.de\/en\/#website\",\"url\":\"https:\/\/climatemind.de\/en\/\",\"name\":\"ClimateMind\",\"description\":\"Psychologie f\u00fcr echte Nachhaltigkeit\",\"potentialAction\":[{\"@type\":\"SearchAction\",\"target\":{\"@type\":\"EntryPoint\",\"urlTemplate\":\"https:\/\/climatemind.de\/en\/?s={search_term_string}\"},\"query-input\":{\"@type\":\"PropertyValueSpecification\",\"valueRequired\":true,\"valueName\":\"search_term_string\"}}],\"inLanguage\":\"en-US\"},{\"@type\":\"Person\",\"@id\":\"https:\/\/climatemind.de\/en\/#\/schema\/person\/b9fd36b3699cd52c079361f449e222f4\",\"name\":\"admin\",\"image\":{\"@type\":\"ImageObject\",\"inLanguage\":\"en-US\",\"@id\":\"https:\/\/climatemind.de\/en\/#\/schema\/person\/image\/\",\"url\":\"https:\/\/secure.gravatar.com\/avatar\/fb646541bbeeb313f32e00c41399b84a188dd401b97ff03243c11927bdbabd4a?s=96&d=mm&r=g\",\"contentUrl\":\"https:\/\/secure.gravatar.com\/avatar\/fb646541bbeeb313f32e00c41399b84a188dd401b97ff03243c11927bdbabd4a?s=96&d=mm&r=g\",\"caption\":\"admin\"},\"sameAs\":[\"http:\/\/climatemind.de\"],\"url\":\"https:\/\/climatemind.de\/en\/author\/admin\/\"}]}<\/script>\n<!-- \/ Yoast SEO plugin. -->","yoast_head_json":{"title":"Psychologische Resilienz f\u00fcr Klimaakteur:innen - ClimateMind","description":"Psychologisches Resilienztraining f\u00fcr Klimaakteur:innen: Burnout-Pr\u00e4vention & Stressbew\u00e4ltigung f\u00fcr Teams & F\u00fchrungskr\u00e4fte im Nachhaltigkeitsbereich.","robots":{"index":"index","follow":"follow","max-snippet":"max-snippet:-1","max-image-preview":"max-image-preview:large","max-video-preview":"max-video-preview:-1"},"canonical":"https:\/\/climatemind.de\/en\/nicht-kategorisiert\/resilienz\/","og_locale":"en_US","og_type":"article","og_title":"Psychologische Resilienz f\u00fcr Klimaakteur:innen","og_description":"Psychologisches Resilienztraining f\u00fcr Klimaakteur:innen: Burnout-Pr\u00e4vention & Stressbew\u00e4ltigung f\u00fcr Teams & F\u00fchrungskr\u00e4fte im Nachhaltigkeitsbereich.","og_url":"https:\/\/climatemind.de\/en\/nicht-kategorisiert\/resilienz\/","og_site_name":"ClimateMind","article_publisher":"https:\/\/m.facebook.com\/klimapsych\/","article_published_time":"2025-07-01T17:41:58+00:00","article_modified_time":"2025-07-01T17:47:49+00:00","og_image":[{"width":1200,"height":627,"url":"https:\/\/climatemind.de\/wp-content\/uploads\/2023\/07\/resilienz-2.jpg","type":"image\/jpeg"}],"author":"admin","twitter_card":"summary_large_image","twitter_title":"Psychologische Resilienz f\u00fcr Klimaakteur:innen","twitter_description":"Psychologisches Resilienztraining f\u00fcr Klimaakteur:innen: Burnout-Pr\u00e4vention & Stressbew\u00e4ltigung f\u00fcr Teams & F\u00fchrungskr\u00e4fte im Nachhaltigkeitsbereich.","twitter_image":"https:\/\/climatemind.de\/wp-content\/uploads\/2023\/07\/resilienz-2.jpg","twitter_creator":"@Climatemind_de","twitter_site":"@Climatemind_de","twitter_misc":{"Written by":"admin","Est. reading time":"3 minutes"},"schema":{"@context":"https:\/\/schema.org","@graph":[{"@type":"WebPage","@id":"https:\/\/climatemind.de\/en\/nicht-kategorisiert\/resilienz\/","url":"https:\/\/climatemind.de\/en\/nicht-kategorisiert\/resilienz\/","name":"Psychologische Resilienz f\u00fcr Klimaakteur:innen - ClimateMind","isPartOf":{"@id":"https:\/\/climatemind.de\/en\/#website"},"primaryImageOfPage":{"@id":"https:\/\/climatemind.de\/en\/nicht-kategorisiert\/resilienz\/#primaryimage"},"image":{"@id":"https:\/\/climatemind.de\/en\/nicht-kategorisiert\/resilienz\/#primaryimage"},"thumbnailUrl":"https:\/\/climatemind.de\/wp-content\/uploads\/2023\/07\/resilienz-1.jpg","datePublished":"2025-07-01T17:41:58+00:00","dateModified":"2025-07-01T17:47:49+00:00","author":{"@id":"https:\/\/climatemind.de\/en\/#\/schema\/person\/b9fd36b3699cd52c079361f449e222f4"},"description":"Psychologisches Resilienztraining f\u00fcr Klimaakteur:innen: Burnout-Pr\u00e4vention & Stressbew\u00e4ltigung f\u00fcr Teams & F\u00fchrungskr\u00e4fte im Nachhaltigkeitsbereich.","breadcrumb":{"@id":"https:\/\/climatemind.de\/en\/nicht-kategorisiert\/resilienz\/#breadcrumb"},"inLanguage":"en-US","potentialAction":[{"@type":"ReadAction","target":["https:\/\/climatemind.de\/en\/nicht-kategorisiert\/resilienz\/"]}]},{"@type":"ImageObject","inLanguage":"en-US","@id":"https:\/\/climatemind.de\/en\/nicht-kategorisiert\/resilienz\/#primaryimage","url":"https:\/\/climatemind.de\/wp-content\/uploads\/2023\/07\/resilienz-1.jpg","contentUrl":"https:\/\/climatemind.de\/wp-content\/uploads\/2023\/07\/resilienz-1.jpg","width":1920,"height":1274},{"@type":"BreadcrumbList","@id":"https:\/\/climatemind.de\/en\/nicht-kategorisiert\/resilienz\/#breadcrumb","itemListElement":[{"@type":"ListItem","position":1,"name":"Startseite","item":"https:\/\/climatemind.de\/en\/homepage\/"},{"@type":"ListItem","position":2,"name":"Psychologische Resilienz f\u00fcr Klimaakteur:innen"}]},{"@type":"WebSite","@id":"https:\/\/climatemind.de\/en\/#website","url":"https:\/\/climatemind.de\/en\/","name":"ClimateMind","description":"Psychologie f\u00fcr echte Nachhaltigkeit","potentialAction":[{"@type":"SearchAction","target":{"@type":"EntryPoint","urlTemplate":"https:\/\/climatemind.de\/en\/?s={search_term_string}"},"query-input":{"@type":"PropertyValueSpecification","valueRequired":true,"valueName":"search_term_string"}}],"inLanguage":"en-US"},{"@type":"Person","@id":"https:\/\/climatemind.de\/en\/#\/schema\/person\/b9fd36b3699cd52c079361f449e222f4","name":"admin","image":{"@type":"ImageObject","inLanguage":"en-US","@id":"https:\/\/climatemind.de\/en\/#\/schema\/person\/image\/","url":"https:\/\/secure.gravatar.com\/avatar\/fb646541bbeeb313f32e00c41399b84a188dd401b97ff03243c11927bdbabd4a?s=96&d=mm&r=g","contentUrl":"https:\/\/secure.gravatar.com\/avatar\/fb646541bbeeb313f32e00c41399b84a188dd401b97ff03243c11927bdbabd4a?s=96&d=mm&r=g","caption":"admin"},"sameAs":["http:\/\/climatemind.de"],"url":"https:\/\/climatemind.de\/en\/author\/admin\/"}]}},"_links":{"self":[{"href":"https:\/\/climatemind.de\/en\/wp-json\/wp\/v2\/posts\/5753","targetHints":{"allow":["GET"]}}],"collection":[{"href":"https:\/\/climatemind.de\/en\/wp-json\/wp\/v2\/posts"}],"about":[{"href":"https:\/\/climatemind.de\/en\/wp-json\/wp\/v2\/types\/post"}],"author":[{"embeddable":true,"href":"https:\/\/climatemind.de\/en\/wp-json\/wp\/v2\/users\/1"}],"replies":[{"embeddable":true,"href":"https:\/\/climatemind.de\/en\/wp-json\/wp\/v2\/comments?post=5753"}],"version-history":[{"count":15,"href":"https:\/\/climatemind.de\/en\/wp-json\/wp\/v2\/posts\/5753\/revisions"}],"predecessor-version":[{"id":7169,"href":"https:\/\/climatemind.de\/en\/wp-json\/wp\/v2\/posts\/5753\/revisions\/7169"}],"wp:featuredmedia":[{"embeddable":true,"href":"https:\/\/climatemind.de\/en\/wp-json\/wp\/v2\/media\/5751"}],"wp:attachment":[{"href":"https:\/\/climatemind.de\/en\/wp-json\/wp\/v2\/media?parent=5753"}],"wp:term":[{"taxonomy":"category","embeddable":true,"href":"https:\/\/climatemind.de\/en\/wp-json\/wp\/v2\/categories?post=5753"},{"taxonomy":"post_tag","embeddable":true,"href":"https:\/\/climatemind.de\/en\/wp-json\/wp\/v2\/tags?post=5753"}],"curies":[{"name":"wp","href":"https:\/\/api.w.org\/{rel}","templated":true}]}}