{"id":5754,"date":"2023-07-07T10:40:15","date_gmt":"2023-07-07T08:40:15","guid":{"rendered":"https:\/\/climatemind.de\/?p=5754"},"modified":"2023-07-17T11:39:35","modified_gmt":"2023-07-17T09:39:35","slug":"storytelling-in-der-klimakrise","status":"publish","type":"post","link":"https:\/\/climatemind.de\/en\/nicht-kategorisiert\/storytelling-in-der-klimakrise\/","title":{"rendered":"Storytelling in der Klimakrise"},"content":{"rendered":"\n<p>ClimateMind unterst\u00fctzt sowohl Einzelpersonen als auch ganze Organisationen und Bewegungen dabei, individuelle und wirkungsvolle Klima-Geschichten auszuarbeiten und zu kommunizieren. Denn mit effektivem Storytelling k\u00f6nnen wir mehr erreichen!<\/p>\n\n\n\n<blockquote class=\"wp-block-quote is-layout-flow wp-block-quote-is-layout-flow\">\n<p>Menschen beim Thema Klimaschutz mitzunehmen und zum Handeln zu motivieren, kann in verschiedensten Kontexten eine gro\u00dfe Herausforderung darstellen. Denn in den meisten F\u00e4llen reicht es nicht aus, einfach nur Fakten zu vermitteln. <\/p>\n\n\n\n<p>Ein sehr wirkungsvoller Weg, wie es gelingen kann, Menschen zum Handeln zu motivieren, ist das Storytelling. Denn Geschichten erreichen Menschen auf einer ganz anderen Ebene, als es Fakten tun. Allerdings ist es gar nicht so leicht, \u00fcber etwas so komplexes wie die Klimakrise aktivierende Geschichten zu erz\u00e4hlen. Hierbei unters\u00fctzt Sie ClimateMind. Im Rahmen von ma\u00dfgeschneiderten Trainings, Workshops und Beratungen rund um das Thema Storytelling entwicklen Sie Ihre einzigartige und gleichzeitig aktivierende Klima-Geschichte.<\/p>\n<\/blockquote>\n\n\n\n<div style=\"height:100px\" aria-hidden=\"true\" class=\"wp-block-spacer\"><\/div>\n\n\n\n<h2 class=\"wp-block-heading\">Jede Klimaschutz-Challenge ist anders.<\/h2>\n\n\n\n<p><\/p>\n\n\n\n<p><\/p>\n\n\n\n<div class=\"wp-block-columns is-layout-flex wp-container-core-columns-is-layout-9d6595d7 wp-block-columns-is-layout-flex\">\n<div class=\"wp-block-column is-layout-flow wp-block-column-is-layout-flow\" style=\"flex-basis:33.33%\">\n<figure class=\"wp-block-image size-large is-resized is-style-rounded\"><img loading=\"lazy\" decoding=\"async\" src=\"https:\/\/climatemind.de\/wp-content\/uploads\/2023\/04\/2022_10_07_SIA-8-3-edited-scaled.jpg\" alt=\"\" class=\"wp-image-5402\" width=\"500\" height=\"500\"\/><\/figure>\n<\/div>\n\n\n\n<div class=\"wp-block-column is-layout-flow wp-block-column-is-layout-flow\" style=\"flex-basis:66.66%\">\n<p><\/p>\n\n\n\n<p><\/p>\n\n\n\n<p><\/p>\n\n\n\n<h3 class=\"wp-block-heading\">Sie haben hier noch nicht die perfekte L\u00f6sung gefunden, die Sie brauchen?<\/h3>\n\n\n\n<h3 class=\"wp-block-heading\">Wir lieben es, genau die L\u00f6sungen zu entwickeln, die Sie brauchen, um Ihren Impact zu st\u00e4rken.<\/h3>\n<\/div>\n<\/div>\n\n\n\n<div class=\"wp-block-columns is-layout-flex wp-container-core-columns-is-layout-9d6595d7 wp-block-columns-is-layout-flex\">\n<div class=\"wp-block-column is-layout-flow wp-block-column-is-layout-flow\" style=\"flex-basis:66.66%\">\n<h3 class=\"wp-block-heading\">Wir freuen uns auf Ihre Mail!<\/h3>\n\n\n\n<p><\/p>\n\n\n\n<div class=\"wp-block-buttons is-content-justification-left is-layout-flex wp-container-core-buttons-is-layout-fdcfc74e wp-block-buttons-is-layout-flex\" id=\"mail@climatemind.de\">\n<div class=\"wp-block-button is-style-fill\"><a class=\"wp-block-button__link has-text-color has-background wp-element-button\" href=\"mailto:mail@climatemind.de\" style=\"color:#2a2a72;background-color:#e6ec35\" target=\"_blank\" rel=\"mail@climatemind.de noopener\"><strong>mail@climatemind.de \u2192<\/strong><\/a><\/div>\n<\/div>\n<\/div>\n\n\n\n<div class=\"wp-block-column is-layout-flow wp-block-column-is-layout-flow\" style=\"flex-basis:33.33%\">\n<div style=\"height:100px\" aria-hidden=\"true\" class=\"wp-block-spacer\"><\/div>\n<\/div>\n<\/div>\n\n\n\n<p><\/p>\n<span class=\"et_bloom_bottom_trigger\"><\/span>","protected":false},"excerpt":{"rendered":"<p>ClimateMind unterst\u00fctzt sowohl Einzelpersonen als auch ganze Organisationen und Bewegungen dabei, individuelle und wirkungsvolle Klima-Geschichten auszuarbeiten und zu kommunizieren. Denn mit effektivem Storytelling k\u00f6nnen wir mehr erreichen! Menschen beim Thema Klimaschutz mitzunehmen und zum Handeln zu motivieren, kann in verschiedensten Kontexten eine gro\u00dfe Herausforderung darstellen. Denn in den meisten F\u00e4llen reicht es nicht aus, einfach [&hellip;]<\/p>\n","protected":false},"author":1,"featured_media":5756,"comment_status":"closed","ping_status":"closed","sticky":false,"template":"","format":"standard","meta":{"_et_pb_use_builder":"off","_et_pb_old_content":"","_et_gb_content_width":"1920","content-type":"","_uf_show_specific_survey":0,"_uf_disable_surveys":false,"footnotes":""},"categories":[25,1,44,43],"tags":[],"class_list":["post-5754","post","type-post","status-publish","format-standard","has-post-thumbnail","hentry","category-ngos-und-bewegungen","category-nicht-kategorisiert","category-politik-verwaltung","category-unternehmen"],"yoast_head":"<!-- This site is optimized with the Yoast SEO plugin v26.1.1 - https:\/\/yoast.com\/wordpress\/plugins\/seo\/ -->\n<title>Storytelling in der Klimakrise - ClimateMind<\/title>\n<meta name=\"description\" content=\"ClimateMind unterst\u00fctzt Sie dabei, individuelle und wirkungsvolle Geschichten auszuarbeiten und zu kommunizieren.\" \/>\n<meta name=\"robots\" content=\"index, follow, max-snippet:-1, max-image-preview:large, max-video-preview:-1\" \/>\n<link rel=\"canonical\" href=\"https:\/\/climatemind.de\/en\/nicht-kategorisiert\/storytelling-in-der-klimakrise\/\" \/>\n<meta property=\"og:locale\" content=\"en_US\" \/>\n<meta property=\"og:type\" content=\"article\" \/>\n<meta property=\"og:title\" content=\"Storytelling in der Klimakrise\" \/>\n<meta property=\"og:description\" content=\"ClimateMind unterst\u00fctzt Sie dabei, individuelle und wirkungsvolle Geschichten auszuarbeiten und zu kommunizieren.\" \/>\n<meta property=\"og:url\" content=\"https:\/\/climatemind.de\/en\/nicht-kategorisiert\/storytelling-in-der-klimakrise\/\" \/>\n<meta property=\"og:site_name\" content=\"ClimateMind\" \/>\n<meta property=\"article:publisher\" content=\"https:\/\/m.facebook.com\/klimapsych\/\" \/>\n<meta property=\"article:published_time\" content=\"2023-07-07T08:40:15+00:00\" \/>\n<meta property=\"article:modified_time\" content=\"2023-07-17T09:39:35+00:00\" \/>\n<meta property=\"og:image\" content=\"https:\/\/climatemind.de\/wp-content\/uploads\/2023\/07\/Storytelling.jpg\" \/>\n\t<meta property=\"og:image:width\" content=\"1200\" \/>\n\t<meta property=\"og:image:height\" content=\"627\" \/>\n\t<meta property=\"og:image:type\" content=\"image\/jpeg\" \/>\n<meta name=\"author\" content=\"admin\" \/>\n<meta name=\"twitter:card\" content=\"summary_large_image\" \/>\n<meta name=\"twitter:title\" content=\"Storytelling in der Klimakrise\" \/>\n<meta name=\"twitter:description\" content=\"ClimateMind unterst\u00fctzt Sie dabei, individuelle und wirkungsvolle Geschichten auszuarbeiten und zu kommunizieren.\" \/>\n<meta name=\"twitter:image\" content=\"https:\/\/climatemind.de\/wp-content\/uploads\/2023\/07\/Storytelling.jpg\" \/>\n<meta name=\"twitter:creator\" content=\"@Climatemind_de\" \/>\n<meta name=\"twitter:site\" content=\"@Climatemind_de\" \/>\n<meta name=\"twitter:label1\" content=\"Written by\" \/>\n\t<meta name=\"twitter:data1\" content=\"admin\" \/>\n\t<meta name=\"twitter:label2\" content=\"Est. reading time\" \/>\n\t<meta name=\"twitter:data2\" content=\"2 minutes\" \/>\n<script type=\"application\/ld+json\" class=\"yoast-schema-graph\">{\"@context\":\"https:\/\/schema.org\",\"@graph\":[{\"@type\":\"WebPage\",\"@id\":\"https:\/\/climatemind.de\/en\/nicht-kategorisiert\/storytelling-in-der-klimakrise\/\",\"url\":\"https:\/\/climatemind.de\/en\/nicht-kategorisiert\/storytelling-in-der-klimakrise\/\",\"name\":\"Storytelling in der Klimakrise - ClimateMind\",\"isPartOf\":{\"@id\":\"https:\/\/climatemind.de\/en\/#website\"},\"primaryImageOfPage\":{\"@id\":\"https:\/\/climatemind.de\/en\/nicht-kategorisiert\/storytelling-in-der-klimakrise\/#primaryimage\"},\"image\":{\"@id\":\"https:\/\/climatemind.de\/en\/nicht-kategorisiert\/storytelling-in-der-klimakrise\/#primaryimage\"},\"thumbnailUrl\":\"https:\/\/climatemind.de\/wp-content\/uploads\/2023\/07\/storytelling1.jpg\",\"datePublished\":\"2023-07-07T08:40:15+00:00\",\"dateModified\":\"2023-07-17T09:39:35+00:00\",\"author\":{\"@id\":\"https:\/\/climatemind.de\/en\/#\/schema\/person\/b9fd36b3699cd52c079361f449e222f4\"},\"description\":\"ClimateMind unterst\u00fctzt Sie dabei, individuelle und wirkungsvolle Geschichten auszuarbeiten und zu kommunizieren.\",\"breadcrumb\":{\"@id\":\"https:\/\/climatemind.de\/en\/nicht-kategorisiert\/storytelling-in-der-klimakrise\/#breadcrumb\"},\"inLanguage\":\"en-US\",\"potentialAction\":[{\"@type\":\"ReadAction\",\"target\":[\"https:\/\/climatemind.de\/en\/nicht-kategorisiert\/storytelling-in-der-klimakrise\/\"]}]},{\"@type\":\"ImageObject\",\"inLanguage\":\"en-US\",\"@id\":\"https:\/\/climatemind.de\/en\/nicht-kategorisiert\/storytelling-in-der-klimakrise\/#primaryimage\",\"url\":\"https:\/\/climatemind.de\/wp-content\/uploads\/2023\/07\/storytelling1.jpg\",\"contentUrl\":\"https:\/\/climatemind.de\/wp-content\/uploads\/2023\/07\/storytelling1.jpg\",\"width\":1781,\"height\":1181},{\"@type\":\"BreadcrumbList\",\"@id\":\"https:\/\/climatemind.de\/en\/nicht-kategorisiert\/storytelling-in-der-klimakrise\/#breadcrumb\",\"itemListElement\":[{\"@type\":\"ListItem\",\"position\":1,\"name\":\"Startseite\",\"item\":\"https:\/\/climatemind.de\/en\/homepage\/\"},{\"@type\":\"ListItem\",\"position\":2,\"name\":\"Storytelling in der Klimakrise\"}]},{\"@type\":\"WebSite\",\"@id\":\"https:\/\/climatemind.de\/en\/#website\",\"url\":\"https:\/\/climatemind.de\/en\/\",\"name\":\"ClimateMind\",\"description\":\"Psychologie f\u00fcr echte Nachhaltigkeit\",\"potentialAction\":[{\"@type\":\"SearchAction\",\"target\":{\"@type\":\"EntryPoint\",\"urlTemplate\":\"https:\/\/climatemind.de\/en\/?s={search_term_string}\"},\"query-input\":{\"@type\":\"PropertyValueSpecification\",\"valueRequired\":true,\"valueName\":\"search_term_string\"}}],\"inLanguage\":\"en-US\"},{\"@type\":\"Person\",\"@id\":\"https:\/\/climatemind.de\/en\/#\/schema\/person\/b9fd36b3699cd52c079361f449e222f4\",\"name\":\"admin\",\"image\":{\"@type\":\"ImageObject\",\"inLanguage\":\"en-US\",\"@id\":\"https:\/\/climatemind.de\/en\/#\/schema\/person\/image\/\",\"url\":\"https:\/\/secure.gravatar.com\/avatar\/fb646541bbeeb313f32e00c41399b84a188dd401b97ff03243c11927bdbabd4a?s=96&d=mm&r=g\",\"contentUrl\":\"https:\/\/secure.gravatar.com\/avatar\/fb646541bbeeb313f32e00c41399b84a188dd401b97ff03243c11927bdbabd4a?s=96&d=mm&r=g\",\"caption\":\"admin\"},\"sameAs\":[\"http:\/\/climatemind.de\"],\"url\":\"https:\/\/climatemind.de\/en\/author\/admin\/\"}]}<\/script>\n<!-- \/ Yoast SEO plugin. -->","yoast_head_json":{"title":"Storytelling in der Klimakrise - ClimateMind","description":"ClimateMind unterst\u00fctzt Sie dabei, individuelle und wirkungsvolle Geschichten auszuarbeiten und zu kommunizieren.","robots":{"index":"index","follow":"follow","max-snippet":"max-snippet:-1","max-image-preview":"max-image-preview:large","max-video-preview":"max-video-preview:-1"},"canonical":"https:\/\/climatemind.de\/en\/nicht-kategorisiert\/storytelling-in-der-klimakrise\/","og_locale":"en_US","og_type":"article","og_title":"Storytelling in der Klimakrise","og_description":"ClimateMind unterst\u00fctzt Sie dabei, individuelle und wirkungsvolle Geschichten auszuarbeiten und zu kommunizieren.","og_url":"https:\/\/climatemind.de\/en\/nicht-kategorisiert\/storytelling-in-der-klimakrise\/","og_site_name":"ClimateMind","article_publisher":"https:\/\/m.facebook.com\/klimapsych\/","article_published_time":"2023-07-07T08:40:15+00:00","article_modified_time":"2023-07-17T09:39:35+00:00","og_image":[{"width":1200,"height":627,"url":"https:\/\/climatemind.de\/wp-content\/uploads\/2023\/07\/Storytelling.jpg","type":"image\/jpeg"}],"author":"admin","twitter_card":"summary_large_image","twitter_title":"Storytelling in der Klimakrise","twitter_description":"ClimateMind unterst\u00fctzt Sie dabei, individuelle und wirkungsvolle Geschichten auszuarbeiten und zu kommunizieren.","twitter_image":"https:\/\/climatemind.de\/wp-content\/uploads\/2023\/07\/Storytelling.jpg","twitter_creator":"@Climatemind_de","twitter_site":"@Climatemind_de","twitter_misc":{"Written by":"admin","Est. reading time":"2 minutes"},"schema":{"@context":"https:\/\/schema.org","@graph":[{"@type":"WebPage","@id":"https:\/\/climatemind.de\/en\/nicht-kategorisiert\/storytelling-in-der-klimakrise\/","url":"https:\/\/climatemind.de\/en\/nicht-kategorisiert\/storytelling-in-der-klimakrise\/","name":"Storytelling in der Klimakrise - ClimateMind","isPartOf":{"@id":"https:\/\/climatemind.de\/en\/#website"},"primaryImageOfPage":{"@id":"https:\/\/climatemind.de\/en\/nicht-kategorisiert\/storytelling-in-der-klimakrise\/#primaryimage"},"image":{"@id":"https:\/\/climatemind.de\/en\/nicht-kategorisiert\/storytelling-in-der-klimakrise\/#primaryimage"},"thumbnailUrl":"https:\/\/climatemind.de\/wp-content\/uploads\/2023\/07\/storytelling1.jpg","datePublished":"2023-07-07T08:40:15+00:00","dateModified":"2023-07-17T09:39:35+00:00","author":{"@id":"https:\/\/climatemind.de\/en\/#\/schema\/person\/b9fd36b3699cd52c079361f449e222f4"},"description":"ClimateMind unterst\u00fctzt Sie dabei, individuelle und wirkungsvolle Geschichten auszuarbeiten und zu kommunizieren.","breadcrumb":{"@id":"https:\/\/climatemind.de\/en\/nicht-kategorisiert\/storytelling-in-der-klimakrise\/#breadcrumb"},"inLanguage":"en-US","potentialAction":[{"@type":"ReadAction","target":["https:\/\/climatemind.de\/en\/nicht-kategorisiert\/storytelling-in-der-klimakrise\/"]}]},{"@type":"ImageObject","inLanguage":"en-US","@id":"https:\/\/climatemind.de\/en\/nicht-kategorisiert\/storytelling-in-der-klimakrise\/#primaryimage","url":"https:\/\/climatemind.de\/wp-content\/uploads\/2023\/07\/storytelling1.jpg","contentUrl":"https:\/\/climatemind.de\/wp-content\/uploads\/2023\/07\/storytelling1.jpg","width":1781,"height":1181},{"@type":"BreadcrumbList","@id":"https:\/\/climatemind.de\/en\/nicht-kategorisiert\/storytelling-in-der-klimakrise\/#breadcrumb","itemListElement":[{"@type":"ListItem","position":1,"name":"Startseite","item":"https:\/\/climatemind.de\/en\/homepage\/"},{"@type":"ListItem","position":2,"name":"Storytelling in der Klimakrise"}]},{"@type":"WebSite","@id":"https:\/\/climatemind.de\/en\/#website","url":"https:\/\/climatemind.de\/en\/","name":"ClimateMind","description":"Psychologie f\u00fcr echte Nachhaltigkeit","potentialAction":[{"@type":"SearchAction","target":{"@type":"EntryPoint","urlTemplate":"https:\/\/climatemind.de\/en\/?s={search_term_string}"},"query-input":{"@type":"PropertyValueSpecification","valueRequired":true,"valueName":"search_term_string"}}],"inLanguage":"en-US"},{"@type":"Person","@id":"https:\/\/climatemind.de\/en\/#\/schema\/person\/b9fd36b3699cd52c079361f449e222f4","name":"admin","image":{"@type":"ImageObject","inLanguage":"en-US","@id":"https:\/\/climatemind.de\/en\/#\/schema\/person\/image\/","url":"https:\/\/secure.gravatar.com\/avatar\/fb646541bbeeb313f32e00c41399b84a188dd401b97ff03243c11927bdbabd4a?s=96&d=mm&r=g","contentUrl":"https:\/\/secure.gravatar.com\/avatar\/fb646541bbeeb313f32e00c41399b84a188dd401b97ff03243c11927bdbabd4a?s=96&d=mm&r=g","caption":"admin"},"sameAs":["http:\/\/climatemind.de"],"url":"https:\/\/climatemind.de\/en\/author\/admin\/"}]}},"_links":{"self":[{"href":"https:\/\/climatemind.de\/en\/wp-json\/wp\/v2\/posts\/5754","targetHints":{"allow":["GET"]}}],"collection":[{"href":"https:\/\/climatemind.de\/en\/wp-json\/wp\/v2\/posts"}],"about":[{"href":"https:\/\/climatemind.de\/en\/wp-json\/wp\/v2\/types\/post"}],"author":[{"embeddable":true,"href":"https:\/\/climatemind.de\/en\/wp-json\/wp\/v2\/users\/1"}],"replies":[{"embeddable":true,"href":"https:\/\/climatemind.de\/en\/wp-json\/wp\/v2\/comments?post=5754"}],"version-history":[{"count":7,"href":"https:\/\/climatemind.de\/en\/wp-json\/wp\/v2\/posts\/5754\/revisions"}],"predecessor-version":[{"id":5798,"href":"https:\/\/climatemind.de\/en\/wp-json\/wp\/v2\/posts\/5754\/revisions\/5798"}],"wp:featuredmedia":[{"embeddable":true,"href":"https:\/\/climatemind.de\/en\/wp-json\/wp\/v2\/media\/5756"}],"wp:attachment":[{"href":"https:\/\/climatemind.de\/en\/wp-json\/wp\/v2\/media?parent=5754"}],"wp:term":[{"taxonomy":"category","embeddable":true,"href":"https:\/\/climatemind.de\/en\/wp-json\/wp\/v2\/categories?post=5754"},{"taxonomy":"post_tag","embeddable":true,"href":"https:\/\/climatemind.de\/en\/wp-json\/wp\/v2\/tags?post=5754"}],"curies":[{"name":"wp","href":"https:\/\/api.w.org\/{rel}","templated":true}]}}