{"id":6767,"date":"2024-08-01T15:42:14","date_gmt":"2024-08-01T13:42:14","guid":{"rendered":"https:\/\/climatemind.de\/?p=6767"},"modified":"2024-12-10T13:58:58","modified_gmt":"2024-12-10T12:58:58","slug":"yan","status":"publish","type":"post","link":"https:\/\/climatemind.de\/en\/nicht-kategorisiert\/yan\/","title":{"rendered":"Yans Erfahrungsbericht zum Praktikum"},"content":{"rendered":"\n<p><\/p>\n\n\n\n<blockquote class=\"wp-block-quote is-layout-flow wp-block-quote-is-layout-flow\">\n<p>Das ist Teil 7 der Serie zu Erfahrungsberichten von Praktikant:innen. <\/p>\n\n\n\n<p><a href=\"https:\/\/climatemind.de\/ueber-climatemind\/#jobs\" target=\"_blank\" rel=\"noreferrer noopener\">Du findest hier einen \u00dcberblick \u00fcber die gesamte Serie.<\/a><\/p>\n<\/blockquote>\n\n\n\n<p><\/p>\n\n\n\n<h1 class=\"wp-block-heading\">Lerne Yan kennen<\/h1>\n\n\n\n<p><\/p>\n\n\n\n<h2 class=\"wp-block-heading\">Stell dich doch bitte kurz vor\u2026<\/h2>\n\n\n\n<p><\/p>\n\n\n\n<p>Mein Name ist Yan Bochmann (28) und ich komme aus Berlin. Hier habe ich im Bachelor Psychologie studiert und arbeite seit einigen Jahren im psychosozialen Bereich der Familien- und Jugendhilfe. Zudem studiere ich derzeit Umweltpsychologie im Master. Im Rahmen meines Studiums habe ich von Februar bis April 2023 ein zweimonatiges Vollzeitpraktikum bei ClimateMind absolviert. Mein Hauptt\u00e4tigkeitsbereich war die Arbeit als Team-Assistenz.<\/p>\n\n\n\n<p><\/p>\n\n\n\n<h2 class=\"wp-block-heading\">Warum hast du dich f\u00fcr die Mitarbeit bei ClimateMind entschieden?<\/h2>\n\n\n\n<p><\/p>\n\n\n\n<p>F\u00fcr ein Praktikum bei ClimateMind habe ich mich entschieden, da ich mich vom ersten Ber\u00fchrungspunkt an mit ClimateMind und der dahinterstehenden Philosophie identifizieren konnte. Auch sah ich die M\u00f6glichkeit, mich im Rahmen eines Praktikums bei ClimateMind entsprechend meiner eigenen Zukunftsvision ein- und voranzubringen. Auch der nette Kontakt vorab hat mich in meiner Entscheidung bekr\u00e4ftigt.<\/p>\n\n\n\n<p><\/p>\n\n\n\n<figure class=\"wp-block-image size-large\"><img loading=\"lazy\" decoding=\"async\" width=\"1024\" height=\"683\" src=\"https:\/\/climatemind.de\/wp-content\/uploads\/2024\/06\/shridhar-gupta-dZxQn4VEv2M-unsplash-1024x683.jpg\" alt=\"\" class=\"wp-image-6729\" srcset=\"https:\/\/climatemind.de\/wp-content\/uploads\/2024\/06\/shridhar-gupta-dZxQn4VEv2M-unsplash-980x653.jpg 980w, https:\/\/climatemind.de\/wp-content\/uploads\/2024\/06\/shridhar-gupta-dZxQn4VEv2M-unsplash-480x320.jpg 480w\" sizes=\"(min-width: 0px) and (max-width: 480px) 480px, (min-width: 481px) and (max-width: 980px) 980px, (min-width: 981px) 1024px, 100vw\" \/><\/figure>\n\n\n\n<p><\/p>\n\n\n\n<h2 class=\"wp-block-heading\">Wie sieht deine T\u00e4tigkeit als Praktikant bei ClimateMind aus?<\/h2>\n\n\n\n<p><\/p>\n\n\n\n<p>Als Praktikant bei ClimateMind habe ich von zuhause aus gearbeitet. Aufgaben, die mir zugewiesen und genau erkl\u00e4rt wurden, ging ich selbstst\u00e4ndig nach. Bei Fragen konnte ich mich direkt an andere Team-Mitglieder wenden, die ebenfalls online waren. W\u00f6chentliche Teammeetings und grunds\u00e4tzlich regelm\u00e4\u00dfig angesetzte Einzelgespr\u00e4che unterst\u00fctzten die Arbeit im Home-Office. Da die festgelegten Hauptschwerpunkte in der Arbeit zwar zentral sind, jedoch eine Ausweitung der T\u00e4tigkeitsbereiche stets m\u00f6glich und teilweise gew\u00fcnscht ist, konnte ich in meinem Praktikum vielf\u00e4ltige Einblicke in die Arbeit von ClimateMind bekommen. In erster Linie arbeitete ich als Team-Assistenz, wo ich den Kund:innenkontakt und Terminabsprachen \u00fcbernahm, dennoch unterst\u00fctzte ich au\u00dferdem bei der Vor- und Nachbereitung von Auftr\u00e4gen, bei Recherchearbeiten f\u00fcr Blogartikel und bei der \u00d6ffentlichkeitsarbeit allgemein. Auch bei der Verbesserung des Onboardings konnte ich mich einbringen, ebenso bei der Betreuung der ClimateMind-Academy.<\/p>\n\n\n\n<p><\/p>\n\n\n\n<figure class=\"wp-block-image size-large\"><img loading=\"lazy\" decoding=\"async\" width=\"1024\" height=\"683\" src=\"https:\/\/climatemind.de\/wp-content\/uploads\/2024\/06\/corinne-kutz-tMI2_-r5Nfo-unsplash-1024x683.jpg\" alt=\"\" class=\"wp-image-6730\" srcset=\"https:\/\/climatemind.de\/wp-content\/uploads\/2024\/06\/corinne-kutz-tMI2_-r5Nfo-unsplash-980x653.jpg 980w, https:\/\/climatemind.de\/wp-content\/uploads\/2024\/06\/corinne-kutz-tMI2_-r5Nfo-unsplash-480x320.jpg 480w\" sizes=\"(min-width: 0px) and (max-width: 480px) 480px, (min-width: 481px) and (max-width: 980px) 980px, (min-width: 981px) 1024px, 100vw\" \/><\/figure>\n\n\n\n<p><\/p>\n\n\n\n<h2 class=\"wp-block-heading\">Was gef\u00e4llt dir an ClimateMind besonders gut?<\/h2>\n\n\n\n<p><\/p>\n\n\n\n<p>An ClimateMind gef\u00e4llt mir besonders die psychologische Sichtweise auf die Klimakrise sowie die Herangehensweise einer bestm\u00f6glichen und gesamtgesellschaftlichen L\u00f6sung dieser.<\/p>\n\n\n\n<blockquote class=\"wp-block-quote is-layout-flow wp-block-quote-is-layout-flow\">\n<p>Bei einem kleinen Team und einer so gro\u00dfen Vision, gibt es immer Aufgaben umzusetzen und Raum f\u00fcr eigene Ideen. Zudem hatte ich stets das Gef\u00fchl mich ein- und ClimateMind voranbringen zu k\u00f6nnen.<\/p>\n<\/blockquote>\n\n\n\n<p>Man sieht Woche f\u00fcr Woche ClimateMind wachsen und ist ein Teil dessen. Auch das wertsch\u00e4tzende Miteinander von Beginn an ist mir besonders h\u00e4ngen geblieben.&nbsp;<\/p>\n\n\n\n<p><\/p>\n\n\n\n<h2 class=\"wp-block-heading\">Was waren f\u00fcr dich bis jetzt 3 Highlights deiner Zeit bei ClimateMind?<\/h2>\n\n\n\n<p><\/p>\n\n\n\n<p>An Newslettern, Social Media-Beitr\u00e4gen und Blogartikeln mitwirken zu k\u00f6nnen, hat mir immer Freude bereitet. Mitzubekommen, wenn diese ver\u00f6ffentlicht wurden, war jedoch immer das Highlight dessen. Mein absolutes Highlight war es aber, zum Berliner Volksentscheid zur Klimaneutralit\u00e4t bis 2030 zusammen mit Janna einen Stand betreuen zu d\u00fcrfen. Hier konnte ich nicht nur Janna besser kennen lernen, sondern auch viele interessierte Menschen. Ich werde mich sicherlich noch lange Zeit daran erinnern, ClimateMind am Brandenburger Tor in Berlin mit vertreten zu haben. Auch die herzliche und wertsch\u00e4tzende Verabschiedung in der letzten Teamrunde war ein Highlight f\u00fcr mich.<\/p>\n\n\n\n<figure class=\"wp-block-image size-large\"><img loading=\"lazy\" decoding=\"async\" width=\"1024\" height=\"611\" src=\"https:\/\/climatemind.de\/wp-content\/uploads\/2024\/12\/tim-arterbury-VkwRmha1_tI-unsplash-1-1024x611.jpg\" alt=\"\" class=\"wp-image-6904\" srcset=\"https:\/\/climatemind.de\/wp-content\/uploads\/2024\/12\/tim-arterbury-VkwRmha1_tI-unsplash-1-980x585.jpg 980w, https:\/\/climatemind.de\/wp-content\/uploads\/2024\/12\/tim-arterbury-VkwRmha1_tI-unsplash-1-480x287.jpg 480w\" sizes=\"(min-width: 0px) and (max-width: 480px) 480px, (min-width: 481px) and (max-width: 980px) 980px, (min-width: 981px) 1024px, 100vw\" \/><\/figure>\n\n\n\n<p><\/p>\n\n\n\n<h2 class=\"wp-block-heading\">Was nimmst du aus deiner Zeit bei ClimateMind f\u00fcr dich mit?<\/h2>\n\n\n\n<p>In meinem Praktikum habe ich vielseitig Erfahrungen sammeln k\u00f6nnen. Beispielsweise konnte ich einen Einblick in die Struktur eines Social Startup bekommen. Au\u00dferdem lernte ich viel \u00fcber Tools f\u00fcr das Online-Arbeiten und f\u00fcr die Erstellung von Social Media-Beitr\u00e4gen sowie wichtige Aspekte eines seri\u00f6sen und wertsch\u00e4tzenden Kund:innenkontakts. Da in einem Start Up mit wenigen Mitarbeitenden stets Arbeit anf\u00e4llt, habe ich auch gelernt, mich etwas besser abgrenzen und mit stressigen Situationen umgehen zu k\u00f6nnen. Au\u00dferdem ergaben sich f\u00fcr mich erstmalig klimapsychologische Ber\u00fchrungspunkte in meiner T\u00e4tigkeit bei ClimateMind, welche ich nach meinem Master ausweiten m\u00f6chte.<\/p>\n\n\n\n<blockquote class=\"wp-block-quote is-layout-flow wp-block-quote-is-layout-flow\">\n<p>ClimateMind war in dieser Hinsicht der Beginn, auch beruflich, meine umweltbezogenen sowie psychologischen Interessen zu verbinden.&nbsp;&nbsp;<\/p>\n<\/blockquote>\n\n\n\n<p><\/p>\n\n\n\n<h2 class=\"wp-block-heading\">Du m\u00f6chtest noch mehr \u00fcber ClimateMind lernen?<\/h2>\n\n\n\n<p><\/p>\n\n\n\n<p>Du hast den Newsletter noch nicht abonniert und m\u00f6chtest keine Neuigkeiten mehr verpassen? <a href=\"http:\/\/climatemind.de\/#newsletter\" target=\"_blank\" rel=\"noreferrer noopener\">Dann abonniere jetzt unseren Newsletter!<\/a><\/p>\n<span class=\"et_bloom_bottom_trigger\"><\/span>","protected":false},"excerpt":{"rendered":"<p>Lerne Yan kennen und erhalte einen Einblick in seine T\u00e4tigkeiten und Highlights w\u00e4hrend seines Praktikums bei ClimateMind!<\/p>\n","protected":false},"author":1,"featured_media":6733,"comment_status":"closed","ping_status":"closed","sticky":false,"template":"","format":"standard","meta":{"_et_pb_use_builder":"","_et_pb_old_content":"","_et_gb_content_width":"","content-type":"","_uf_show_specific_survey":0,"_uf_disable_surveys":false,"footnotes":""},"categories":[66,1],"tags":[],"class_list":["post-6767","post","type-post","status-publish","format-standard","has-post-thumbnail","hentry","category-erfahrungsberichte-jobs","category-nicht-kategorisiert"],"yoast_head":"<!-- This site is optimized with the Yoast SEO plugin v26.1.1 - https:\/\/yoast.com\/wordpress\/plugins\/seo\/ -->\n<title>Yans Erfahrungsbericht zum Praktikum - ClimateMind<\/title>\n<meta name=\"description\" content=\"Yans Erfahrungsbericht zum Praktikum bei ClimateMind. Lies dir den Bericht des ehemaligen Praktikanten durch und erfahre wie es f\u00fcr ihn bei ClimateMind war.\" \/>\n<meta name=\"robots\" content=\"index, follow, max-snippet:-1, max-image-preview:large, max-video-preview:-1\" \/>\n<link rel=\"canonical\" href=\"https:\/\/climatemind.de\/en\/nicht-kategorisiert\/yan\/\" \/>\n<meta property=\"og:locale\" content=\"en_US\" \/>\n<meta property=\"og:type\" content=\"article\" \/>\n<meta property=\"og:title\" content=\"Yans Erfahrungsbericht zum Praktikum bei ClimateMind.\" \/>\n<meta property=\"og:description\" content=\"Yans Erfahrungsbericht zum Praktikum bei ClimateMind. Lies dir den Bericht des ehemaligen Praktikanten durch und erfahre wie es f\u00fcr ihn bei ClimateMind war.\" \/>\n<meta property=\"og:url\" content=\"https:\/\/climatemind.de\/en\/nicht-kategorisiert\/yan\/\" \/>\n<meta property=\"og:site_name\" content=\"ClimateMind\" \/>\n<meta property=\"article:publisher\" content=\"https:\/\/m.facebook.com\/klimapsych\/\" \/>\n<meta property=\"article:published_time\" content=\"2024-08-01T13:42:14+00:00\" \/>\n<meta property=\"article:modified_time\" content=\"2024-12-10T12:58:58+00:00\" \/>\n<meta property=\"og:image\" content=\"https:\/\/climatemind.de\/wp-content\/uploads\/2024\/08\/Yan-1-edited-1080x675-1.jpeg\" \/>\n\t<meta property=\"og:image:width\" content=\"1080\" \/>\n\t<meta property=\"og:image:height\" content=\"675\" \/>\n\t<meta property=\"og:image:type\" content=\"image\/jpeg\" \/>\n<meta name=\"author\" content=\"admin\" \/>\n<meta name=\"twitter:card\" content=\"summary_large_image\" \/>\n<meta name=\"twitter:image\" content=\"https:\/\/climatemind.de\/wp-content\/uploads\/2024\/08\/Yan-1-edited-1080x675-1.jpeg\" \/>\n<meta name=\"twitter:creator\" content=\"@Climatemind_de\" \/>\n<meta name=\"twitter:site\" content=\"@Climatemind_de\" \/>\n<meta name=\"twitter:label1\" content=\"Written by\" \/>\n\t<meta name=\"twitter:data1\" content=\"admin\" \/>\n\t<meta name=\"twitter:label2\" content=\"Est. reading time\" \/>\n\t<meta name=\"twitter:data2\" content=\"5 minutes\" \/>\n<script type=\"application\/ld+json\" class=\"yoast-schema-graph\">{\"@context\":\"https:\/\/schema.org\",\"@graph\":[{\"@type\":\"WebPage\",\"@id\":\"https:\/\/climatemind.de\/en\/nicht-kategorisiert\/yan\/\",\"url\":\"https:\/\/climatemind.de\/en\/nicht-kategorisiert\/yan\/\",\"name\":\"Yans Erfahrungsbericht zum Praktikum - ClimateMind\",\"isPartOf\":{\"@id\":\"https:\/\/climatemind.de\/en\/#website\"},\"primaryImageOfPage\":{\"@id\":\"https:\/\/climatemind.de\/en\/nicht-kategorisiert\/yan\/#primaryimage\"},\"image\":{\"@id\":\"https:\/\/climatemind.de\/en\/nicht-kategorisiert\/yan\/#primaryimage\"},\"thumbnailUrl\":\"https:\/\/climatemind.de\/wp-content\/uploads\/2024\/06\/Yan-1-edited-e1722513433229.jpeg\",\"datePublished\":\"2024-08-01T13:42:14+00:00\",\"dateModified\":\"2024-12-10T12:58:58+00:00\",\"author\":{\"@id\":\"https:\/\/climatemind.de\/en\/#\/schema\/person\/b9fd36b3699cd52c079361f449e222f4\"},\"description\":\"Yans Erfahrungsbericht zum Praktikum bei ClimateMind. Lies dir den Bericht des ehemaligen Praktikanten durch und erfahre wie es f\u00fcr ihn bei ClimateMind war.\",\"breadcrumb\":{\"@id\":\"https:\/\/climatemind.de\/en\/nicht-kategorisiert\/yan\/#breadcrumb\"},\"inLanguage\":\"en-US\",\"potentialAction\":[{\"@type\":\"ReadAction\",\"target\":[\"https:\/\/climatemind.de\/en\/nicht-kategorisiert\/yan\/\"]}]},{\"@type\":\"ImageObject\",\"inLanguage\":\"en-US\",\"@id\":\"https:\/\/climatemind.de\/en\/nicht-kategorisiert\/yan\/#primaryimage\",\"url\":\"https:\/\/climatemind.de\/wp-content\/uploads\/2024\/06\/Yan-1-edited-e1722513433229.jpeg\",\"contentUrl\":\"https:\/\/climatemind.de\/wp-content\/uploads\/2024\/06\/Yan-1-edited-e1722513433229.jpeg\",\"width\":945,\"height\":630},{\"@type\":\"BreadcrumbList\",\"@id\":\"https:\/\/climatemind.de\/en\/nicht-kategorisiert\/yan\/#breadcrumb\",\"itemListElement\":[{\"@type\":\"ListItem\",\"position\":1,\"name\":\"Startseite\",\"item\":\"https:\/\/climatemind.de\/en\/homepage\/\"},{\"@type\":\"ListItem\",\"position\":2,\"name\":\"Yans Erfahrungsbericht zum Praktikum\"}]},{\"@type\":\"WebSite\",\"@id\":\"https:\/\/climatemind.de\/en\/#website\",\"url\":\"https:\/\/climatemind.de\/en\/\",\"name\":\"ClimateMind\",\"description\":\"Psychologie f\u00fcr echte Nachhaltigkeit\",\"potentialAction\":[{\"@type\":\"SearchAction\",\"target\":{\"@type\":\"EntryPoint\",\"urlTemplate\":\"https:\/\/climatemind.de\/en\/?s={search_term_string}\"},\"query-input\":{\"@type\":\"PropertyValueSpecification\",\"valueRequired\":true,\"valueName\":\"search_term_string\"}}],\"inLanguage\":\"en-US\"},{\"@type\":\"Person\",\"@id\":\"https:\/\/climatemind.de\/en\/#\/schema\/person\/b9fd36b3699cd52c079361f449e222f4\",\"name\":\"admin\",\"image\":{\"@type\":\"ImageObject\",\"inLanguage\":\"en-US\",\"@id\":\"https:\/\/climatemind.de\/en\/#\/schema\/person\/image\/\",\"url\":\"https:\/\/secure.gravatar.com\/avatar\/fb646541bbeeb313f32e00c41399b84a188dd401b97ff03243c11927bdbabd4a?s=96&d=mm&r=g\",\"contentUrl\":\"https:\/\/secure.gravatar.com\/avatar\/fb646541bbeeb313f32e00c41399b84a188dd401b97ff03243c11927bdbabd4a?s=96&d=mm&r=g\",\"caption\":\"admin\"},\"sameAs\":[\"http:\/\/climatemind.de\"],\"url\":\"https:\/\/climatemind.de\/en\/author\/admin\/\"}]}<\/script>\n<!-- \/ Yoast SEO plugin. -->","yoast_head_json":{"title":"Yans Erfahrungsbericht zum Praktikum - ClimateMind","description":"Yans Erfahrungsbericht zum Praktikum bei ClimateMind. Lies dir den Bericht des ehemaligen Praktikanten durch und erfahre wie es f\u00fcr ihn bei ClimateMind war.","robots":{"index":"index","follow":"follow","max-snippet":"max-snippet:-1","max-image-preview":"max-image-preview:large","max-video-preview":"max-video-preview:-1"},"canonical":"https:\/\/climatemind.de\/en\/nicht-kategorisiert\/yan\/","og_locale":"en_US","og_type":"article","og_title":"Yans Erfahrungsbericht zum Praktikum bei ClimateMind.","og_description":"Yans Erfahrungsbericht zum Praktikum bei ClimateMind. Lies dir den Bericht des ehemaligen Praktikanten durch und erfahre wie es f\u00fcr ihn bei ClimateMind war.","og_url":"https:\/\/climatemind.de\/en\/nicht-kategorisiert\/yan\/","og_site_name":"ClimateMind","article_publisher":"https:\/\/m.facebook.com\/klimapsych\/","article_published_time":"2024-08-01T13:42:14+00:00","article_modified_time":"2024-12-10T12:58:58+00:00","og_image":[{"width":1080,"height":675,"url":"https:\/\/climatemind.de\/wp-content\/uploads\/2024\/08\/Yan-1-edited-1080x675-1.jpeg","type":"image\/jpeg"}],"author":"admin","twitter_card":"summary_large_image","twitter_image":"https:\/\/climatemind.de\/wp-content\/uploads\/2024\/08\/Yan-1-edited-1080x675-1.jpeg","twitter_creator":"@Climatemind_de","twitter_site":"@Climatemind_de","twitter_misc":{"Written by":"admin","Est. reading time":"5 minutes"},"schema":{"@context":"https:\/\/schema.org","@graph":[{"@type":"WebPage","@id":"https:\/\/climatemind.de\/en\/nicht-kategorisiert\/yan\/","url":"https:\/\/climatemind.de\/en\/nicht-kategorisiert\/yan\/","name":"Yans Erfahrungsbericht zum Praktikum - ClimateMind","isPartOf":{"@id":"https:\/\/climatemind.de\/en\/#website"},"primaryImageOfPage":{"@id":"https:\/\/climatemind.de\/en\/nicht-kategorisiert\/yan\/#primaryimage"},"image":{"@id":"https:\/\/climatemind.de\/en\/nicht-kategorisiert\/yan\/#primaryimage"},"thumbnailUrl":"https:\/\/climatemind.de\/wp-content\/uploads\/2024\/06\/Yan-1-edited-e1722513433229.jpeg","datePublished":"2024-08-01T13:42:14+00:00","dateModified":"2024-12-10T12:58:58+00:00","author":{"@id":"https:\/\/climatemind.de\/en\/#\/schema\/person\/b9fd36b3699cd52c079361f449e222f4"},"description":"Yans Erfahrungsbericht zum Praktikum bei ClimateMind. Lies dir den Bericht des ehemaligen Praktikanten durch und erfahre wie es f\u00fcr ihn bei ClimateMind war.","breadcrumb":{"@id":"https:\/\/climatemind.de\/en\/nicht-kategorisiert\/yan\/#breadcrumb"},"inLanguage":"en-US","potentialAction":[{"@type":"ReadAction","target":["https:\/\/climatemind.de\/en\/nicht-kategorisiert\/yan\/"]}]},{"@type":"ImageObject","inLanguage":"en-US","@id":"https:\/\/climatemind.de\/en\/nicht-kategorisiert\/yan\/#primaryimage","url":"https:\/\/climatemind.de\/wp-content\/uploads\/2024\/06\/Yan-1-edited-e1722513433229.jpeg","contentUrl":"https:\/\/climatemind.de\/wp-content\/uploads\/2024\/06\/Yan-1-edited-e1722513433229.jpeg","width":945,"height":630},{"@type":"BreadcrumbList","@id":"https:\/\/climatemind.de\/en\/nicht-kategorisiert\/yan\/#breadcrumb","itemListElement":[{"@type":"ListItem","position":1,"name":"Startseite","item":"https:\/\/climatemind.de\/en\/homepage\/"},{"@type":"ListItem","position":2,"name":"Yans Erfahrungsbericht zum Praktikum"}]},{"@type":"WebSite","@id":"https:\/\/climatemind.de\/en\/#website","url":"https:\/\/climatemind.de\/en\/","name":"ClimateMind","description":"Psychologie f\u00fcr echte Nachhaltigkeit","potentialAction":[{"@type":"SearchAction","target":{"@type":"EntryPoint","urlTemplate":"https:\/\/climatemind.de\/en\/?s={search_term_string}"},"query-input":{"@type":"PropertyValueSpecification","valueRequired":true,"valueName":"search_term_string"}}],"inLanguage":"en-US"},{"@type":"Person","@id":"https:\/\/climatemind.de\/en\/#\/schema\/person\/b9fd36b3699cd52c079361f449e222f4","name":"admin","image":{"@type":"ImageObject","inLanguage":"en-US","@id":"https:\/\/climatemind.de\/en\/#\/schema\/person\/image\/","url":"https:\/\/secure.gravatar.com\/avatar\/fb646541bbeeb313f32e00c41399b84a188dd401b97ff03243c11927bdbabd4a?s=96&d=mm&r=g","contentUrl":"https:\/\/secure.gravatar.com\/avatar\/fb646541bbeeb313f32e00c41399b84a188dd401b97ff03243c11927bdbabd4a?s=96&d=mm&r=g","caption":"admin"},"sameAs":["http:\/\/climatemind.de"],"url":"https:\/\/climatemind.de\/en\/author\/admin\/"}]}},"_links":{"self":[{"href":"https:\/\/climatemind.de\/en\/wp-json\/wp\/v2\/posts\/6767","targetHints":{"allow":["GET"]}}],"collection":[{"href":"https:\/\/climatemind.de\/en\/wp-json\/wp\/v2\/posts"}],"about":[{"href":"https:\/\/climatemind.de\/en\/wp-json\/wp\/v2\/types\/post"}],"author":[{"embeddable":true,"href":"https:\/\/climatemind.de\/en\/wp-json\/wp\/v2\/users\/1"}],"replies":[{"embeddable":true,"href":"https:\/\/climatemind.de\/en\/wp-json\/wp\/v2\/comments?post=6767"}],"version-history":[{"count":11,"href":"https:\/\/climatemind.de\/en\/wp-json\/wp\/v2\/posts\/6767\/revisions"}],"predecessor-version":[{"id":6925,"href":"https:\/\/climatemind.de\/en\/wp-json\/wp\/v2\/posts\/6767\/revisions\/6925"}],"wp:featuredmedia":[{"embeddable":true,"href":"https:\/\/climatemind.de\/en\/wp-json\/wp\/v2\/media\/6733"}],"wp:attachment":[{"href":"https:\/\/climatemind.de\/en\/wp-json\/wp\/v2\/media?parent=6767"}],"wp:term":[{"taxonomy":"category","embeddable":true,"href":"https:\/\/climatemind.de\/en\/wp-json\/wp\/v2\/categories?post=6767"},{"taxonomy":"post_tag","embeddable":true,"href":"https:\/\/climatemind.de\/en\/wp-json\/wp\/v2\/tags?post=6767"}],"curies":[{"name":"wp","href":"https:\/\/api.w.org\/{rel}","templated":true}]}}