{"id":6794,"date":"2024-12-10T12:42:19","date_gmt":"2024-12-10T11:42:19","guid":{"rendered":"https:\/\/climatemind.de\/?p=6794"},"modified":"2025-03-17T23:15:06","modified_gmt":"2025-03-17T22:15:06","slug":"ole","status":"publish","type":"post","link":"https:\/\/climatemind.de\/en\/erfahrungsberichte-jobs\/ole\/","title":{"rendered":"Oles Erfahrungsbericht zu Praktikum und Assistenz"},"content":{"rendered":"\n<p><\/p>\n\n\n\n<blockquote class=\"wp-block-quote is-layout-flow wp-block-quote-is-layout-flow\">\n<p>Das ist Teil 8 der Serie zu Erfahrungsberichten von Praktikant:innen. <\/p>\n\n\n\n<p><a href=\"https:\/\/climatemind.de\/ueber-climatemind\/#jobs\" target=\"_blank\" rel=\"noreferrer noopener\">Du findest hier einen \u00dcberblick \u00fcber die gesamte Serie.<\/a><\/p>\n<\/blockquote>\n\n\n\n<p><\/p>\n\n\n\n<h1 class=\"wp-block-heading\">Lerne Ole kennen<\/h1>\n\n\n\n<p><\/p>\n\n\n\n<h2 class=\"wp-block-heading\">Stell dich doch bitte kurz vor\u2026<\/h2>\n\n\n\n<p><\/p>\n\n\n\n<p>Mein Name ist Ole und ich bin Masterstudent in International Business und Sustainability an der SciencesPo Paris. W\u00e4hrend meines Praktikums konnte ich wertvolle Einblicke in die Organisation von Klimaworkshops gewinnen und aktiv an der Entwicklung von ClimateMind als Social Enterprise mitwirken.<\/p>\n\n\n\n<p><\/p>\n\n\n\n<h2 class=\"wp-block-heading\">Warum hast du dich f\u00fcr die Mitarbeit bei ClimateMind entschieden?<\/h2>\n\n\n\n<p><\/p>\n\n\n\n<p>Ich habe mich f\u00fcr ClimateMind entschieden, weil die Organisation den wichtigen Bereich der Klimapsychologie in den Fokus r\u00fcckt. Mich hat besonders gereizt, wissenschaftliche Erkenntnisse in praktische Workshops umzusetzen, um Menschen zu nachhaltigem Handeln zu motivieren. ClimateMind verbindet meine Leidenschaft f\u00fcr Klimaschutz mit der M\u00f6glichkeit, echten Wandel zu bewirken.<\/p>\n\n\n\n<p><\/p>\n\n\n\n<figure class=\"wp-block-image size-large\"><img loading=\"lazy\" decoding=\"async\" width=\"1024\" height=\"683\" src=\"https:\/\/climatemind.de\/wp-content\/uploads\/2024\/09\/marvin-meyer-SYTO3xs06fU-unsplash-1024x683.jpg\" alt=\"\" class=\"wp-image-6796\" srcset=\"https:\/\/climatemind.de\/wp-content\/uploads\/2024\/09\/marvin-meyer-SYTO3xs06fU-unsplash-980x653.jpg 980w, https:\/\/climatemind.de\/wp-content\/uploads\/2024\/09\/marvin-meyer-SYTO3xs06fU-unsplash-480x320.jpg 480w\" sizes=\"(min-width: 0px) and (max-width: 480px) 480px, (min-width: 481px) and (max-width: 980px) 980px, (min-width: 981px) 1024px, 100vw\" \/><\/figure>\n\n\n\n<p><\/p>\n\n\n\n<h2 class=\"wp-block-heading\">Wie sieht deine T\u00e4tigkeit als Praktikant bei ClimateMind aus?<\/h2>\n\n\n\n<p><\/p>\n\n\n\n<p>W\u00e4hrend meines Praktikums bei ClimateMind war ich vielseitig eingesetzt. Zu meinen Hauptaufgaben geh\u00f6rte die Recherche zu klimapsychologischen Konzepten (aber auch Greenwashing, CSR, EU-Richtlinien) zur Vorbereitung unserer Workshops. Zudem war ich f\u00fcr die Erstellung von Social-Media-Postings auf verschiedenen Plattformen und w\u00f6chentliche sowie monatliche Newsletter verantwortlich, um unsere Community kontinuierlich zu informieren und zu engagieren. Nach den Workshops arbeitete ich ebenfalls an der Nachbereitung. Dar\u00fcber hinaus unterst\u00fctzte ich das Vertriebsteam durch Kundenrecherchen und \u00fcbernahm administrative Aufgaben, was mir einen umfassenden Einblick in die betriebswirtschaftlichen Aspekte des Unternehmens erm\u00f6glichte. Als Marketing- und Vertriebs-Assistenz konnte ich wertvolle Erfahrungen in der strategischen Kommunikation und im Aufbau von Partnerschaften sammeln. Ich war verantwortlich f\u00fcr die Erstellung und Verwaltung von Social-Media-Inhalten, unterst\u00fctzte aktiv die Vertriebsstrategie und half dabei, unsere Reichweite gezielt zu vergr\u00f6\u00dfern. Besonders spannend fand ich die Kombination aus kreativem Content-Management und analytischer Vertriebsarbeit, die es mir erm\u00f6glichte, sowohl meine kommunikativen als auch meine strategischen F\u00e4higkeiten weiterzuentwickeln. Diese Erfahrung hat mir gezeigt, wie wichtig eine starke und authentische Au\u00dfenkommunikation f\u00fcr nachhaltige Unternehmen ist.<\/p>\n\n\n\n<p><\/p>\n\n\n\n<figure class=\"wp-block-image size-large\"><img loading=\"lazy\" decoding=\"async\" width=\"1024\" height=\"683\" src=\"https:\/\/climatemind.de\/wp-content\/uploads\/2024\/09\/domenico-loia-hGV2TfOh0ns-unsplash-1024x683.jpg\" alt=\"\" class=\"wp-image-6797\" srcset=\"https:\/\/climatemind.de\/wp-content\/uploads\/2024\/09\/domenico-loia-hGV2TfOh0ns-unsplash-980x653.jpg 980w, https:\/\/climatemind.de\/wp-content\/uploads\/2024\/09\/domenico-loia-hGV2TfOh0ns-unsplash-480x320.jpg 480w\" sizes=\"(min-width: 0px) and (max-width: 480px) 480px, (min-width: 481px) and (max-width: 980px) 980px, (min-width: 981px) 1024px, 100vw\" \/><\/figure>\n\n\n\n<p><\/p>\n\n\n\n<h2 class=\"wp-block-heading\">Was gef\u00e4llt dir an ClimateMind besonders gut?<\/h2>\n\n\n\n<p><\/p>\n\n\n\n<p>An ClimateMind gef\u00e4llt mir besonders die Kombination aus wissenschaftlicher Fundierung und praxisnaher Umsetzung. Die Arbeit im Bereich Klimapsychologie erm\u00f6glicht es, nachhaltiges Verhalten auf innovative Weise zu f\u00f6rdern. Die offene und kollaborative Teamkultur schafft zudem ein inspirierendes Umfeld, in dem Ideen wertgesch\u00e4tzt und gemeinsam weiterentwickelt werden.<\/p>\n\n\n\n<p><\/p>\n\n\n\n<h2 class=\"wp-block-heading\">Was waren f\u00fcr dich bis jetzt 3 Highlights deiner Zeit bei ClimateMind?<\/h2>\n\n\n\n<p><\/p>\n\n\n\n<p>Drei Highlights meiner Zeit bei ClimateMind waren: der Durchbruch bei der Recherche klimapsychologischer Kernkonzepte f\u00fcr einen Workshop, das Erstellen informativer Newsletter und Social-Media-Postings, die viel positives Feedback erhielten, sowie die pers\u00f6nliche Kommunikation in Team-Feedback-Gespr\u00e4chen, bei der ich neue Kollaborationsstrategien mitgestalten konnte.<\/p>\n\n\n\n<p><\/p>\n\n\n\n<figure class=\"wp-block-image size-large is-resized\"><img loading=\"lazy\" decoding=\"async\" src=\"https:\/\/climatemind.de\/wp-content\/uploads\/2024\/09\/rhondak-native-florida-folk-artist-_Yc7OtfFn-0-unsplash-edited-1.jpg\" alt=\"\" class=\"wp-image-6810\" width=\"1024\" height=\"683\" srcset=\"https:\/\/climatemind.de\/wp-content\/uploads\/2024\/09\/rhondak-native-florida-folk-artist-_Yc7OtfFn-0-unsplash-edited-1-980x613.jpg 980w, https:\/\/climatemind.de\/wp-content\/uploads\/2024\/09\/rhondak-native-florida-folk-artist-_Yc7OtfFn-0-unsplash-edited-1-480x300.jpg 480w\" sizes=\"(min-width: 0px) and (max-width: 480px) 480px, (min-width: 481px) and (max-width: 980px) 980px, (min-width: 981px) 1024px, 100vw\" \/><\/figure>\n\n\n\n<p><\/p>\n\n\n\n<h2 class=\"wp-block-heading\">Was nimmst du aus deiner Zeit bei ClimateMind f\u00fcr dich mit?<\/h2>\n\n\n\n<p>Aus meiner Zeit bei ClimateMind nehme ich die F\u00e4higkeit mit, mehrere komplexe Aufgaben gleichzeitig effizient zu priorisieren und zu bearbeiten. Durch die intensive Recherchearbeit habe ich mein Wissen zu Klimapsychologie vertieft. Zudem habe ich wertvolle betriebswirtschaftliche F\u00e4higkeiten erworben und Einblicke in die internen Abl\u00e4ufe eines Unternehmens gewonnen. Insgesamt konnte ich pers\u00f6nlich und professionell wachsen.<\/p>\n\n\n\n<p><\/p>\n\n\n\n<h2 class=\"wp-block-heading\">Du m\u00f6chtest noch mehr \u00fcber ClimateMind lernen?<\/h2>\n\n\n\n<p><\/p>\n\n\n\n<p>Du hast den Newsletter noch nicht abonniert und m\u00f6chtest keine Neuigkeiten mehr verpassen? <a href=\"https:\/\/climatemind.de\/#newsletter\" target=\"_blank\" rel=\"noreferrer noopener\">Dann abonniere jetzt unseren Newsletter!<\/a><\/p>\n<span class=\"et_bloom_bottom_trigger\"><\/span>","protected":false},"excerpt":{"rendered":"<p>Lerne Ole kennen und erhalte einen Einblick in seine T\u00e4tigkeiten und Highlights w\u00e4hrend seines Praktikums bei ClimateMind!<\/p>\n","protected":false},"author":1,"featured_media":6800,"comment_status":"closed","ping_status":"closed","sticky":false,"template":"","format":"standard","meta":{"_et_pb_use_builder":"","_et_pb_old_content":"","_et_gb_content_width":"","content-type":"","_uf_show_specific_survey":0,"_uf_disable_surveys":false,"footnotes":""},"categories":[66,1],"tags":[49,54,31,64,29,30],"class_list":["post-6794","post","type-post","status-publish","format-standard","has-post-thumbnail","hentry","category-erfahrungsberichte-jobs","category-nicht-kategorisiert","tag-climate-justice","tag-climate-psychology","tag-climatemind","tag-erfahrungsbericht","tag-klimakommunikation","tag-klimapsychologie"],"yoast_head":"<!-- This site is optimized with the Yoast SEO plugin v26.1.1 - https:\/\/yoast.com\/wordpress\/plugins\/seo\/ -->\n<title>Oles Erfahrungsbericht zu Praktikum und Assistenz - ClimateMind<\/title>\n<meta name=\"description\" content=\"Oles Erfahrungsbericht zum Praktikum bei ClimateMind. Lies dir den Bericht des ehemaligen Praktikanten durch und erfahre wie es f\u00fcr ihn bei ClimateMind war.\" \/>\n<meta name=\"robots\" content=\"index, follow, max-snippet:-1, max-image-preview:large, max-video-preview:-1\" \/>\n<link rel=\"canonical\" href=\"https:\/\/climatemind.de\/en\/erfahrungsberichte-jobs\/ole\/\" \/>\n<meta property=\"og:locale\" content=\"en_US\" \/>\n<meta property=\"og:type\" content=\"article\" \/>\n<meta property=\"og:title\" content=\"Oles Erfahrungsbericht zum Praktikum\" \/>\n<meta property=\"og:description\" content=\"Oles Erfahrungsbericht zum Praktikum bei ClimateMind. Lies dir den Bericht des ehemaligen Praktikanten durch und erfahre wie es f\u00fcr ihn bei ClimateMind war.\" \/>\n<meta property=\"og:url\" content=\"https:\/\/climatemind.de\/en\/erfahrungsberichte-jobs\/ole\/\" \/>\n<meta property=\"og:site_name\" content=\"ClimateMind\" \/>\n<meta property=\"article:publisher\" content=\"https:\/\/m.facebook.com\/klimapsych\/\" \/>\n<meta property=\"article:published_time\" content=\"2024-12-10T11:42:19+00:00\" \/>\n<meta property=\"article:modified_time\" content=\"2025-03-17T22:15:06+00:00\" \/>\n<meta property=\"og:image\" content=\"https:\/\/climatemind.de\/wp-content\/uploads\/2024\/09\/dommes-ole-copy-e1726053050754.jpg\" \/>\n\t<meta property=\"og:image:width\" content=\"945\" \/>\n\t<meta property=\"og:image:height\" content=\"729\" \/>\n\t<meta property=\"og:image:type\" content=\"image\/jpeg\" \/>\n<meta name=\"author\" content=\"admin\" \/>\n<meta name=\"twitter:card\" content=\"summary_large_image\" \/>\n<meta name=\"twitter:image\" content=\"https:\/\/climatemind.de\/wp-content\/uploads\/2024\/09\/dommes-ole-copy-e1726053050754.jpg\" \/>\n<meta name=\"twitter:creator\" content=\"@Climatemind_de\" \/>\n<meta name=\"twitter:site\" content=\"@Climatemind_de\" \/>\n<meta name=\"twitter:label1\" content=\"Written by\" \/>\n\t<meta name=\"twitter:data1\" content=\"admin\" \/>\n\t<meta name=\"twitter:label2\" content=\"Est. reading time\" \/>\n\t<meta name=\"twitter:data2\" content=\"4 minutes\" \/>\n<script type=\"application\/ld+json\" class=\"yoast-schema-graph\">{\"@context\":\"https:\/\/schema.org\",\"@graph\":[{\"@type\":\"WebPage\",\"@id\":\"https:\/\/climatemind.de\/en\/erfahrungsberichte-jobs\/ole\/\",\"url\":\"https:\/\/climatemind.de\/en\/erfahrungsberichte-jobs\/ole\/\",\"name\":\"Oles Erfahrungsbericht zu Praktikum und Assistenz - ClimateMind\",\"isPartOf\":{\"@id\":\"https:\/\/climatemind.de\/en\/#website\"},\"primaryImageOfPage\":{\"@id\":\"https:\/\/climatemind.de\/en\/erfahrungsberichte-jobs\/ole\/#primaryimage\"},\"image\":{\"@id\":\"https:\/\/climatemind.de\/en\/erfahrungsberichte-jobs\/ole\/#primaryimage\"},\"thumbnailUrl\":\"https:\/\/climatemind.de\/wp-content\/uploads\/2024\/09\/dommes-ole-copy-e1726053050754.jpg\",\"datePublished\":\"2024-12-10T11:42:19+00:00\",\"dateModified\":\"2025-03-17T22:15:06+00:00\",\"author\":{\"@id\":\"https:\/\/climatemind.de\/en\/#\/schema\/person\/b9fd36b3699cd52c079361f449e222f4\"},\"description\":\"Oles Erfahrungsbericht zum Praktikum bei ClimateMind. Lies dir den Bericht des ehemaligen Praktikanten durch und erfahre wie es f\u00fcr ihn bei ClimateMind war.\",\"breadcrumb\":{\"@id\":\"https:\/\/climatemind.de\/en\/erfahrungsberichte-jobs\/ole\/#breadcrumb\"},\"inLanguage\":\"en-US\",\"potentialAction\":[{\"@type\":\"ReadAction\",\"target\":[\"https:\/\/climatemind.de\/en\/erfahrungsberichte-jobs\/ole\/\"]}]},{\"@type\":\"ImageObject\",\"inLanguage\":\"en-US\",\"@id\":\"https:\/\/climatemind.de\/en\/erfahrungsberichte-jobs\/ole\/#primaryimage\",\"url\":\"https:\/\/climatemind.de\/wp-content\/uploads\/2024\/09\/dommes-ole-copy-e1726053050754.jpg\",\"contentUrl\":\"https:\/\/climatemind.de\/wp-content\/uploads\/2024\/09\/dommes-ole-copy-e1726053050754.jpg\",\"width\":945,\"height\":729},{\"@type\":\"BreadcrumbList\",\"@id\":\"https:\/\/climatemind.de\/en\/erfahrungsberichte-jobs\/ole\/#breadcrumb\",\"itemListElement\":[{\"@type\":\"ListItem\",\"position\":1,\"name\":\"Startseite\",\"item\":\"https:\/\/climatemind.de\/en\/homepage\/\"},{\"@type\":\"ListItem\",\"position\":2,\"name\":\"Oles Erfahrungsbericht zu Praktikum und Assistenz\"}]},{\"@type\":\"WebSite\",\"@id\":\"https:\/\/climatemind.de\/en\/#website\",\"url\":\"https:\/\/climatemind.de\/en\/\",\"name\":\"ClimateMind\",\"description\":\"Psychologie f\u00fcr echte Nachhaltigkeit\",\"potentialAction\":[{\"@type\":\"SearchAction\",\"target\":{\"@type\":\"EntryPoint\",\"urlTemplate\":\"https:\/\/climatemind.de\/en\/?s={search_term_string}\"},\"query-input\":{\"@type\":\"PropertyValueSpecification\",\"valueRequired\":true,\"valueName\":\"search_term_string\"}}],\"inLanguage\":\"en-US\"},{\"@type\":\"Person\",\"@id\":\"https:\/\/climatemind.de\/en\/#\/schema\/person\/b9fd36b3699cd52c079361f449e222f4\",\"name\":\"admin\",\"image\":{\"@type\":\"ImageObject\",\"inLanguage\":\"en-US\",\"@id\":\"https:\/\/climatemind.de\/en\/#\/schema\/person\/image\/\",\"url\":\"https:\/\/secure.gravatar.com\/avatar\/fb646541bbeeb313f32e00c41399b84a188dd401b97ff03243c11927bdbabd4a?s=96&d=mm&r=g\",\"contentUrl\":\"https:\/\/secure.gravatar.com\/avatar\/fb646541bbeeb313f32e00c41399b84a188dd401b97ff03243c11927bdbabd4a?s=96&d=mm&r=g\",\"caption\":\"admin\"},\"sameAs\":[\"http:\/\/climatemind.de\"],\"url\":\"https:\/\/climatemind.de\/en\/author\/admin\/\"}]}<\/script>\n<!-- \/ Yoast SEO plugin. -->","yoast_head_json":{"title":"Oles Erfahrungsbericht zu Praktikum und Assistenz - ClimateMind","description":"Oles Erfahrungsbericht zum Praktikum bei ClimateMind. Lies dir den Bericht des ehemaligen Praktikanten durch und erfahre wie es f\u00fcr ihn bei ClimateMind war.","robots":{"index":"index","follow":"follow","max-snippet":"max-snippet:-1","max-image-preview":"max-image-preview:large","max-video-preview":"max-video-preview:-1"},"canonical":"https:\/\/climatemind.de\/en\/erfahrungsberichte-jobs\/ole\/","og_locale":"en_US","og_type":"article","og_title":"Oles Erfahrungsbericht zum Praktikum","og_description":"Oles Erfahrungsbericht zum Praktikum bei ClimateMind. Lies dir den Bericht des ehemaligen Praktikanten durch und erfahre wie es f\u00fcr ihn bei ClimateMind war.","og_url":"https:\/\/climatemind.de\/en\/erfahrungsberichte-jobs\/ole\/","og_site_name":"ClimateMind","article_publisher":"https:\/\/m.facebook.com\/klimapsych\/","article_published_time":"2024-12-10T11:42:19+00:00","article_modified_time":"2025-03-17T22:15:06+00:00","og_image":[{"width":945,"height":729,"url":"https:\/\/climatemind.de\/wp-content\/uploads\/2024\/09\/dommes-ole-copy-e1726053050754.jpg","type":"image\/jpeg"}],"author":"admin","twitter_card":"summary_large_image","twitter_image":"https:\/\/climatemind.de\/wp-content\/uploads\/2024\/09\/dommes-ole-copy-e1726053050754.jpg","twitter_creator":"@Climatemind_de","twitter_site":"@Climatemind_de","twitter_misc":{"Written by":"admin","Est. reading time":"4 minutes"},"schema":{"@context":"https:\/\/schema.org","@graph":[{"@type":"WebPage","@id":"https:\/\/climatemind.de\/en\/erfahrungsberichte-jobs\/ole\/","url":"https:\/\/climatemind.de\/en\/erfahrungsberichte-jobs\/ole\/","name":"Oles Erfahrungsbericht zu Praktikum und Assistenz - ClimateMind","isPartOf":{"@id":"https:\/\/climatemind.de\/en\/#website"},"primaryImageOfPage":{"@id":"https:\/\/climatemind.de\/en\/erfahrungsberichte-jobs\/ole\/#primaryimage"},"image":{"@id":"https:\/\/climatemind.de\/en\/erfahrungsberichte-jobs\/ole\/#primaryimage"},"thumbnailUrl":"https:\/\/climatemind.de\/wp-content\/uploads\/2024\/09\/dommes-ole-copy-e1726053050754.jpg","datePublished":"2024-12-10T11:42:19+00:00","dateModified":"2025-03-17T22:15:06+00:00","author":{"@id":"https:\/\/climatemind.de\/en\/#\/schema\/person\/b9fd36b3699cd52c079361f449e222f4"},"description":"Oles Erfahrungsbericht zum Praktikum bei ClimateMind. Lies dir den Bericht des ehemaligen Praktikanten durch und erfahre wie es f\u00fcr ihn bei ClimateMind war.","breadcrumb":{"@id":"https:\/\/climatemind.de\/en\/erfahrungsberichte-jobs\/ole\/#breadcrumb"},"inLanguage":"en-US","potentialAction":[{"@type":"ReadAction","target":["https:\/\/climatemind.de\/en\/erfahrungsberichte-jobs\/ole\/"]}]},{"@type":"ImageObject","inLanguage":"en-US","@id":"https:\/\/climatemind.de\/en\/erfahrungsberichte-jobs\/ole\/#primaryimage","url":"https:\/\/climatemind.de\/wp-content\/uploads\/2024\/09\/dommes-ole-copy-e1726053050754.jpg","contentUrl":"https:\/\/climatemind.de\/wp-content\/uploads\/2024\/09\/dommes-ole-copy-e1726053050754.jpg","width":945,"height":729},{"@type":"BreadcrumbList","@id":"https:\/\/climatemind.de\/en\/erfahrungsberichte-jobs\/ole\/#breadcrumb","itemListElement":[{"@type":"ListItem","position":1,"name":"Startseite","item":"https:\/\/climatemind.de\/en\/homepage\/"},{"@type":"ListItem","position":2,"name":"Oles Erfahrungsbericht zu Praktikum und Assistenz"}]},{"@type":"WebSite","@id":"https:\/\/climatemind.de\/en\/#website","url":"https:\/\/climatemind.de\/en\/","name":"ClimateMind","description":"Psychologie f\u00fcr echte Nachhaltigkeit","potentialAction":[{"@type":"SearchAction","target":{"@type":"EntryPoint","urlTemplate":"https:\/\/climatemind.de\/en\/?s={search_term_string}"},"query-input":{"@type":"PropertyValueSpecification","valueRequired":true,"valueName":"search_term_string"}}],"inLanguage":"en-US"},{"@type":"Person","@id":"https:\/\/climatemind.de\/en\/#\/schema\/person\/b9fd36b3699cd52c079361f449e222f4","name":"admin","image":{"@type":"ImageObject","inLanguage":"en-US","@id":"https:\/\/climatemind.de\/en\/#\/schema\/person\/image\/","url":"https:\/\/secure.gravatar.com\/avatar\/fb646541bbeeb313f32e00c41399b84a188dd401b97ff03243c11927bdbabd4a?s=96&d=mm&r=g","contentUrl":"https:\/\/secure.gravatar.com\/avatar\/fb646541bbeeb313f32e00c41399b84a188dd401b97ff03243c11927bdbabd4a?s=96&d=mm&r=g","caption":"admin"},"sameAs":["http:\/\/climatemind.de"],"url":"https:\/\/climatemind.de\/en\/author\/admin\/"}]}},"_links":{"self":[{"href":"https:\/\/climatemind.de\/en\/wp-json\/wp\/v2\/posts\/6794","targetHints":{"allow":["GET"]}}],"collection":[{"href":"https:\/\/climatemind.de\/en\/wp-json\/wp\/v2\/posts"}],"about":[{"href":"https:\/\/climatemind.de\/en\/wp-json\/wp\/v2\/types\/post"}],"author":[{"embeddable":true,"href":"https:\/\/climatemind.de\/en\/wp-json\/wp\/v2\/users\/1"}],"replies":[{"embeddable":true,"href":"https:\/\/climatemind.de\/en\/wp-json\/wp\/v2\/comments?post=6794"}],"version-history":[{"count":11,"href":"https:\/\/climatemind.de\/en\/wp-json\/wp\/v2\/posts\/6794\/revisions"}],"predecessor-version":[{"id":6956,"href":"https:\/\/climatemind.de\/en\/wp-json\/wp\/v2\/posts\/6794\/revisions\/6956"}],"wp:featuredmedia":[{"embeddable":true,"href":"https:\/\/climatemind.de\/en\/wp-json\/wp\/v2\/media\/6800"}],"wp:attachment":[{"href":"https:\/\/climatemind.de\/en\/wp-json\/wp\/v2\/media?parent=6794"}],"wp:term":[{"taxonomy":"category","embeddable":true,"href":"https:\/\/climatemind.de\/en\/wp-json\/wp\/v2\/categories?post=6794"},{"taxonomy":"post_tag","embeddable":true,"href":"https:\/\/climatemind.de\/en\/wp-json\/wp\/v2\/tags?post=6794"}],"curies":[{"name":"wp","href":"https:\/\/api.w.org\/{rel}","templated":true}]}}