{"id":6795,"date":"2024-12-10T12:42:06","date_gmt":"2024-12-10T11:42:06","guid":{"rendered":"https:\/\/climatemind.de\/?p=6795"},"modified":"2024-12-10T13:57:25","modified_gmt":"2024-12-10T12:57:25","slug":"alisa","status":"publish","type":"post","link":"https:\/\/climatemind.de\/en\/nicht-kategorisiert\/alisa\/","title":{"rendered":"Alisas Erfahrungsbericht zum Praktikum"},"content":{"rendered":"\n<p><\/p>\n\n\n\n<blockquote class=\"wp-block-quote is-layout-flow wp-block-quote-is-layout-flow\">\n<p>Das ist Teil 6 der Serie zu Erfahrungsberichten von Praktikant:innen. <\/p>\n\n\n\n<p><a href=\"https:\/\/climatemind.de\/ueber-climatemind\/#jobs\" target=\"_blank\" rel=\"noreferrer noopener\">Du findest hier einen \u00dcberblick \u00fcber die gesamte Serie.<\/a><\/p>\n<\/blockquote>\n\n\n\n<p><\/p>\n\n\n\n<h1 class=\"wp-block-heading\">Lerne Alisa kennen<\/h1>\n\n\n\n<p><\/p>\n\n\n\n<h2 class=\"wp-block-heading\">Stell dich doch bitte kurz vor\u2026<\/h2>\n\n\n\n<p><\/p>\n\n\n\n<p>Ich hei\u00dfe Alisa, bin 24 Jahre alt und habe am Ende meines Psychologie-Bachelorstudiums ein 3-monatiges, remotes Vollzeitpraktikum bei ClimateMind absolviert. Dabei hatte ich die M\u00f6glichkeit, in verschiedene Bereiche hineinzuschnuppern. Zu meinen Aufgaben z\u00e4hlten die Betreuung der<br>Academy, Recherchearbeiten im Bereich der Klimapsychologie und Klimakommunikation, die Unterst\u00fctzung bei Auftr\u00e4gen und Jannas Impact-Reise auf den Philippinen, sowie die Mitarbeit im Vertrieb und bei der Erstellung von Blogartikeln und des Newsletters.<\/p>\n\n\n\n<p><\/p>\n\n\n\n<h2 class=\"wp-block-heading\">Warum hast du dich f\u00fcr die Mitarbeit bei ClimateMind entschieden?<\/h2>\n\n\n\n<p><\/p>\n\n\n\n<p>Schon l\u00e4nger habe ich nach M\u00f6glichkeiten gesucht, mein Psychologie-Studium mit den Themen Klimaschutz und Klimagerechtigkeit zu verbinden und mein Wissen in diesem f\u00fcr mich wichtigen Bereich anzuwenden. Das junge, sympathische Team und die M\u00f6glichkeit, mich aktiv einzubringen und eigenst\u00e4ndig arbeiten zu k\u00f6nnen, haben mein Interesse an der Mitarbeit bei ClimateMind schlie\u00dflich endg\u00fcltig geweckt.<\/p>\n\n\n\n<p><\/p>\n\n\n\n<figure class=\"wp-block-image size-large is-resized\"><img loading=\"lazy\" decoding=\"async\" src=\"https:\/\/climatemind.de\/wp-content\/uploads\/2024\/11\/Folienbild-168-1-1024x736.jpg\" alt=\"\" class=\"wp-image-6850\" width=\"1024\" height=\"683\" srcset=\"https:\/\/climatemind.de\/wp-content\/uploads\/2024\/11\/Folienbild-168-1-980x704.jpg 980w, https:\/\/climatemind.de\/wp-content\/uploads\/2024\/11\/Folienbild-168-1-480x345.jpg 480w\" sizes=\"(min-width: 0px) and (max-width: 480px) 480px, (min-width: 481px) and (max-width: 980px) 980px, (min-width: 981px) 1024px, 100vw\" \/><\/figure>\n\n\n\n<p><\/p>\n\n\n\n<h2 class=\"wp-block-heading\">Wie sieht deine T\u00e4tigkeit als Praktikant bei ClimateMind aus?<\/h2>\n\n\n\n<p><\/p>\n\n\n\n<p>W\u00e4hrend meines Praktikums war jeder Tag unterschiedlich, je nachdem, was gerade bei ClimateMind anstand. Beispielsweise konnte es sein, dass ich mich zun\u00e4chst um die Betreuung und Erweiterung des Academy-Kursangebots k\u00fcmmerte, anschlie\u00dfend bei der Vorbereitung und Umsetzung eines<br>Auftrags unterst\u00fctzte und danach eine Recherche zu einem relevanten klimapsychologischen Thema durchf\u00fchrte. Dadurch hatte ich die M\u00f6glichkeit, in ganz verschiedene Bereiche hineinzuschnuppern. Da das Praktikum remote stattfand, konnte ich als Praktikantin viele Aufgaben selbst \u00fcbernehmen<br>und oft eigenst\u00e4ndig an diesen arbeiten und mich so aktiv einbringen. Trotzdem lernte ich auch das Team schnell kennen, sei es in verschiedenen Team-Meetings oder durch die Zusammenarbeit an unterschiedlichen Projekten und Aufgaben.<\/p>\n\n\n\n<p><\/p>\n\n\n\n<figure class=\"wp-block-image size-large\"><img loading=\"lazy\" decoding=\"async\" width=\"1024\" height=\"683\" src=\"https:\/\/climatemind.de\/wp-content\/uploads\/2024\/09\/taylor-flowe-TLLb3EU6tiU-unsplash-1024x683.jpg\" alt=\"\" class=\"wp-image-6805\" srcset=\"https:\/\/climatemind.de\/wp-content\/uploads\/2024\/09\/taylor-flowe-TLLb3EU6tiU-unsplash-980x653.jpg 980w, https:\/\/climatemind.de\/wp-content\/uploads\/2024\/09\/taylor-flowe-TLLb3EU6tiU-unsplash-480x320.jpg 480w\" sizes=\"(min-width: 0px) and (max-width: 480px) 480px, (min-width: 481px) and (max-width: 980px) 980px, (min-width: 981px) 1024px, 100vw\" \/><\/figure>\n\n\n\n<p><\/p>\n\n\n\n<h2 class=\"wp-block-heading\">Was gef\u00e4llt dir an ClimateMind besonders gut?<\/h2>\n\n\n\n<p><\/p>\n\n\n\n<p>Bei ClimateMind steht das Team mit Herz und vollem Einsatz hinter dem Engagement f\u00fcr Klimaschutz und Klimagerechtigkeit. Es ist sch\u00f6n, mit Menschen zusammenzuarbeiten, denen diese Themen ebenfalls wichtig sind. W\u00e4hrend des Praktikums hat man au\u00dferdem die M\u00f6glichkeit, sich aktiv einzubringen, Verantwortung zu \u00fcbernehmen, verschiedene Aufgabenbereiche kennenzulernen und Einblicke in die Arbeit eines Social Start-ups zu gewinnen.<\/p>\n\n\n\n<p><\/p>\n\n\n\n<h2 class=\"wp-block-heading\">Was waren f\u00fcr dich bis jetzt 3 Highlights deiner Zeit bei ClimateMind?<\/h2>\n\n\n\n<p><\/p>\n\n\n\n<p>Eines meiner Highlights war es, bei Auftr\u00e4gen dabei sein und unterst\u00fctzen zu k\u00f6nnen. Au\u00dferdem war ich w\u00e4hrend Jannas Impact-Reise auf den Philippinen aktiv eingebunden, erhielt t\u00e4glich neue Eindr\u00fccke und Erkenntnisse von ihr und arbeitete dabei intensiv mit Janna und der Praktikantin aus dem Social-Media Team zusammen. Besonders viel Spa\u00df hat es mir auch gemacht, mit dem Team in Kontakt zu stehen, sei es bei Team-Meetings oder bei der Zusammenarbeit an Aufgaben.<\/p>\n\n\n\n<p><\/p>\n\n\n\n<figure class=\"wp-block-image size-large\"><img loading=\"lazy\" decoding=\"async\" width=\"1024\" height=\"683\" src=\"https:\/\/climatemind.de\/wp-content\/uploads\/2024\/11\/hannah-busing-Zyx1bK9mqmA-unsplash-1024x683.jpg\" alt=\"\" class=\"wp-image-6854\" srcset=\"https:\/\/climatemind.de\/wp-content\/uploads\/2024\/11\/hannah-busing-Zyx1bK9mqmA-unsplash-980x653.jpg 980w, https:\/\/climatemind.de\/wp-content\/uploads\/2024\/11\/hannah-busing-Zyx1bK9mqmA-unsplash-480x320.jpg 480w\" sizes=\"(min-width: 0px) and (max-width: 480px) 480px, (min-width: 481px) and (max-width: 980px) 980px, (min-width: 981px) 1024px, 100vw\" \/><\/figure>\n\n\n\n<p><\/p>\n\n\n\n<h2 class=\"wp-block-heading\">Was nimmst du aus deiner Zeit bei ClimateMind f\u00fcr dich mit?<\/h2>\n\n\n\n<p>Durch mein Praktikum bei ClimateMind und die vielen Aufgaben, die ich \u00fcbernommen habe und die mir anvertraut wurden, habe ich Selbstbewusstsein f\u00fcr meine weitere berufliche Zukunft gewonnen. Au\u00dferdem konnte ich viele praktische F\u00e4higkeiten entwickeln, mein fachliches Wissen erweitern, meine Rolle im Team finden und die abwechslungsreiche und dynamische Arbeit in einem Social Start-up kennenlernen.<\/p>\n\n\n\n<p><\/p>\n\n\n\n<h2 class=\"wp-block-heading\">Du m\u00f6chtest noch mehr \u00fcber ClimateMind lernen?<\/h2>\n\n\n\n<p><\/p>\n\n\n\n<p>Du hast den Newsletter noch nicht abonniert und m\u00f6chtest keine Neuigkeiten mehr verpassen? <a href=\"https:\/\/climatemind.de\/#newsletter\" target=\"_blank\" rel=\"noreferrer noopener\">Dann abonniere jetzt unseren Newsletter!<\/a><\/p>\n<span class=\"et_bloom_bottom_trigger\"><\/span>","protected":false},"excerpt":{"rendered":"<p>Lerne Alisa kennen und erhalte einen Einblick in ihre T\u00e4tigkeiten und Highlights w\u00e4hrend ihres Praktikums bei ClimateMind!<\/p>\n","protected":false},"author":1,"featured_media":6803,"comment_status":"closed","ping_status":"closed","sticky":false,"template":"","format":"standard","meta":{"_et_pb_use_builder":"","_et_pb_old_content":"","_et_gb_content_width":"","content-type":"","_uf_show_specific_survey":0,"_uf_disable_surveys":false,"footnotes":""},"categories":[66,1],"tags":[49,54,31,64,29,30],"class_list":["post-6795","post","type-post","status-publish","format-standard","has-post-thumbnail","hentry","category-erfahrungsberichte-jobs","category-nicht-kategorisiert","tag-climate-justice","tag-climate-psychology","tag-climatemind","tag-erfahrungsbericht","tag-klimakommunikation","tag-klimapsychologie"],"yoast_head":"<!-- This site is optimized with the Yoast SEO plugin v26.1.1 - https:\/\/yoast.com\/wordpress\/plugins\/seo\/ -->\n<title>Alisas Erfahrungsbericht zum Praktikum - ClimateMind<\/title>\n<meta name=\"description\" content=\"Alisas Erfahrungsbericht zum Praktikum bei ClimateMind. Lies dir den Bericht von der ehemaligen Praktikantin durch und erfahre wie es f\u00fcr sie bei ClimateMind war.\" \/>\n<meta name=\"robots\" content=\"index, follow, max-snippet:-1, max-image-preview:large, max-video-preview:-1\" \/>\n<link rel=\"canonical\" href=\"https:\/\/climatemind.de\/en\/nicht-kategorisiert\/alisa\/\" \/>\n<meta property=\"og:locale\" content=\"en_US\" \/>\n<meta property=\"og:type\" content=\"article\" \/>\n<meta property=\"og:title\" content=\"Alisas Erfahrungsbericht zum Praktikum\" \/>\n<meta property=\"og:description\" content=\"Alisas Erfahrungsbericht zum Praktikum bei ClimateMind. Lies dir den Bericht von der ehemaligen Praktikantin durch und erfahre wie es f\u00fcr sie bei ClimateMind war.\" \/>\n<meta property=\"og:url\" content=\"https:\/\/climatemind.de\/en\/nicht-kategorisiert\/alisa\/\" \/>\n<meta property=\"og:site_name\" content=\"ClimateMind\" \/>\n<meta property=\"article:publisher\" content=\"https:\/\/m.facebook.com\/klimapsych\/\" \/>\n<meta property=\"article:published_time\" content=\"2024-12-10T11:42:06+00:00\" \/>\n<meta property=\"article:modified_time\" content=\"2024-12-10T12:57:25+00:00\" \/>\n<meta property=\"og:image\" content=\"https:\/\/climatemind.de\/wp-content\/uploads\/2024\/09\/Foto_Alisa-e1726055580388.jpg\" \/>\n\t<meta property=\"og:image:width\" content=\"1814\" \/>\n\t<meta property=\"og:image:height\" content=\"1120\" \/>\n\t<meta property=\"og:image:type\" content=\"image\/jpeg\" \/>\n<meta name=\"author\" content=\"admin\" \/>\n<meta name=\"twitter:card\" content=\"summary_large_image\" \/>\n<meta name=\"twitter:image\" content=\"https:\/\/climatemind.de\/wp-content\/uploads\/2024\/09\/Foto_Alisa-e1726055580388.jpg\" \/>\n<meta name=\"twitter:creator\" content=\"@Climatemind_de\" \/>\n<meta name=\"twitter:site\" content=\"@Climatemind_de\" \/>\n<meta name=\"twitter:label1\" content=\"Written by\" \/>\n\t<meta name=\"twitter:data1\" content=\"admin\" \/>\n\t<meta name=\"twitter:label2\" content=\"Est. reading time\" \/>\n\t<meta name=\"twitter:data2\" content=\"4 minutes\" \/>\n<script type=\"application\/ld+json\" class=\"yoast-schema-graph\">{\"@context\":\"https:\/\/schema.org\",\"@graph\":[{\"@type\":\"WebPage\",\"@id\":\"https:\/\/climatemind.de\/en\/nicht-kategorisiert\/alisa\/\",\"url\":\"https:\/\/climatemind.de\/en\/nicht-kategorisiert\/alisa\/\",\"name\":\"Alisas Erfahrungsbericht zum Praktikum - ClimateMind\",\"isPartOf\":{\"@id\":\"https:\/\/climatemind.de\/en\/#website\"},\"primaryImageOfPage\":{\"@id\":\"https:\/\/climatemind.de\/en\/nicht-kategorisiert\/alisa\/#primaryimage\"},\"image\":{\"@id\":\"https:\/\/climatemind.de\/en\/nicht-kategorisiert\/alisa\/#primaryimage\"},\"thumbnailUrl\":\"https:\/\/climatemind.de\/wp-content\/uploads\/2024\/09\/Foto_Alisa-e1726055580388.jpg\",\"datePublished\":\"2024-12-10T11:42:06+00:00\",\"dateModified\":\"2024-12-10T12:57:25+00:00\",\"author\":{\"@id\":\"https:\/\/climatemind.de\/en\/#\/schema\/person\/b9fd36b3699cd52c079361f449e222f4\"},\"description\":\"Alisas Erfahrungsbericht zum Praktikum bei ClimateMind. Lies dir den Bericht von der ehemaligen Praktikantin durch und erfahre wie es f\u00fcr sie bei ClimateMind war.\",\"breadcrumb\":{\"@id\":\"https:\/\/climatemind.de\/en\/nicht-kategorisiert\/alisa\/#breadcrumb\"},\"inLanguage\":\"en-US\",\"potentialAction\":[{\"@type\":\"ReadAction\",\"target\":[\"https:\/\/climatemind.de\/en\/nicht-kategorisiert\/alisa\/\"]}]},{\"@type\":\"ImageObject\",\"inLanguage\":\"en-US\",\"@id\":\"https:\/\/climatemind.de\/en\/nicht-kategorisiert\/alisa\/#primaryimage\",\"url\":\"https:\/\/climatemind.de\/wp-content\/uploads\/2024\/09\/Foto_Alisa-e1726055580388.jpg\",\"contentUrl\":\"https:\/\/climatemind.de\/wp-content\/uploads\/2024\/09\/Foto_Alisa-e1726055580388.jpg\",\"width\":1814,\"height\":1120},{\"@type\":\"BreadcrumbList\",\"@id\":\"https:\/\/climatemind.de\/en\/nicht-kategorisiert\/alisa\/#breadcrumb\",\"itemListElement\":[{\"@type\":\"ListItem\",\"position\":1,\"name\":\"Startseite\",\"item\":\"https:\/\/climatemind.de\/en\/homepage\/\"},{\"@type\":\"ListItem\",\"position\":2,\"name\":\"Alisas Erfahrungsbericht zum Praktikum\"}]},{\"@type\":\"WebSite\",\"@id\":\"https:\/\/climatemind.de\/en\/#website\",\"url\":\"https:\/\/climatemind.de\/en\/\",\"name\":\"ClimateMind\",\"description\":\"Psychologie f\u00fcr echte Nachhaltigkeit\",\"potentialAction\":[{\"@type\":\"SearchAction\",\"target\":{\"@type\":\"EntryPoint\",\"urlTemplate\":\"https:\/\/climatemind.de\/en\/?s={search_term_string}\"},\"query-input\":{\"@type\":\"PropertyValueSpecification\",\"valueRequired\":true,\"valueName\":\"search_term_string\"}}],\"inLanguage\":\"en-US\"},{\"@type\":\"Person\",\"@id\":\"https:\/\/climatemind.de\/en\/#\/schema\/person\/b9fd36b3699cd52c079361f449e222f4\",\"name\":\"admin\",\"image\":{\"@type\":\"ImageObject\",\"inLanguage\":\"en-US\",\"@id\":\"https:\/\/climatemind.de\/en\/#\/schema\/person\/image\/\",\"url\":\"https:\/\/secure.gravatar.com\/avatar\/fb646541bbeeb313f32e00c41399b84a188dd401b97ff03243c11927bdbabd4a?s=96&d=mm&r=g\",\"contentUrl\":\"https:\/\/secure.gravatar.com\/avatar\/fb646541bbeeb313f32e00c41399b84a188dd401b97ff03243c11927bdbabd4a?s=96&d=mm&r=g\",\"caption\":\"admin\"},\"sameAs\":[\"http:\/\/climatemind.de\"],\"url\":\"https:\/\/climatemind.de\/en\/author\/admin\/\"}]}<\/script>\n<!-- \/ Yoast SEO plugin. -->","yoast_head_json":{"title":"Alisas Erfahrungsbericht zum Praktikum - ClimateMind","description":"Alisas Erfahrungsbericht zum Praktikum bei ClimateMind. Lies dir den Bericht von der ehemaligen Praktikantin durch und erfahre wie es f\u00fcr sie bei ClimateMind war.","robots":{"index":"index","follow":"follow","max-snippet":"max-snippet:-1","max-image-preview":"max-image-preview:large","max-video-preview":"max-video-preview:-1"},"canonical":"https:\/\/climatemind.de\/en\/nicht-kategorisiert\/alisa\/","og_locale":"en_US","og_type":"article","og_title":"Alisas Erfahrungsbericht zum Praktikum","og_description":"Alisas Erfahrungsbericht zum Praktikum bei ClimateMind. Lies dir den Bericht von der ehemaligen Praktikantin durch und erfahre wie es f\u00fcr sie bei ClimateMind war.","og_url":"https:\/\/climatemind.de\/en\/nicht-kategorisiert\/alisa\/","og_site_name":"ClimateMind","article_publisher":"https:\/\/m.facebook.com\/klimapsych\/","article_published_time":"2024-12-10T11:42:06+00:00","article_modified_time":"2024-12-10T12:57:25+00:00","og_image":[{"width":1814,"height":1120,"url":"https:\/\/climatemind.de\/wp-content\/uploads\/2024\/09\/Foto_Alisa-e1726055580388.jpg","type":"image\/jpeg"}],"author":"admin","twitter_card":"summary_large_image","twitter_image":"https:\/\/climatemind.de\/wp-content\/uploads\/2024\/09\/Foto_Alisa-e1726055580388.jpg","twitter_creator":"@Climatemind_de","twitter_site":"@Climatemind_de","twitter_misc":{"Written by":"admin","Est. reading time":"4 minutes"},"schema":{"@context":"https:\/\/schema.org","@graph":[{"@type":"WebPage","@id":"https:\/\/climatemind.de\/en\/nicht-kategorisiert\/alisa\/","url":"https:\/\/climatemind.de\/en\/nicht-kategorisiert\/alisa\/","name":"Alisas Erfahrungsbericht zum Praktikum - ClimateMind","isPartOf":{"@id":"https:\/\/climatemind.de\/en\/#website"},"primaryImageOfPage":{"@id":"https:\/\/climatemind.de\/en\/nicht-kategorisiert\/alisa\/#primaryimage"},"image":{"@id":"https:\/\/climatemind.de\/en\/nicht-kategorisiert\/alisa\/#primaryimage"},"thumbnailUrl":"https:\/\/climatemind.de\/wp-content\/uploads\/2024\/09\/Foto_Alisa-e1726055580388.jpg","datePublished":"2024-12-10T11:42:06+00:00","dateModified":"2024-12-10T12:57:25+00:00","author":{"@id":"https:\/\/climatemind.de\/en\/#\/schema\/person\/b9fd36b3699cd52c079361f449e222f4"},"description":"Alisas Erfahrungsbericht zum Praktikum bei ClimateMind. Lies dir den Bericht von der ehemaligen Praktikantin durch und erfahre wie es f\u00fcr sie bei ClimateMind war.","breadcrumb":{"@id":"https:\/\/climatemind.de\/en\/nicht-kategorisiert\/alisa\/#breadcrumb"},"inLanguage":"en-US","potentialAction":[{"@type":"ReadAction","target":["https:\/\/climatemind.de\/en\/nicht-kategorisiert\/alisa\/"]}]},{"@type":"ImageObject","inLanguage":"en-US","@id":"https:\/\/climatemind.de\/en\/nicht-kategorisiert\/alisa\/#primaryimage","url":"https:\/\/climatemind.de\/wp-content\/uploads\/2024\/09\/Foto_Alisa-e1726055580388.jpg","contentUrl":"https:\/\/climatemind.de\/wp-content\/uploads\/2024\/09\/Foto_Alisa-e1726055580388.jpg","width":1814,"height":1120},{"@type":"BreadcrumbList","@id":"https:\/\/climatemind.de\/en\/nicht-kategorisiert\/alisa\/#breadcrumb","itemListElement":[{"@type":"ListItem","position":1,"name":"Startseite","item":"https:\/\/climatemind.de\/en\/homepage\/"},{"@type":"ListItem","position":2,"name":"Alisas Erfahrungsbericht zum Praktikum"}]},{"@type":"WebSite","@id":"https:\/\/climatemind.de\/en\/#website","url":"https:\/\/climatemind.de\/en\/","name":"ClimateMind","description":"Psychologie f\u00fcr echte Nachhaltigkeit","potentialAction":[{"@type":"SearchAction","target":{"@type":"EntryPoint","urlTemplate":"https:\/\/climatemind.de\/en\/?s={search_term_string}"},"query-input":{"@type":"PropertyValueSpecification","valueRequired":true,"valueName":"search_term_string"}}],"inLanguage":"en-US"},{"@type":"Person","@id":"https:\/\/climatemind.de\/en\/#\/schema\/person\/b9fd36b3699cd52c079361f449e222f4","name":"admin","image":{"@type":"ImageObject","inLanguage":"en-US","@id":"https:\/\/climatemind.de\/en\/#\/schema\/person\/image\/","url":"https:\/\/secure.gravatar.com\/avatar\/fb646541bbeeb313f32e00c41399b84a188dd401b97ff03243c11927bdbabd4a?s=96&d=mm&r=g","contentUrl":"https:\/\/secure.gravatar.com\/avatar\/fb646541bbeeb313f32e00c41399b84a188dd401b97ff03243c11927bdbabd4a?s=96&d=mm&r=g","caption":"admin"},"sameAs":["http:\/\/climatemind.de"],"url":"https:\/\/climatemind.de\/en\/author\/admin\/"}]}},"_links":{"self":[{"href":"https:\/\/climatemind.de\/en\/wp-json\/wp\/v2\/posts\/6795","targetHints":{"allow":["GET"]}}],"collection":[{"href":"https:\/\/climatemind.de\/en\/wp-json\/wp\/v2\/posts"}],"about":[{"href":"https:\/\/climatemind.de\/en\/wp-json\/wp\/v2\/types\/post"}],"author":[{"embeddable":true,"href":"https:\/\/climatemind.de\/en\/wp-json\/wp\/v2\/users\/1"}],"replies":[{"embeddable":true,"href":"https:\/\/climatemind.de\/en\/wp-json\/wp\/v2\/comments?post=6795"}],"version-history":[{"count":7,"href":"https:\/\/climatemind.de\/en\/wp-json\/wp\/v2\/posts\/6795\/revisions"}],"predecessor-version":[{"id":6923,"href":"https:\/\/climatemind.de\/en\/wp-json\/wp\/v2\/posts\/6795\/revisions\/6923"}],"wp:featuredmedia":[{"embeddable":true,"href":"https:\/\/climatemind.de\/en\/wp-json\/wp\/v2\/media\/6803"}],"wp:attachment":[{"href":"https:\/\/climatemind.de\/en\/wp-json\/wp\/v2\/media?parent=6795"}],"wp:term":[{"taxonomy":"category","embeddable":true,"href":"https:\/\/climatemind.de\/en\/wp-json\/wp\/v2\/categories?post=6795"},{"taxonomy":"post_tag","embeddable":true,"href":"https:\/\/climatemind.de\/en\/wp-json\/wp\/v2\/tags?post=6795"}],"curies":[{"name":"wp","href":"https:\/\/api.w.org\/{rel}","templated":true}]}}