{"id":6817,"date":"2024-12-10T12:37:56","date_gmt":"2024-12-10T11:37:56","guid":{"rendered":"https:\/\/climatemind.de\/?p=6817"},"modified":"2024-12-10T14:02:12","modified_gmt":"2024-12-10T13:02:12","slug":"wiebke","status":"publish","type":"post","link":"https:\/\/climatemind.de\/en\/erfahrungsberichte-jobs\/wiebke\/","title":{"rendered":"Wiebkes Erfahrungsbericht zum Praktikum"},"content":{"rendered":"\n<p><\/p>\n\n\n\n<blockquote class=\"wp-block-quote is-layout-flow wp-block-quote-is-layout-flow\">\n<p>Das ist Teil 2 der Serie zu Erfahrungsberichten von Praktikant:innen.<\/p>\n\n\n\n<p><a href=\"https:\/\/climatemind.de\/ueber-climatemind\/#jobs\" target=\"_blank\" rel=\"noreferrer noopener\">Du findest hier einen \u00dcberblick \u00fcber die gesamte Serie<em>.<\/em><\/a><\/p>\n<\/blockquote>\n\n\n\n<p><\/p>\n\n\n\n<h1 class=\"wp-block-heading\">Lerne Wiebke kennen<\/h1>\n\n\n\n<p><\/p>\n\n\n\n<h2 class=\"wp-block-heading\">Stell dich doch bitte kurz vor\u2026<\/h2>\n\n\n\n<p><\/p>\n\n\n\n<p>Hey! Ich bin Wiebke, 24 Jahre alt und studiere aktuell im Master Psychologie. Ich habe von Januar bis April 2025 ein dreimonatiges Praktikum bei ClimateMind absolviert. Meine T\u00e4tigkeiten waren sehr vielf\u00e4ltig, besonders habe ich mich mit Team-Building, wissenschaftlichen Recherchen, Auftragsmanagement und Presse-Arbeit besch\u00e4ftigt.<\/p>\n\n\n\n<p><\/p>\n\n\n\n<figure class=\"wp-block-image size-large\"><img loading=\"lazy\" decoding=\"async\" width=\"1024\" height=\"683\" src=\"https:\/\/climatemind.de\/wp-content\/uploads\/2024\/11\/thought-catalog-505eectW54k-unsplash-1-1024x683.jpg\" alt=\"\" class=\"wp-image-6848\" srcset=\"https:\/\/climatemind.de\/wp-content\/uploads\/2024\/11\/thought-catalog-505eectW54k-unsplash-1-980x653.jpg 980w, https:\/\/climatemind.de\/wp-content\/uploads\/2024\/11\/thought-catalog-505eectW54k-unsplash-1-480x320.jpg 480w\" sizes=\"(min-width: 0px) and (max-width: 480px) 480px, (min-width: 481px) and (max-width: 980px) 980px, (min-width: 981px) 1024px, 100vw\" \/><\/figure>\n\n\n\n<p><\/p>\n\n\n\n<h2 class=\"wp-block-heading\">Warum hast du dich f\u00fcr die Mitarbeit bei ClimateMind entschieden?<\/h2>\n\n\n\n<p><\/p>\n\n\n\n<p>Mir war es wichtig mit meinem Praktikum eine Organisation zu unterst\u00fctzen, bei deren Zielen ich selbst vollkommen mitgehen kann. Au\u00dferdem wollte ich unbedingt etwas \u00fcber den Bereich der Klimapsychologie lernen und fand es besonders interessant, dass ClimateMind die Erkenntnisse der Klimapsychologie von der reinen Wissenschaft in die Praxis holt.<\/p>\n\n\n\n<p><\/p>\n\n\n\n<figure class=\"wp-block-image size-large\"><img loading=\"lazy\" decoding=\"async\" width=\"1024\" height=\"576\" src=\"https:\/\/climatemind.de\/wp-content\/uploads\/2024\/11\/harrison-leece-ii6BOPjAtVY-unsplash-1024x576.jpg\" alt=\"\" class=\"wp-image-6844\" srcset=\"https:\/\/climatemind.de\/wp-content\/uploads\/2024\/11\/harrison-leece-ii6BOPjAtVY-unsplash-980x551.jpg 980w, https:\/\/climatemind.de\/wp-content\/uploads\/2024\/11\/harrison-leece-ii6BOPjAtVY-unsplash-480x270.jpg 480w\" sizes=\"(min-width: 0px) and (max-width: 480px) 480px, (min-width: 481px) and (max-width: 980px) 980px, (min-width: 981px) 1024px, 100vw\" \/><\/figure>\n\n\n\n<p><\/p>\n\n\n\n<h2 class=\"wp-block-heading\">Wie sieht deine T\u00e4tigkeit als Praktikantin bei ClimateMind aus?<\/h2>\n\n\n\n<p><\/p>\n\n\n\n<p>Ich durfte sehr vielf\u00e4ltige T\u00e4tigkeiten \u00fcbernehmen. Unter anderem unterst\u00fctzte ich die Vor- und Nachbereitung von Auftr\u00e4gen, f\u00fchrte daf\u00fcr inhaltliche Recherchen durch und \u00fcbernahm organisatorische Aufgaben. Zudem war ich an Pressearbeit und der Erstellung von Newslettern beteiligt. <\/p>\n\n\n\n<p>Au\u00dferdem baute ich zusammen mit Janna eine Struktur zur Ablage von Recherchen und wissenschaftlichen Quellen auf. Auch bei Personalangelegenheiten konnte ich mitwirken: von Stellenausschreibungen \u00fcber Onboarding neuer Teammitglieder bis hin zur Organisation von Team-Building-Events. Ich moderierte interne Meetings, hielt einen w\u00f6chentlichen Input zu den wichtigsten Nachrichten aus Politik und Wirtschaft, koordinierte die internen Weiterbildungen und hielt selbst zwei Weiterbildungen.<\/p>\n\n\n\n<p><\/p>\n\n\n\n<h2 class=\"wp-block-heading\">Was gef\u00e4llt dir an ClimateMind besonders gut?<\/h2>\n\n\n\n<p><\/p>\n\n\n\n<p>Besonders gut gef\u00e4llt mir das Team! Die Atmosph\u00e4re war immer offen und unterst\u00fctzend und ich durfte inspirierende Menschen kennenlernen. Au\u00dferdem war ich positiv \u00fcberrascht von der Vielf\u00e4ltigkeit der T\u00e4tigkeiten, die man als Praktikant:in bei ClimateMind kennenlernen kann &#8211; nicht nur in den<br>Bereichen Klimapsychologie und Klimakommunikation, sondern auch in Marketing, Vertrieb, Auftragsmanagement, \u00d6ffentlichkeitsarbeit und Personalwesen. Zudem wird bei ClimateMind wirklich Wert darauf gelegt, dass Praktikant:innen aktiv mitarbeiten \u2013 definitiv kein klassisches Kaffeekoch-Praktikum.<\/p>\n\n\n\n<p><\/p>\n\n\n\n<h2 class=\"wp-block-heading\">Was waren f\u00fcr dich bis jetzt 3 Highlights deiner Zeit bei ClimateMind?<\/h2>\n\n\n\n<p><\/p>\n\n\n\n<p>Ein Highlight war definitiv ein sehr inspirierendes Q&amp;A mit Janna zu ihrer Philippinenreise. Ihr authentisches Engagement f\u00fcr Climate Justice war sehr ansteckend und ermutigend. Generell war ich begeistert vom Austausch und gegenseitigen Support im Team, zum Beispiel beim w\u00f6chentlich stattfindenden \u201eEmotionalen Austausch\u201c. <br>Au\u00dferdem waren f\u00fcr mich die inhaltlichen Recherchen zu Themen wie Entscheidungsfindung, gesellschaftlicher Umgang mit Angst vor Transformation und Klimakommunikation in Zeiten von Rechtsruck weitere Highlights.<\/p>\n\n\n\n<p><\/p>\n\n\n\n<figure class=\"wp-block-image size-large is-resized\"><img loading=\"lazy\" decoding=\"async\" src=\"https:\/\/climatemind.de\/wp-content\/uploads\/2024\/11\/Folienbild-110-1-1024x736.jpg\" alt=\"\" class=\"wp-image-6843\" width=\"1024\" height=\"683\" srcset=\"https:\/\/climatemind.de\/wp-content\/uploads\/2024\/11\/Folienbild-110-1-980x704.jpg 980w, https:\/\/climatemind.de\/wp-content\/uploads\/2024\/11\/Folienbild-110-1-480x345.jpg 480w\" sizes=\"(min-width: 0px) and (max-width: 480px) 480px, (min-width: 481px) and (max-width: 980px) 980px, (min-width: 981px) 1024px, 100vw\" \/><\/figure>\n\n\n\n<p><\/p>\n\n\n\n<h2 class=\"wp-block-heading\">Was nimmst du aus deiner Zeit bei ClimateMind f\u00fcr dich mit?<\/h2>\n\n\n\n<p><\/p>\n\n\n\n<p>Ich nehme sowohl fachliches als auch pers\u00f6nliches Wachstum mit. Ich konnte in sehr vielf\u00e4ltigen Bereichen dazulernen, wei\u00df jetzt z.B. wie man mit Presseanfragen umgeht, wie man Team-Events moderiert, welche Barrieren uns vom Handeln in der Klimakrise abhalten u. v. m.. Zudem habe ich das Gef\u00fchl, dass ich mich in meiner Arbeitsweise sehr weiterentwickelt habe und viel strukturierter, selbstbewusster und eigenverantwortlicher geworden bin. Au\u00dferdem war es einfach sch\u00f6n und empowernd mit Menschen zusammenzuarbeiten, die \u00e4hnliche Vorstellungen von gesellschaftlicher Transformation und Climate Justice haben und mit so viel Herz und Einsatz bei der Arbeit sind.<\/p>\n\n\n\n<p><\/p>\n\n\n\n<h2 class=\"wp-block-heading\">Du m\u00f6chtest noch mehr \u00fcber ClimateMind lernen?<\/h2>\n\n\n\n<p><\/p>\n\n\n\n<p>Du hast den Newsletter noch nicht abonniert und m\u00f6chtest keine Neuigkeiten mehr verpassen? <a href=\"http:\/\/climatemind.de\/#newsletter\" target=\"_blank\" rel=\"noreferrer noopener\">Dann abonniere jetzt unseren Newsletter!<\/a><\/p>\n\n\n\n<p><\/p>\n<span class=\"et_bloom_bottom_trigger\"><\/span>","protected":false},"excerpt":{"rendered":"<p>Lerne Wiebke kennen und erhalte einen Einblick in ihre T\u00e4tigkeiten und Highlights w\u00e4hrend ihres Praktikums bei ClimateMind!<\/p>\n","protected":false},"author":1,"featured_media":6910,"comment_status":"closed","ping_status":"closed","sticky":false,"template":"","format":"standard","meta":{"_et_pb_use_builder":"","_et_pb_old_content":"","_et_gb_content_width":"","content-type":"","_uf_show_specific_survey":0,"_uf_disable_surveys":false,"footnotes":""},"categories":[66,1],"tags":[49,54,31,64,29,30],"class_list":["post-6817","post","type-post","status-publish","format-standard","has-post-thumbnail","hentry","category-erfahrungsberichte-jobs","category-nicht-kategorisiert","tag-climate-justice","tag-climate-psychology","tag-climatemind","tag-erfahrungsbericht","tag-klimakommunikation","tag-klimapsychologie"],"yoast_head":"<!-- This site is optimized with the Yoast SEO plugin v26.1.1 - https:\/\/yoast.com\/wordpress\/plugins\/seo\/ -->\n<title>Wiebkes Erfahrungsbericht zum Praktikum - ClimateMind<\/title>\n<meta name=\"description\" content=\"Wiebkes Erfahrungsbericht zum Praktikum bei ClimateMind. Lies dir den Bericht der ehemaligen Praktikantin durch und erfahre wie es f\u00fcr sie bei ClimateMind war.\" \/>\n<meta name=\"robots\" content=\"index, follow, max-snippet:-1, max-image-preview:large, max-video-preview:-1\" \/>\n<link rel=\"canonical\" href=\"https:\/\/climatemind.de\/en\/erfahrungsberichte-jobs\/wiebke\/\" \/>\n<meta property=\"og:locale\" content=\"en_US\" \/>\n<meta property=\"og:type\" content=\"article\" \/>\n<meta property=\"og:title\" content=\"Wiebkes Erfahrungsbericht zum Praktikum\" \/>\n<meta property=\"og:description\" content=\"Wiebkes Erfahrungsbericht zum Praktikum bei ClimateMind. Lies dir den Bericht der ehemaligen Praktikantin durch und erfahre wie es f\u00fcr sie bei ClimateMind war.\" \/>\n<meta property=\"og:url\" content=\"https:\/\/climatemind.de\/en\/erfahrungsberichte-jobs\/wiebke\/\" \/>\n<meta property=\"og:site_name\" content=\"ClimateMind\" \/>\n<meta property=\"article:publisher\" content=\"https:\/\/m.facebook.com\/klimapsych\/\" \/>\n<meta property=\"article:published_time\" content=\"2024-12-10T11:37:56+00:00\" \/>\n<meta property=\"article:modified_time\" content=\"2024-12-10T13:02:12+00:00\" \/>\n<meta property=\"og:image\" content=\"https:\/\/climatemind.de\/wp-content\/uploads\/2024\/12\/IMG_4393-e1733504596555.jpg\" \/>\n\t<meta property=\"og:image:width\" content=\"1575\" \/>\n\t<meta property=\"og:image:height\" content=\"1050\" \/>\n\t<meta property=\"og:image:type\" content=\"image\/jpeg\" \/>\n<meta name=\"author\" content=\"admin\" \/>\n<meta name=\"twitter:card\" content=\"summary_large_image\" \/>\n<meta name=\"twitter:image\" content=\"https:\/\/climatemind.de\/wp-content\/uploads\/2024\/11\/IMG_0370-3-scaled.jpg\" \/>\n<meta name=\"twitter:creator\" content=\"@Climatemind_de\" \/>\n<meta name=\"twitter:site\" content=\"@Climatemind_de\" \/>\n<meta name=\"twitter:label1\" content=\"Written by\" \/>\n\t<meta name=\"twitter:data1\" content=\"admin\" \/>\n\t<meta name=\"twitter:label2\" content=\"Est. reading time\" \/>\n\t<meta name=\"twitter:data2\" content=\"4 minutes\" \/>\n<script type=\"application\/ld+json\" class=\"yoast-schema-graph\">{\"@context\":\"https:\/\/schema.org\",\"@graph\":[{\"@type\":\"WebPage\",\"@id\":\"https:\/\/climatemind.de\/en\/erfahrungsberichte-jobs\/wiebke\/\",\"url\":\"https:\/\/climatemind.de\/en\/erfahrungsberichte-jobs\/wiebke\/\",\"name\":\"Wiebkes Erfahrungsbericht zum Praktikum - ClimateMind\",\"isPartOf\":{\"@id\":\"https:\/\/climatemind.de\/en\/#website\"},\"primaryImageOfPage\":{\"@id\":\"https:\/\/climatemind.de\/en\/erfahrungsberichte-jobs\/wiebke\/#primaryimage\"},\"image\":{\"@id\":\"https:\/\/climatemind.de\/en\/erfahrungsberichte-jobs\/wiebke\/#primaryimage\"},\"thumbnailUrl\":\"https:\/\/climatemind.de\/wp-content\/uploads\/2024\/12\/IMG_4393-e1733504596555.jpg\",\"datePublished\":\"2024-12-10T11:37:56+00:00\",\"dateModified\":\"2024-12-10T13:02:12+00:00\",\"author\":{\"@id\":\"https:\/\/climatemind.de\/en\/#\/schema\/person\/b9fd36b3699cd52c079361f449e222f4\"},\"description\":\"Wiebkes Erfahrungsbericht zum Praktikum bei ClimateMind. Lies dir den Bericht der ehemaligen Praktikantin durch und erfahre wie es f\u00fcr sie bei ClimateMind war.\",\"breadcrumb\":{\"@id\":\"https:\/\/climatemind.de\/en\/erfahrungsberichte-jobs\/wiebke\/#breadcrumb\"},\"inLanguage\":\"en-US\",\"potentialAction\":[{\"@type\":\"ReadAction\",\"target\":[\"https:\/\/climatemind.de\/en\/erfahrungsberichte-jobs\/wiebke\/\"]}]},{\"@type\":\"ImageObject\",\"inLanguage\":\"en-US\",\"@id\":\"https:\/\/climatemind.de\/en\/erfahrungsberichte-jobs\/wiebke\/#primaryimage\",\"url\":\"https:\/\/climatemind.de\/wp-content\/uploads\/2024\/12\/IMG_4393-e1733504596555.jpg\",\"contentUrl\":\"https:\/\/climatemind.de\/wp-content\/uploads\/2024\/12\/IMG_4393-e1733504596555.jpg\",\"width\":1575,\"height\":1050},{\"@type\":\"BreadcrumbList\",\"@id\":\"https:\/\/climatemind.de\/en\/erfahrungsberichte-jobs\/wiebke\/#breadcrumb\",\"itemListElement\":[{\"@type\":\"ListItem\",\"position\":1,\"name\":\"Startseite\",\"item\":\"https:\/\/climatemind.de\/en\/homepage\/\"},{\"@type\":\"ListItem\",\"position\":2,\"name\":\"Wiebkes Erfahrungsbericht zum Praktikum\"}]},{\"@type\":\"WebSite\",\"@id\":\"https:\/\/climatemind.de\/en\/#website\",\"url\":\"https:\/\/climatemind.de\/en\/\",\"name\":\"ClimateMind\",\"description\":\"Psychologie f\u00fcr echte Nachhaltigkeit\",\"potentialAction\":[{\"@type\":\"SearchAction\",\"target\":{\"@type\":\"EntryPoint\",\"urlTemplate\":\"https:\/\/climatemind.de\/en\/?s={search_term_string}\"},\"query-input\":{\"@type\":\"PropertyValueSpecification\",\"valueRequired\":true,\"valueName\":\"search_term_string\"}}],\"inLanguage\":\"en-US\"},{\"@type\":\"Person\",\"@id\":\"https:\/\/climatemind.de\/en\/#\/schema\/person\/b9fd36b3699cd52c079361f449e222f4\",\"name\":\"admin\",\"image\":{\"@type\":\"ImageObject\",\"inLanguage\":\"en-US\",\"@id\":\"https:\/\/climatemind.de\/en\/#\/schema\/person\/image\/\",\"url\":\"https:\/\/secure.gravatar.com\/avatar\/fb646541bbeeb313f32e00c41399b84a188dd401b97ff03243c11927bdbabd4a?s=96&d=mm&r=g\",\"contentUrl\":\"https:\/\/secure.gravatar.com\/avatar\/fb646541bbeeb313f32e00c41399b84a188dd401b97ff03243c11927bdbabd4a?s=96&d=mm&r=g\",\"caption\":\"admin\"},\"sameAs\":[\"http:\/\/climatemind.de\"],\"url\":\"https:\/\/climatemind.de\/en\/author\/admin\/\"}]}<\/script>\n<!-- \/ Yoast SEO plugin. -->","yoast_head_json":{"title":"Wiebkes Erfahrungsbericht zum Praktikum - ClimateMind","description":"Wiebkes Erfahrungsbericht zum Praktikum bei ClimateMind. Lies dir den Bericht der ehemaligen Praktikantin durch und erfahre wie es f\u00fcr sie bei ClimateMind war.","robots":{"index":"index","follow":"follow","max-snippet":"max-snippet:-1","max-image-preview":"max-image-preview:large","max-video-preview":"max-video-preview:-1"},"canonical":"https:\/\/climatemind.de\/en\/erfahrungsberichte-jobs\/wiebke\/","og_locale":"en_US","og_type":"article","og_title":"Wiebkes Erfahrungsbericht zum Praktikum","og_description":"Wiebkes Erfahrungsbericht zum Praktikum bei ClimateMind. Lies dir den Bericht der ehemaligen Praktikantin durch und erfahre wie es f\u00fcr sie bei ClimateMind war.","og_url":"https:\/\/climatemind.de\/en\/erfahrungsberichte-jobs\/wiebke\/","og_site_name":"ClimateMind","article_publisher":"https:\/\/m.facebook.com\/klimapsych\/","article_published_time":"2024-12-10T11:37:56+00:00","article_modified_time":"2024-12-10T13:02:12+00:00","og_image":[{"width":1575,"height":1050,"url":"https:\/\/climatemind.de\/wp-content\/uploads\/2024\/12\/IMG_4393-e1733504596555.jpg","type":"image\/jpeg"}],"author":"admin","twitter_card":"summary_large_image","twitter_image":"https:\/\/climatemind.de\/wp-content\/uploads\/2024\/11\/IMG_0370-3-scaled.jpg","twitter_creator":"@Climatemind_de","twitter_site":"@Climatemind_de","twitter_misc":{"Written by":"admin","Est. reading time":"4 minutes"},"schema":{"@context":"https:\/\/schema.org","@graph":[{"@type":"WebPage","@id":"https:\/\/climatemind.de\/en\/erfahrungsberichte-jobs\/wiebke\/","url":"https:\/\/climatemind.de\/en\/erfahrungsberichte-jobs\/wiebke\/","name":"Wiebkes Erfahrungsbericht zum Praktikum - ClimateMind","isPartOf":{"@id":"https:\/\/climatemind.de\/en\/#website"},"primaryImageOfPage":{"@id":"https:\/\/climatemind.de\/en\/erfahrungsberichte-jobs\/wiebke\/#primaryimage"},"image":{"@id":"https:\/\/climatemind.de\/en\/erfahrungsberichte-jobs\/wiebke\/#primaryimage"},"thumbnailUrl":"https:\/\/climatemind.de\/wp-content\/uploads\/2024\/12\/IMG_4393-e1733504596555.jpg","datePublished":"2024-12-10T11:37:56+00:00","dateModified":"2024-12-10T13:02:12+00:00","author":{"@id":"https:\/\/climatemind.de\/en\/#\/schema\/person\/b9fd36b3699cd52c079361f449e222f4"},"description":"Wiebkes Erfahrungsbericht zum Praktikum bei ClimateMind. Lies dir den Bericht der ehemaligen Praktikantin durch und erfahre wie es f\u00fcr sie bei ClimateMind war.","breadcrumb":{"@id":"https:\/\/climatemind.de\/en\/erfahrungsberichte-jobs\/wiebke\/#breadcrumb"},"inLanguage":"en-US","potentialAction":[{"@type":"ReadAction","target":["https:\/\/climatemind.de\/en\/erfahrungsberichte-jobs\/wiebke\/"]}]},{"@type":"ImageObject","inLanguage":"en-US","@id":"https:\/\/climatemind.de\/en\/erfahrungsberichte-jobs\/wiebke\/#primaryimage","url":"https:\/\/climatemind.de\/wp-content\/uploads\/2024\/12\/IMG_4393-e1733504596555.jpg","contentUrl":"https:\/\/climatemind.de\/wp-content\/uploads\/2024\/12\/IMG_4393-e1733504596555.jpg","width":1575,"height":1050},{"@type":"BreadcrumbList","@id":"https:\/\/climatemind.de\/en\/erfahrungsberichte-jobs\/wiebke\/#breadcrumb","itemListElement":[{"@type":"ListItem","position":1,"name":"Startseite","item":"https:\/\/climatemind.de\/en\/homepage\/"},{"@type":"ListItem","position":2,"name":"Wiebkes Erfahrungsbericht zum Praktikum"}]},{"@type":"WebSite","@id":"https:\/\/climatemind.de\/en\/#website","url":"https:\/\/climatemind.de\/en\/","name":"ClimateMind","description":"Psychologie f\u00fcr echte Nachhaltigkeit","potentialAction":[{"@type":"SearchAction","target":{"@type":"EntryPoint","urlTemplate":"https:\/\/climatemind.de\/en\/?s={search_term_string}"},"query-input":{"@type":"PropertyValueSpecification","valueRequired":true,"valueName":"search_term_string"}}],"inLanguage":"en-US"},{"@type":"Person","@id":"https:\/\/climatemind.de\/en\/#\/schema\/person\/b9fd36b3699cd52c079361f449e222f4","name":"admin","image":{"@type":"ImageObject","inLanguage":"en-US","@id":"https:\/\/climatemind.de\/en\/#\/schema\/person\/image\/","url":"https:\/\/secure.gravatar.com\/avatar\/fb646541bbeeb313f32e00c41399b84a188dd401b97ff03243c11927bdbabd4a?s=96&d=mm&r=g","contentUrl":"https:\/\/secure.gravatar.com\/avatar\/fb646541bbeeb313f32e00c41399b84a188dd401b97ff03243c11927bdbabd4a?s=96&d=mm&r=g","caption":"admin"},"sameAs":["http:\/\/climatemind.de"],"url":"https:\/\/climatemind.de\/en\/author\/admin\/"}]}},"_links":{"self":[{"href":"https:\/\/climatemind.de\/en\/wp-json\/wp\/v2\/posts\/6817","targetHints":{"allow":["GET"]}}],"collection":[{"href":"https:\/\/climatemind.de\/en\/wp-json\/wp\/v2\/posts"}],"about":[{"href":"https:\/\/climatemind.de\/en\/wp-json\/wp\/v2\/types\/post"}],"author":[{"embeddable":true,"href":"https:\/\/climatemind.de\/en\/wp-json\/wp\/v2\/users\/1"}],"replies":[{"embeddable":true,"href":"https:\/\/climatemind.de\/en\/wp-json\/wp\/v2\/comments?post=6817"}],"version-history":[{"count":6,"href":"https:\/\/climatemind.de\/en\/wp-json\/wp\/v2\/posts\/6817\/revisions"}],"predecessor-version":[{"id":6917,"href":"https:\/\/climatemind.de\/en\/wp-json\/wp\/v2\/posts\/6817\/revisions\/6917"}],"wp:featuredmedia":[{"embeddable":true,"href":"https:\/\/climatemind.de\/en\/wp-json\/wp\/v2\/media\/6910"}],"wp:attachment":[{"href":"https:\/\/climatemind.de\/en\/wp-json\/wp\/v2\/media?parent=6817"}],"wp:term":[{"taxonomy":"category","embeddable":true,"href":"https:\/\/climatemind.de\/en\/wp-json\/wp\/v2\/categories?post=6817"},{"taxonomy":"post_tag","embeddable":true,"href":"https:\/\/climatemind.de\/en\/wp-json\/wp\/v2\/tags?post=6817"}],"curies":[{"name":"wp","href":"https:\/\/api.w.org\/{rel}","templated":true}]}}