{"id":6829,"date":"2024-12-10T12:41:15","date_gmt":"2024-12-10T11:41:15","guid":{"rendered":"https:\/\/climatemind.de\/?p=6829"},"modified":"2024-12-10T13:58:09","modified_gmt":"2024-12-10T12:58:09","slug":"luzie","status":"publish","type":"post","link":"https:\/\/climatemind.de\/en\/erfahrungsberichte-jobs\/luzie\/","title":{"rendered":"Luzies Erfahrungsbericht zum Praktikum"},"content":{"rendered":"\n<p><\/p>\n\n\n\n<blockquote class=\"wp-block-quote is-layout-flow wp-block-quote-is-layout-flow\">\n<p>Das ist Teil 5 der Serie zu Erfahrungsberichten von Praktikant:innen.<\/p>\n\n\n\n<p><a href=\"https:\/\/climatemind.de\/ueber-climatemind\/#jobs\" target=\"_blank\" rel=\"noreferrer noopener\">Du findest hier einen \u00dcberblick \u00fcber die gesamte Serie<em>.<\/em><\/a><\/p>\n<\/blockquote>\n\n\n\n<p><\/p>\n\n\n\n<h1 class=\"wp-block-heading\">Lerne Luzie kennen<\/h1>\n\n\n\n<p><\/p>\n\n\n\n<h2 class=\"wp-block-heading\">Stell dich doch bitte kurz vor\u2026<\/h2>\n\n\n\n<p><\/p>\n\n\n\n<p>Hey! Mein Name ist Luzie Rejek, ich bin 22 Jahre alt und studiere aktuell im Master Klinische Psychologie und Psychotherapie. Nachdem ich in meinem Bachelor in Psychologie Praktika in der Psychiatrie absolviert hatte, suchte ich als \u00dcberbr\u00fcckung ein freiwilliges Praktikum in einem ganz anderen Bereich. So landete ich bei ClimateMind! Von April bis Mitte Juni 2024 war ich Teil des Teams und arbeitete \u00fcberwiegend im Bereich Marketing und People.&nbsp;&nbsp;&nbsp;<\/p>\n\n\n\n<p><\/p>\n\n\n\n<figure class=\"wp-block-image size-large\"><img loading=\"lazy\" decoding=\"async\" width=\"1024\" height=\"683\" src=\"https:\/\/climatemind.de\/wp-content\/uploads\/2024\/11\/annie-spratt-QckxruozjRg-unsplash-1-1024x683.jpg\" alt=\"\" class=\"wp-image-6836\" srcset=\"https:\/\/climatemind.de\/wp-content\/uploads\/2024\/11\/annie-spratt-QckxruozjRg-unsplash-1-980x654.jpg 980w, https:\/\/climatemind.de\/wp-content\/uploads\/2024\/11\/annie-spratt-QckxruozjRg-unsplash-1-480x320.jpg 480w\" sizes=\"(min-width: 0px) and (max-width: 480px) 480px, (min-width: 481px) and (max-width: 980px) 980px, (min-width: 981px) 1024px, 100vw\" \/><\/figure>\n\n\n\n<p><\/p>\n\n\n\n<h2 class=\"wp-block-heading\">Warum hast du dich f\u00fcr die Mitarbeit bei ClimateMind entschieden?<\/h2>\n\n\n\n<p><\/p>\n\n\n\n<p>Ich verfolgte die Arbeit von Janna und ClimateMind schon seit einiger Zeit, da ich 2021 selbst an einem kostenlosen Webinar zu Klimapsychologie teilnahm. Mich interessierte, was hinter den Workshops, Trainings und Presseauftritten steckt und wie die Arbeit in einem sozialunternehmerischen Start-up aussieht.&nbsp;&nbsp;<\/p>\n\n\n\n<p><\/p>\n\n\n\n<figure class=\"wp-block-image size-full is-resized\"><img loading=\"lazy\" decoding=\"async\" src=\"https:\/\/climatemind.de\/wp-content\/uploads\/2024\/11\/Unbenannt112-2.png\" alt=\"\" class=\"wp-image-6837\" width=\"1024\" height=\"683\" srcset=\"https:\/\/climatemind.de\/wp-content\/uploads\/2024\/11\/Unbenannt112-2.png 1024w, https:\/\/climatemind.de\/wp-content\/uploads\/2024\/11\/Unbenannt112-2-480x348.png 480w\" sizes=\"(min-width: 0px) and (max-width: 480px) 480px, (min-width: 481px) 1024px, 100vw\" \/><\/figure>\n\n\n\n<p><\/p>\n\n\n\n<h2 class=\"wp-block-heading\">Wie sieht deine T\u00e4tigkeit als Praktikantin bei ClimateMind aus?<\/h2>\n\n\n\n<p><\/p>\n\n\n\n<p>Meine T\u00e4tigkeiten richtete sich nach dem, was gerade anstand. Im Bereich Marketing konnte ich regelm\u00e4\u00dfig meine Kreativit\u00e4t nutzen, um neue Sharepics oder einen neuen Newsletter zu erstellen.&nbsp;&nbsp;<\/p>\n\n\n\n<p>Im Bereich People vielen viele organisatorische Aufgaben an, wie die Planung f\u00fcr das Marketing der Stellenausschreibungen oder die Begleitung des Bewerbungsprozesses. Ich k\u00fcmmerte mich au\u00dferdem um Team-Interne Meetings, wie beispielsweise das Team-Retro, in denen ich meine Moderationsk\u00fcnste unter Beweis stellen konnte.&nbsp;&nbsp;<\/p>\n\n\n\n<p>In meiner Praktikumszeit gab es zudem einige strukturelle Ver\u00e4nderungen bei ClimateMind, weshalb ich auch Zeit damit verbrachte, neue Strukturen zu etablieren und festzuhalten. Neben den wiederkehrenden Aufgaben bestand f\u00fcr mich aber auch die M\u00f6glichkeit, Auftr\u00e4ge zu begleiten.&nbsp;&nbsp;<\/p>\n\n\n\n<p><\/p>\n\n\n\n<h2 class=\"wp-block-heading\">Was gef\u00e4llt dir an ClimateMind besonders gut?<\/h2>\n\n\n\n<p><\/p>\n\n\n\n<p>An ClimateMind gefiel mir besonders die Vielf\u00e4ltigkeit der Aufgaben und das entgegengebrachte Vertrauen, Aufgaben allein zu erledigen und Entscheidungen zu treffen. Au\u00dferdem \u00fcberraschte mich die positive und verst\u00e4ndnisvolle Atmosph\u00e4re im Team. Als Praktikantin hatte ich das Gef\u00fchl, ein wichtiger Teil des Teams zu sein und dass meine Aufgaben und Ansichten ernst genommen werden.&nbsp;&nbsp;<\/p>\n\n\n\n<p><\/p>\n\n\n\n<h2 class=\"wp-block-heading\">Was waren f\u00fcr dich bis jetzt 3 Highlights deiner Zeit bei ClimateMind?<\/h2>\n\n\n\n<p><\/p>\n\n\n\n<p>Highlights waren f\u00fcr mich die beiden Auftr\u00e4ge, zu denen ich Janna begleiten durfte. Wir waren bei iafob in Frankfurt und beim Landesamt f\u00fcr Umwelt, Landwirtschaft und Geologie in Sachsen. Es waren zwei anstrengende, aber lehrreiche Tage, die mir neue Motivation und Sinn f\u00fcr meine Aufgaben gegeben haben. Ich habe mich gefreut, Janna pers\u00f6nlich kennenzulernen. Dadurch habe ich gesehen, wie so ein Training live und in Farbe abl\u00e4uft und wie unterschiedlich die Themen sowie die Interaktion mit den Teilnehmenden sein kann.&nbsp;<\/p>\n\n\n\n<p>Au\u00dferdem bestand mein pers\u00f6nliches Projekt darin, eine Struktur f\u00fcr Newsletter zu etablieren und Designvorlagen zu erstellen. Ein weiteres Highlight ist f\u00fcr mich also, dass diese nun regelm\u00e4\u00dfig und auf Grundlage dieser Arbeit erscheinen.&nbsp;&nbsp;<\/p>\n\n\n\n<p><\/p>\n\n\n\n<figure class=\"wp-block-image size-large\"><img loading=\"lazy\" decoding=\"async\" width=\"1024\" height=\"683\" src=\"https:\/\/climatemind.de\/wp-content\/uploads\/2024\/11\/roman-kraft-WOzVqzpScrk-unsplash-1-1024x683.jpg\" alt=\"\" class=\"wp-image-6832\" srcset=\"https:\/\/climatemind.de\/wp-content\/uploads\/2024\/11\/roman-kraft-WOzVqzpScrk-unsplash-1-980x654.jpg 980w, https:\/\/climatemind.de\/wp-content\/uploads\/2024\/11\/roman-kraft-WOzVqzpScrk-unsplash-1-480x320.jpg 480w\" sizes=\"(min-width: 0px) and (max-width: 480px) 480px, (min-width: 481px) and (max-width: 980px) 980px, (min-width: 981px) 1024px, 100vw\" \/><\/figure>\n\n\n\n<p><\/p>\n\n\n\n<h2 class=\"wp-block-heading\">Was nimmst du aus deiner Zeit bei ClimateMind f\u00fcr dich mit?<\/h2>\n\n\n\n<p><\/p>\n\n\n\n<p>Mein pers\u00f6nliches Ziel war es, einen anderen Arbeitsbereich als in der Klinik kennenzulernen und weiter in das Thema Klimapsychologie und Klimakommunikation einzutauchen. Vorher besch\u00e4ftigte ich mich zwar durch ehrenamtliche Arbeit und in meinem Studium damit, aber kam bei ClimateMind nochmal anders damit in Verbindung. F\u00fcr mich habe ich au\u00dferdem einige W\u00fcnsche an meine kommenden Jobs mitgenommen, so kann ich mir z.B. gerade gar nicht vorstellen, wieder komplett im Home-Office zu arbeiten. Ich bin froh, dass ich das Praktikum bei ClimateMind absolviert habe und bin gespannt auf die weitere Entwicklung des Unternehmens.&nbsp;&nbsp;<\/p>\n\n\n\n<p><\/p>\n\n\n\n<h2 class=\"wp-block-heading\">Du m\u00f6chtest noch mehr \u00fcber ClimateMind lernen?<\/h2>\n\n\n\n<p><\/p>\n\n\n\n<p>Du hast den Newsletter noch nicht abonniert und m\u00f6chtest keine Neuigkeiten mehr verpassen? <a href=\"http:\/\/climatemind.de\/#newsletter\" target=\"_blank\" rel=\"noreferrer noopener\">Dann abonniere jetzt unseren Newsletter!<\/a><\/p>\n\n\n\n<p><\/p>\n<span class=\"et_bloom_bottom_trigger\"><\/span>","protected":false},"excerpt":{"rendered":"<p>Lerne Luzie kennen und erhalte einen Einblick in ihre T\u00e4tigkeiten und Highlights w\u00e4hrend ihres Praktikums bei ClimateMind!<\/p>\n","protected":false},"author":1,"featured_media":6884,"comment_status":"closed","ping_status":"closed","sticky":false,"template":"","format":"standard","meta":{"_et_pb_use_builder":"","_et_pb_old_content":"","_et_gb_content_width":"","content-type":"","_uf_show_specific_survey":0,"_uf_disable_surveys":false,"footnotes":""},"categories":[66,1],"tags":[49,54,31,64,29,30],"class_list":["post-6829","post","type-post","status-publish","format-standard","has-post-thumbnail","hentry","category-erfahrungsberichte-jobs","category-nicht-kategorisiert","tag-climate-justice","tag-climate-psychology","tag-climatemind","tag-erfahrungsbericht","tag-klimakommunikation","tag-klimapsychologie"],"yoast_head":"<!-- This site is optimized with the Yoast SEO plugin v26.1.1 - https:\/\/yoast.com\/wordpress\/plugins\/seo\/ -->\n<title>Luzies Erfahrungsbericht zum Praktikum - ClimateMind<\/title>\n<meta name=\"description\" content=\"Luzies Erfahrungsbericht zum Praktikum bei ClimateMind. Lies dir den Bericht der ehemaligen Praktikantin durch und erfahre wie es f\u00fcr sie bei ClimateMind war.\" \/>\n<meta name=\"robots\" content=\"index, follow, max-snippet:-1, max-image-preview:large, max-video-preview:-1\" \/>\n<link rel=\"canonical\" href=\"https:\/\/climatemind.de\/en\/erfahrungsberichte-jobs\/luzie\/\" \/>\n<meta property=\"og:locale\" content=\"en_US\" \/>\n<meta property=\"og:type\" content=\"article\" \/>\n<meta property=\"og:title\" content=\"Luzies Erfahrungsbericht zum Praktikum\" \/>\n<meta property=\"og:description\" content=\"Lies dir den Bericht der ehemaligen Praktikantin durch und erfahre wie es f\u00fcr sie bei ClimateMind war.\" \/>\n<meta property=\"og:url\" content=\"https:\/\/climatemind.de\/en\/erfahrungsberichte-jobs\/luzie\/\" \/>\n<meta property=\"og:site_name\" content=\"ClimateMind\" \/>\n<meta property=\"article:publisher\" content=\"https:\/\/m.facebook.com\/klimapsych\/\" \/>\n<meta property=\"article:published_time\" content=\"2024-12-10T11:41:15+00:00\" \/>\n<meta property=\"article:modified_time\" content=\"2024-12-10T12:58:09+00:00\" \/>\n<meta property=\"og:image\" content=\"https:\/\/climatemind.de\/wp-content\/uploads\/2024\/12\/IMG_2952-scaled.jpg\" \/>\n\t<meta property=\"og:image:width\" content=\"2560\" \/>\n\t<meta property=\"og:image:height\" content=\"1707\" \/>\n\t<meta property=\"og:image:type\" content=\"image\/jpeg\" \/>\n<meta name=\"author\" content=\"admin\" \/>\n<meta name=\"twitter:card\" content=\"summary_large_image\" \/>\n<meta name=\"twitter:creator\" content=\"@Climatemind_de\" \/>\n<meta name=\"twitter:site\" content=\"@Climatemind_de\" \/>\n<meta name=\"twitter:label1\" content=\"Written by\" \/>\n\t<meta name=\"twitter:data1\" content=\"admin\" \/>\n\t<meta name=\"twitter:label2\" content=\"Est. reading time\" \/>\n\t<meta name=\"twitter:data2\" content=\"4 minutes\" \/>\n<script type=\"application\/ld+json\" class=\"yoast-schema-graph\">{\"@context\":\"https:\/\/schema.org\",\"@graph\":[{\"@type\":\"WebPage\",\"@id\":\"https:\/\/climatemind.de\/en\/erfahrungsberichte-jobs\/luzie\/\",\"url\":\"https:\/\/climatemind.de\/en\/erfahrungsberichte-jobs\/luzie\/\",\"name\":\"Luzies Erfahrungsbericht zum Praktikum - ClimateMind\",\"isPartOf\":{\"@id\":\"https:\/\/climatemind.de\/en\/#website\"},\"primaryImageOfPage\":{\"@id\":\"https:\/\/climatemind.de\/en\/erfahrungsberichte-jobs\/luzie\/#primaryimage\"},\"image\":{\"@id\":\"https:\/\/climatemind.de\/en\/erfahrungsberichte-jobs\/luzie\/#primaryimage\"},\"thumbnailUrl\":\"https:\/\/climatemind.de\/wp-content\/uploads\/2024\/12\/IMG_2952-scaled.jpg\",\"datePublished\":\"2024-12-10T11:41:15+00:00\",\"dateModified\":\"2024-12-10T12:58:09+00:00\",\"author\":{\"@id\":\"https:\/\/climatemind.de\/en\/#\/schema\/person\/b9fd36b3699cd52c079361f449e222f4\"},\"description\":\"Luzies Erfahrungsbericht zum Praktikum bei ClimateMind. Lies dir den Bericht der ehemaligen Praktikantin durch und erfahre wie es f\u00fcr sie bei ClimateMind war.\",\"breadcrumb\":{\"@id\":\"https:\/\/climatemind.de\/en\/erfahrungsberichte-jobs\/luzie\/#breadcrumb\"},\"inLanguage\":\"en-US\",\"potentialAction\":[{\"@type\":\"ReadAction\",\"target\":[\"https:\/\/climatemind.de\/en\/erfahrungsberichte-jobs\/luzie\/\"]}]},{\"@type\":\"ImageObject\",\"inLanguage\":\"en-US\",\"@id\":\"https:\/\/climatemind.de\/en\/erfahrungsberichte-jobs\/luzie\/#primaryimage\",\"url\":\"https:\/\/climatemind.de\/wp-content\/uploads\/2024\/12\/IMG_2952-scaled.jpg\",\"contentUrl\":\"https:\/\/climatemind.de\/wp-content\/uploads\/2024\/12\/IMG_2952-scaled.jpg\",\"width\":2560,\"height\":1707},{\"@type\":\"BreadcrumbList\",\"@id\":\"https:\/\/climatemind.de\/en\/erfahrungsberichte-jobs\/luzie\/#breadcrumb\",\"itemListElement\":[{\"@type\":\"ListItem\",\"position\":1,\"name\":\"Startseite\",\"item\":\"https:\/\/climatemind.de\/en\/homepage\/\"},{\"@type\":\"ListItem\",\"position\":2,\"name\":\"Luzies Erfahrungsbericht zum Praktikum\"}]},{\"@type\":\"WebSite\",\"@id\":\"https:\/\/climatemind.de\/en\/#website\",\"url\":\"https:\/\/climatemind.de\/en\/\",\"name\":\"ClimateMind\",\"description\":\"Psychologie f\u00fcr echte Nachhaltigkeit\",\"potentialAction\":[{\"@type\":\"SearchAction\",\"target\":{\"@type\":\"EntryPoint\",\"urlTemplate\":\"https:\/\/climatemind.de\/en\/?s={search_term_string}\"},\"query-input\":{\"@type\":\"PropertyValueSpecification\",\"valueRequired\":true,\"valueName\":\"search_term_string\"}}],\"inLanguage\":\"en-US\"},{\"@type\":\"Person\",\"@id\":\"https:\/\/climatemind.de\/en\/#\/schema\/person\/b9fd36b3699cd52c079361f449e222f4\",\"name\":\"admin\",\"image\":{\"@type\":\"ImageObject\",\"inLanguage\":\"en-US\",\"@id\":\"https:\/\/climatemind.de\/en\/#\/schema\/person\/image\/\",\"url\":\"https:\/\/secure.gravatar.com\/avatar\/fb646541bbeeb313f32e00c41399b84a188dd401b97ff03243c11927bdbabd4a?s=96&d=mm&r=g\",\"contentUrl\":\"https:\/\/secure.gravatar.com\/avatar\/fb646541bbeeb313f32e00c41399b84a188dd401b97ff03243c11927bdbabd4a?s=96&d=mm&r=g\",\"caption\":\"admin\"},\"sameAs\":[\"http:\/\/climatemind.de\"],\"url\":\"https:\/\/climatemind.de\/en\/author\/admin\/\"}]}<\/script>\n<!-- \/ Yoast SEO plugin. -->","yoast_head_json":{"title":"Luzies Erfahrungsbericht zum Praktikum - ClimateMind","description":"Luzies Erfahrungsbericht zum Praktikum bei ClimateMind. Lies dir den Bericht der ehemaligen Praktikantin durch und erfahre wie es f\u00fcr sie bei ClimateMind war.","robots":{"index":"index","follow":"follow","max-snippet":"max-snippet:-1","max-image-preview":"max-image-preview:large","max-video-preview":"max-video-preview:-1"},"canonical":"https:\/\/climatemind.de\/en\/erfahrungsberichte-jobs\/luzie\/","og_locale":"en_US","og_type":"article","og_title":"Luzies Erfahrungsbericht zum Praktikum","og_description":"Lies dir den Bericht der ehemaligen Praktikantin durch und erfahre wie es f\u00fcr sie bei ClimateMind war.","og_url":"https:\/\/climatemind.de\/en\/erfahrungsberichte-jobs\/luzie\/","og_site_name":"ClimateMind","article_publisher":"https:\/\/m.facebook.com\/klimapsych\/","article_published_time":"2024-12-10T11:41:15+00:00","article_modified_time":"2024-12-10T12:58:09+00:00","og_image":[{"width":2560,"height":1707,"url":"https:\/\/climatemind.de\/wp-content\/uploads\/2024\/12\/IMG_2952-scaled.jpg","type":"image\/jpeg"}],"author":"admin","twitter_card":"summary_large_image","twitter_creator":"@Climatemind_de","twitter_site":"@Climatemind_de","twitter_misc":{"Written by":"admin","Est. reading time":"4 minutes"},"schema":{"@context":"https:\/\/schema.org","@graph":[{"@type":"WebPage","@id":"https:\/\/climatemind.de\/en\/erfahrungsberichte-jobs\/luzie\/","url":"https:\/\/climatemind.de\/en\/erfahrungsberichte-jobs\/luzie\/","name":"Luzies Erfahrungsbericht zum Praktikum - ClimateMind","isPartOf":{"@id":"https:\/\/climatemind.de\/en\/#website"},"primaryImageOfPage":{"@id":"https:\/\/climatemind.de\/en\/erfahrungsberichte-jobs\/luzie\/#primaryimage"},"image":{"@id":"https:\/\/climatemind.de\/en\/erfahrungsberichte-jobs\/luzie\/#primaryimage"},"thumbnailUrl":"https:\/\/climatemind.de\/wp-content\/uploads\/2024\/12\/IMG_2952-scaled.jpg","datePublished":"2024-12-10T11:41:15+00:00","dateModified":"2024-12-10T12:58:09+00:00","author":{"@id":"https:\/\/climatemind.de\/en\/#\/schema\/person\/b9fd36b3699cd52c079361f449e222f4"},"description":"Luzies Erfahrungsbericht zum Praktikum bei ClimateMind. Lies dir den Bericht der ehemaligen Praktikantin durch und erfahre wie es f\u00fcr sie bei ClimateMind war.","breadcrumb":{"@id":"https:\/\/climatemind.de\/en\/erfahrungsberichte-jobs\/luzie\/#breadcrumb"},"inLanguage":"en-US","potentialAction":[{"@type":"ReadAction","target":["https:\/\/climatemind.de\/en\/erfahrungsberichte-jobs\/luzie\/"]}]},{"@type":"ImageObject","inLanguage":"en-US","@id":"https:\/\/climatemind.de\/en\/erfahrungsberichte-jobs\/luzie\/#primaryimage","url":"https:\/\/climatemind.de\/wp-content\/uploads\/2024\/12\/IMG_2952-scaled.jpg","contentUrl":"https:\/\/climatemind.de\/wp-content\/uploads\/2024\/12\/IMG_2952-scaled.jpg","width":2560,"height":1707},{"@type":"BreadcrumbList","@id":"https:\/\/climatemind.de\/en\/erfahrungsberichte-jobs\/luzie\/#breadcrumb","itemListElement":[{"@type":"ListItem","position":1,"name":"Startseite","item":"https:\/\/climatemind.de\/en\/homepage\/"},{"@type":"ListItem","position":2,"name":"Luzies Erfahrungsbericht zum Praktikum"}]},{"@type":"WebSite","@id":"https:\/\/climatemind.de\/en\/#website","url":"https:\/\/climatemind.de\/en\/","name":"ClimateMind","description":"Psychologie f\u00fcr echte Nachhaltigkeit","potentialAction":[{"@type":"SearchAction","target":{"@type":"EntryPoint","urlTemplate":"https:\/\/climatemind.de\/en\/?s={search_term_string}"},"query-input":{"@type":"PropertyValueSpecification","valueRequired":true,"valueName":"search_term_string"}}],"inLanguage":"en-US"},{"@type":"Person","@id":"https:\/\/climatemind.de\/en\/#\/schema\/person\/b9fd36b3699cd52c079361f449e222f4","name":"admin","image":{"@type":"ImageObject","inLanguage":"en-US","@id":"https:\/\/climatemind.de\/en\/#\/schema\/person\/image\/","url":"https:\/\/secure.gravatar.com\/avatar\/fb646541bbeeb313f32e00c41399b84a188dd401b97ff03243c11927bdbabd4a?s=96&d=mm&r=g","contentUrl":"https:\/\/secure.gravatar.com\/avatar\/fb646541bbeeb313f32e00c41399b84a188dd401b97ff03243c11927bdbabd4a?s=96&d=mm&r=g","caption":"admin"},"sameAs":["http:\/\/climatemind.de"],"url":"https:\/\/climatemind.de\/en\/author\/admin\/"}]}},"_links":{"self":[{"href":"https:\/\/climatemind.de\/en\/wp-json\/wp\/v2\/posts\/6829","targetHints":{"allow":["GET"]}}],"collection":[{"href":"https:\/\/climatemind.de\/en\/wp-json\/wp\/v2\/posts"}],"about":[{"href":"https:\/\/climatemind.de\/en\/wp-json\/wp\/v2\/types\/post"}],"author":[{"embeddable":true,"href":"https:\/\/climatemind.de\/en\/wp-json\/wp\/v2\/users\/1"}],"replies":[{"embeddable":true,"href":"https:\/\/climatemind.de\/en\/wp-json\/wp\/v2\/comments?post=6829"}],"version-history":[{"count":5,"href":"https:\/\/climatemind.de\/en\/wp-json\/wp\/v2\/posts\/6829\/revisions"}],"predecessor-version":[{"id":6922,"href":"https:\/\/climatemind.de\/en\/wp-json\/wp\/v2\/posts\/6829\/revisions\/6922"}],"wp:featuredmedia":[{"embeddable":true,"href":"https:\/\/climatemind.de\/en\/wp-json\/wp\/v2\/media\/6884"}],"wp:attachment":[{"href":"https:\/\/climatemind.de\/en\/wp-json\/wp\/v2\/media?parent=6829"}],"wp:term":[{"taxonomy":"category","embeddable":true,"href":"https:\/\/climatemind.de\/en\/wp-json\/wp\/v2\/categories?post=6829"},{"taxonomy":"post_tag","embeddable":true,"href":"https:\/\/climatemind.de\/en\/wp-json\/wp\/v2\/tags?post=6829"}],"curies":[{"name":"wp","href":"https:\/\/api.w.org\/{rel}","templated":true}]}}