{"id":6861,"date":"2024-12-06T17:54:53","date_gmt":"2024-12-06T16:54:53","guid":{"rendered":"https:\/\/climatemind.de\/?p=6861"},"modified":"2024-12-10T13:59:27","modified_gmt":"2024-12-10T12:59:27","slug":"lilli","status":"publish","type":"post","link":"https:\/\/climatemind.de\/en\/erfahrungsberichte-jobs\/lilli\/","title":{"rendered":"Lillis Erfahrungsbericht zum Praktikum"},"content":{"rendered":"\n<p><\/p>\n\n\n\n<blockquote class=\"wp-block-quote is-layout-flow wp-block-quote-is-layout-flow\">\n<p>Das ist Teil 1 der Serie zu Erfahrungsberichten von Praktikant:innen.<\/p>\n\n\n\n<p><a href=\"https:\/\/climatemind.de\/ueber-climatemind\/#jobs\" target=\"_blank\" rel=\"noreferrer noopener\">Du findest hier einen \u00dcberblick \u00fcber die gesamte Serie<em>.<\/em><\/a><\/p>\n<\/blockquote>\n\n\n\n<p><\/p>\n\n\n\n<h1 class=\"wp-block-heading\">Lerne Lilli kennen<\/h1>\n\n\n\n<p><\/p>\n\n\n\n<h2 class=\"wp-block-heading\">Stell dich doch bitte kurz vor\u2026<\/h2>\n\n\n\n<p><\/p>\n\n\n\n<p>Hi! Mein Name ist Lilli Kleinb\u00f6hl, ich bin 23 Jahre alt und mache seit kurzem meinen Master in Psychologie. Nach dem erfolgreichen Abschluss meines Bachelors im Sommer letzten Jahres habe ich anschlie\u00dfend von Juli bis Oktober ein dreimonatiges Praktikum bei ClimateMind gemacht. Mein T\u00e4tigkeitsbereich fiel dabei haupts\u00e4chlich in den Bereich Marketing<\/p>\n\n\n\n<p><\/p>\n\n\n\n<figure class=\"wp-block-image size-large\"><img loading=\"lazy\" decoding=\"async\" width=\"1024\" height=\"683\" src=\"https:\/\/climatemind.de\/wp-content\/uploads\/2024\/11\/michal-parzuchowski-nj3HSbsNLGc-unsplash-1-1024x683.jpg\" alt=\"\" class=\"wp-image-6858\" srcset=\"https:\/\/climatemind.de\/wp-content\/uploads\/2024\/11\/michal-parzuchowski-nj3HSbsNLGc-unsplash-1-980x653.jpg 980w, https:\/\/climatemind.de\/wp-content\/uploads\/2024\/11\/michal-parzuchowski-nj3HSbsNLGc-unsplash-1-480x320.jpg 480w\" sizes=\"(min-width: 0px) and (max-width: 480px) 480px, (min-width: 481px) and (max-width: 980px) 980px, (min-width: 981px) 1024px, 100vw\" \/><\/figure>\n\n\n\n<p><\/p>\n\n\n\n<h2 class=\"wp-block-heading\">Warum hast du dich f\u00fcr die Mitarbeit bei ClimateMind entschieden?<\/h2>\n\n\n\n<p><\/p>\n\n\n\n<p>Ich hatte vor allem Lust auf eine sinnstiftende T\u00e4tigkeit, um die Zeit zwischen meinem Bachelor und Master zu \u00fcberbr\u00fccken. Mir war schnell klar, dass ein Praktikum bei ClimateMind mir genau das bieten kann. Ich war au\u00dferdem neugierig einmal Start-up Luft zu schnuppern und perspektivisch sehr daran interessiert, meine Ber\u00fchrungspunkte zu dem sehr kleinen Berufsfeld der Klimapsychologie zu erweitern.&nbsp;<\/p>\n\n\n\n<p><\/p>\n\n\n\n<figure class=\"wp-block-image size-large is-resized\"><img decoding=\"async\" src=\"https:\/\/climatemind.de\/wp-content\/uploads\/2024\/11\/Folienbild-170-1024x576.jpg\" alt=\"\" class=\"wp-image-6859\" height=\"683\" srcset=\"https:\/\/climatemind.de\/wp-content\/uploads\/2024\/11\/Folienbild-170-1024x576.jpg 1024w, https:\/\/climatemind.de\/wp-content\/uploads\/2024\/11\/Folienbild-170-980x551.jpg 980w, https:\/\/climatemind.de\/wp-content\/uploads\/2024\/11\/Folienbild-170-480x270.jpg 480w\" sizes=\"(min-width: 0px) and (max-width: 480px) 480px, (min-width: 481px) and (max-width: 980px) 980px, (min-width: 981px) 1024px, 100vw\" \/><\/figure>\n\n\n\n<p><\/p>\n\n\n\n<h2 class=\"wp-block-heading\">Wie sieht deine T\u00e4tigkeit als Praktikantin bei ClimateMind aus?<\/h2>\n\n\n\n<p><\/p>\n\n\n\n<p>Die Vielf\u00e4ltigkeit meiner T\u00e4tigkeit als Praktikantin im Bereich Marketing hat mich tats\u00e4chlich positiv \u00fcberrascht. Ich war vordergr\u00fcndig f\u00fcr die Kan\u00e4le der g\u00e4ngien sozialen Medien zust\u00e4ndig, das bedeutet die Ideengenerierung, Planung und Umsetzung von Postings inklusive der Gestaltung visueller Anteile. Auch das Schreiben von Blogbeitr\u00e4gen, Anpassungen der Website und die Erstellung von Newslettern fiel in meinen Aufgabenbereich.<\/p>\n\n\n\n<p>Dennoch kam es immer mal wieder vor, dass man an anderen Stellen Unterst\u00fctzung leisten durfte, was einen Einblick in andere Aufgabenbereiche gew\u00e4hrte. Ich habe mich bei dem Gro\u00dfteil meiner Aufgaben inhaltlich mit klimapsychologischen Themen auseinandergesetzt, wor\u00fcber ich mich sehr gefreut habe. Es gibt einige w\u00f6chentliche interne Meetings, an denen ich regelm\u00e4\u00dfig teilgenommen habe und es bestand die M\u00f6glichkeit, bei externen Auftr\u00e4gen dabei zu sein.<\/p>\n\n\n\n<p>Da bei ClimateMind in gro\u00dfen Gr\u00f6\u00dfenordnungen gedacht werden soll, hatte ich auch die Aufgabe, Strategien zu entwickeln, z.B. um gewisse Leistungen oder Produkte zu bewerben, die Reichweite zu steigern etc.. Ich hatte au\u00dferdem regelm\u00e4\u00dfige Feedbackgespr\u00e4che, die mich sehr gut aufgehoben haben f\u00fchlen lassen.<\/p>\n\n\n\n<p><\/p>\n\n\n\n<h2 class=\"wp-block-heading\">Was gef\u00e4llt dir an ClimateMind besonders gut?<\/h2>\n\n\n\n<p><\/p>\n\n\n\n<p>Mir gef\u00e4llt besonders gut die engagierte und wertsch\u00e4tzende Arbeitsmoral bei ClimateMind. Man wird tats\u00e4chlich gebraucht, es wird einiges eingefordert und das habe ich insbesondere im Vergleich zu anderen Praktika als ein sehr sch\u00f6nes Gef\u00fchl empfunden.<\/p>\n\n\n\n<blockquote class=\"wp-block-quote is-layout-flow wp-block-quote-is-layout-flow\">\n<p>Bei ClimateMind sieht man z\u00fcgig die Ergebnisse der eigenen Arbeit und ich finde es gro\u00dfartig, dass man f\u00fcr Projekte von Beginn an Verantwortung \u00fcbernimmt und selbstst\u00e4ndiges Arbeiten hoch im Kurs steht.<\/p>\n<\/blockquote>\n\n\n\n<p>Es gibt viele durchdachte Team-Strukturen, um das remote Arbeitssetting auszugleichen, welches mir wiederum eine problemlose Integrierung des Praktikums in meinen Alltag erm\u00f6glicht hat.&nbsp;&nbsp;<\/p>\n\n\n\n<p><\/p>\n\n\n\n<h2 class=\"wp-block-heading\">Was waren f\u00fcr dich bis jetzt 3 Highlights deiner Zeit bei ClimateMind?<\/h2>\n\n\n\n<p><\/p>\n\n\n\n<p>Mich hat es sehr beeindruckt, so viel zu Klimagerechtigkeit im Rahmen von Jannas Reise in die Philippinen zu erfahren und ich habe mich sehr gefreut, Jannas Eindr\u00fccke und Learnings f\u00fcr die sozialen Medien aufbereiten zu d\u00fcrfen. Ein wiederkehrendes Highlight war mit Sicherheit die Zusammenarbeit und Vernetzung mit vielen anderen Praktikant*innen, die immer sehr gleichgesinnt waren und mir in meinem Praktikum und dar\u00fcber hinaus viel Freude bereitet haben. Das absolute Highlight f\u00fcr mich war die M\u00f6glichkeit, ClimateMind auch noch \u00fcber mein Praktikum hinaus hier und da weiter unterst\u00fctzen zu d\u00fcrfen.<\/p>\n\n\n\n<p><\/p>\n\n\n\n<figure class=\"wp-block-image size-large is-resized\"><img loading=\"lazy\" decoding=\"async\" src=\"https:\/\/climatemind.de\/wp-content\/uploads\/2024\/11\/Unbenannt42-1-1024x734.jpg\" alt=\"\" class=\"wp-image-6856\" width=\"1024\" height=\"683\" srcset=\"https:\/\/climatemind.de\/wp-content\/uploads\/2024\/11\/Unbenannt42-1-1024x734.jpg 1024w, https:\/\/climatemind.de\/wp-content\/uploads\/2024\/11\/Unbenannt42-1-980x703.jpg 980w, https:\/\/climatemind.de\/wp-content\/uploads\/2024\/11\/Unbenannt42-1-480x344.jpg 480w\" sizes=\"(min-width: 0px) and (max-width: 480px) 480px, (min-width: 481px) and (max-width: 980px) 980px, (min-width: 981px) 1024px, 100vw\" \/><\/figure>\n\n\n\n<p><\/p>\n\n\n\n<h2 class=\"wp-block-heading\">Was nimmst du aus deiner Zeit bei ClimateMind f\u00fcr dich mit?<\/h2>\n\n\n\n<p><\/p>\n\n\n\n<p>Ich habe das Gef\u00fchl, dass mich mein Praktikum bei ClimateMind auf vielen Ebenen bereichern konnte. Ich habe gelernt, Zielgruppen ausfindig zu machen und zielgruppenspezifische Inhalte aufzubereiten. Die Arbeit am Thema hat f\u00fcr einen weiteren Wissenszuwachs gesorgt und mich f\u00fcr viele relevante Dinge nochmals sensibilisiert. Aber am meisten habe ich von der Einstellung und Arbeitsmoral mitgenommen, die es in einem Sozialunternehmen und als Start-up braucht. Man kann und muss sich sehr hohe Ziele setzen, wenn man etwas erreichen will und wenn man hinter seiner Arbeit und deren Idee steht, sind auch alle bereit die extra Meile zu gehen, die es braucht, um dorthin zu kommen!<\/p>\n\n\n\n<blockquote class=\"wp-block-quote is-layout-flow wp-block-quote-is-layout-flow\">\n<p>Insgesamt war mein Praktikum bei ClimateMind f\u00fcr mich sinnvolle Arbeit, Spa\u00df und berufliche Orientierung in einem. Danke ClimateMind f\u00fcr die Arbeit, die ihr leistet.&nbsp; \ud83d\ude0a&nbsp;&nbsp;<\/p>\n<\/blockquote>\n\n\n\n<p><\/p>\n\n\n\n<h2 class=\"wp-block-heading\">Du m\u00f6chtest noch mehr \u00fcber ClimateMind lernen?<\/h2>\n\n\n\n<p><\/p>\n\n\n\n<p>Du hast den Newsletter noch nicht abonniert und m\u00f6chtest keine Neuigkeiten mehr verpassen? <a href=\"http:\/\/climatemind.de\/#newsletter\" target=\"_blank\" rel=\"noreferrer noopener\">Dann abonniere jetzt unseren Newsletter!<\/a><\/p>\n\n\n\n<p><\/p>\n<span class=\"et_bloom_bottom_trigger\"><\/span>","protected":false},"excerpt":{"rendered":"<p>Lerne Lilli kennen und erhalte einen Einblick in ihre T\u00e4tigkeiten und Highlights w\u00e4hrend ihres Praktikums bei ClimateMind!<\/p>\n","protected":false},"author":1,"featured_media":6567,"comment_status":"closed","ping_status":"closed","sticky":false,"template":"","format":"standard","meta":{"_et_pb_use_builder":"","_et_pb_old_content":"","_et_gb_content_width":"","content-type":"","_uf_show_specific_survey":0,"_uf_disable_surveys":false,"footnotes":""},"categories":[66,1],"tags":[49,54,31,64,29,30],"class_list":["post-6861","post","type-post","status-publish","format-standard","has-post-thumbnail","hentry","category-erfahrungsberichte-jobs","category-nicht-kategorisiert","tag-climate-justice","tag-climate-psychology","tag-climatemind","tag-erfahrungsbericht","tag-klimakommunikation","tag-klimapsychologie"],"yoast_head":"<!-- This site is optimized with the Yoast SEO plugin v26.1.1 - https:\/\/yoast.com\/wordpress\/plugins\/seo\/ -->\n<title>Lillis Erfahrungsbericht zum Praktikum - ClimateMind<\/title>\n<meta name=\"description\" content=\"Lillis Erfahrungsbericht zum Praktikum bei ClimateMind. Lies dir den Bericht der ehemaligen Praktikantin durch und erfahre wie es f\u00fcr sie bei ClimateMind war.\" \/>\n<meta name=\"robots\" content=\"index, follow, max-snippet:-1, max-image-preview:large, max-video-preview:-1\" \/>\n<link rel=\"canonical\" href=\"https:\/\/climatemind.de\/en\/erfahrungsberichte-jobs\/lilli\/\" \/>\n<meta property=\"og:locale\" content=\"en_US\" \/>\n<meta property=\"og:type\" content=\"article\" \/>\n<meta property=\"og:title\" content=\"Lillis Erfahrungsbericht zum Praktikum bei ClimateMind.\" \/>\n<meta property=\"og:description\" content=\"Lillis Erfahrungsbericht zum Praktikum bei ClimateMind. Lies dir den Bericht der ehemaligen Praktikantin durch und erfahre wie es f\u00fcr sie bei ClimateMind war.\" \/>\n<meta property=\"og:url\" content=\"https:\/\/climatemind.de\/en\/erfahrungsberichte-jobs\/lilli\/\" \/>\n<meta property=\"og:site_name\" content=\"ClimateMind\" \/>\n<meta property=\"article:publisher\" content=\"https:\/\/m.facebook.com\/klimapsych\/\" \/>\n<meta property=\"article:published_time\" content=\"2024-12-06T16:54:53+00:00\" \/>\n<meta property=\"article:modified_time\" content=\"2024-12-10T12:59:27+00:00\" \/>\n<meta property=\"og:image\" content=\"https:\/\/climatemind.de\/wp-content\/uploads\/2024\/03\/Foto_Lilli-5-e1709895181942.jpg\" \/>\n\t<meta property=\"og:image:width\" content=\"1200\" \/>\n\t<meta property=\"og:image:height\" content=\"627\" \/>\n\t<meta property=\"og:image:type\" content=\"image\/jpeg\" \/>\n<meta name=\"author\" content=\"admin\" \/>\n<meta name=\"twitter:card\" content=\"summary_large_image\" \/>\n<meta name=\"twitter:image\" content=\"https:\/\/climatemind.de\/wp-content\/uploads\/2024\/03\/Foto_Lilli-5-e1709895181942.jpg\" \/>\n<meta name=\"twitter:creator\" content=\"@Climatemind_de\" \/>\n<meta name=\"twitter:site\" content=\"@Climatemind_de\" \/>\n<meta name=\"twitter:label1\" content=\"Written by\" \/>\n\t<meta name=\"twitter:data1\" content=\"admin\" \/>\n\t<meta name=\"twitter:label2\" content=\"Est. reading time\" \/>\n\t<meta name=\"twitter:data2\" content=\"5 minutes\" \/>\n<script type=\"application\/ld+json\" class=\"yoast-schema-graph\">{\"@context\":\"https:\/\/schema.org\",\"@graph\":[{\"@type\":\"WebPage\",\"@id\":\"https:\/\/climatemind.de\/en\/erfahrungsberichte-jobs\/lilli\/\",\"url\":\"https:\/\/climatemind.de\/en\/erfahrungsberichte-jobs\/lilli\/\",\"name\":\"Lillis Erfahrungsbericht zum Praktikum - ClimateMind\",\"isPartOf\":{\"@id\":\"https:\/\/climatemind.de\/en\/#website\"},\"primaryImageOfPage\":{\"@id\":\"https:\/\/climatemind.de\/en\/erfahrungsberichte-jobs\/lilli\/#primaryimage\"},\"image\":{\"@id\":\"https:\/\/climatemind.de\/en\/erfahrungsberichte-jobs\/lilli\/#primaryimage\"},\"thumbnailUrl\":\"https:\/\/climatemind.de\/wp-content\/uploads\/2024\/03\/Foto_Lilli-2-e1709883483939.jpg\",\"datePublished\":\"2024-12-06T16:54:53+00:00\",\"dateModified\":\"2024-12-10T12:59:27+00:00\",\"author\":{\"@id\":\"https:\/\/climatemind.de\/en\/#\/schema\/person\/b9fd36b3699cd52c079361f449e222f4\"},\"description\":\"Lillis Erfahrungsbericht zum Praktikum bei ClimateMind. Lies dir den Bericht der ehemaligen Praktikantin durch und erfahre wie es f\u00fcr sie bei ClimateMind war.\",\"breadcrumb\":{\"@id\":\"https:\/\/climatemind.de\/en\/erfahrungsberichte-jobs\/lilli\/#breadcrumb\"},\"inLanguage\":\"en-US\",\"potentialAction\":[{\"@type\":\"ReadAction\",\"target\":[\"https:\/\/climatemind.de\/en\/erfahrungsberichte-jobs\/lilli\/\"]}]},{\"@type\":\"ImageObject\",\"inLanguage\":\"en-US\",\"@id\":\"https:\/\/climatemind.de\/en\/erfahrungsberichte-jobs\/lilli\/#primaryimage\",\"url\":\"https:\/\/climatemind.de\/wp-content\/uploads\/2024\/03\/Foto_Lilli-2-e1709883483939.jpg\",\"contentUrl\":\"https:\/\/climatemind.de\/wp-content\/uploads\/2024\/03\/Foto_Lilli-2-e1709883483939.jpg\",\"width\":949,\"height\":629},{\"@type\":\"BreadcrumbList\",\"@id\":\"https:\/\/climatemind.de\/en\/erfahrungsberichte-jobs\/lilli\/#breadcrumb\",\"itemListElement\":[{\"@type\":\"ListItem\",\"position\":1,\"name\":\"Startseite\",\"item\":\"https:\/\/climatemind.de\/en\/homepage\/\"},{\"@type\":\"ListItem\",\"position\":2,\"name\":\"Lillis Erfahrungsbericht zum Praktikum\"}]},{\"@type\":\"WebSite\",\"@id\":\"https:\/\/climatemind.de\/en\/#website\",\"url\":\"https:\/\/climatemind.de\/en\/\",\"name\":\"ClimateMind\",\"description\":\"Psychologie f\u00fcr echte Nachhaltigkeit\",\"potentialAction\":[{\"@type\":\"SearchAction\",\"target\":{\"@type\":\"EntryPoint\",\"urlTemplate\":\"https:\/\/climatemind.de\/en\/?s={search_term_string}\"},\"query-input\":{\"@type\":\"PropertyValueSpecification\",\"valueRequired\":true,\"valueName\":\"search_term_string\"}}],\"inLanguage\":\"en-US\"},{\"@type\":\"Person\",\"@id\":\"https:\/\/climatemind.de\/en\/#\/schema\/person\/b9fd36b3699cd52c079361f449e222f4\",\"name\":\"admin\",\"image\":{\"@type\":\"ImageObject\",\"inLanguage\":\"en-US\",\"@id\":\"https:\/\/climatemind.de\/en\/#\/schema\/person\/image\/\",\"url\":\"https:\/\/secure.gravatar.com\/avatar\/fb646541bbeeb313f32e00c41399b84a188dd401b97ff03243c11927bdbabd4a?s=96&d=mm&r=g\",\"contentUrl\":\"https:\/\/secure.gravatar.com\/avatar\/fb646541bbeeb313f32e00c41399b84a188dd401b97ff03243c11927bdbabd4a?s=96&d=mm&r=g\",\"caption\":\"admin\"},\"sameAs\":[\"http:\/\/climatemind.de\"],\"url\":\"https:\/\/climatemind.de\/en\/author\/admin\/\"}]}<\/script>\n<!-- \/ Yoast SEO plugin. -->","yoast_head_json":{"title":"Lillis Erfahrungsbericht zum Praktikum - ClimateMind","description":"Lillis Erfahrungsbericht zum Praktikum bei ClimateMind. Lies dir den Bericht der ehemaligen Praktikantin durch und erfahre wie es f\u00fcr sie bei ClimateMind war.","robots":{"index":"index","follow":"follow","max-snippet":"max-snippet:-1","max-image-preview":"max-image-preview:large","max-video-preview":"max-video-preview:-1"},"canonical":"https:\/\/climatemind.de\/en\/erfahrungsberichte-jobs\/lilli\/","og_locale":"en_US","og_type":"article","og_title":"Lillis Erfahrungsbericht zum Praktikum bei ClimateMind.","og_description":"Lillis Erfahrungsbericht zum Praktikum bei ClimateMind. Lies dir den Bericht der ehemaligen Praktikantin durch und erfahre wie es f\u00fcr sie bei ClimateMind war.","og_url":"https:\/\/climatemind.de\/en\/erfahrungsberichte-jobs\/lilli\/","og_site_name":"ClimateMind","article_publisher":"https:\/\/m.facebook.com\/klimapsych\/","article_published_time":"2024-12-06T16:54:53+00:00","article_modified_time":"2024-12-10T12:59:27+00:00","og_image":[{"width":1200,"height":627,"url":"https:\/\/climatemind.de\/wp-content\/uploads\/2024\/03\/Foto_Lilli-5-e1709895181942.jpg","type":"image\/jpeg"}],"author":"admin","twitter_card":"summary_large_image","twitter_image":"https:\/\/climatemind.de\/wp-content\/uploads\/2024\/03\/Foto_Lilli-5-e1709895181942.jpg","twitter_creator":"@Climatemind_de","twitter_site":"@Climatemind_de","twitter_misc":{"Written by":"admin","Est. reading time":"5 minutes"},"schema":{"@context":"https:\/\/schema.org","@graph":[{"@type":"WebPage","@id":"https:\/\/climatemind.de\/en\/erfahrungsberichte-jobs\/lilli\/","url":"https:\/\/climatemind.de\/en\/erfahrungsberichte-jobs\/lilli\/","name":"Lillis Erfahrungsbericht zum Praktikum - ClimateMind","isPartOf":{"@id":"https:\/\/climatemind.de\/en\/#website"},"primaryImageOfPage":{"@id":"https:\/\/climatemind.de\/en\/erfahrungsberichte-jobs\/lilli\/#primaryimage"},"image":{"@id":"https:\/\/climatemind.de\/en\/erfahrungsberichte-jobs\/lilli\/#primaryimage"},"thumbnailUrl":"https:\/\/climatemind.de\/wp-content\/uploads\/2024\/03\/Foto_Lilli-2-e1709883483939.jpg","datePublished":"2024-12-06T16:54:53+00:00","dateModified":"2024-12-10T12:59:27+00:00","author":{"@id":"https:\/\/climatemind.de\/en\/#\/schema\/person\/b9fd36b3699cd52c079361f449e222f4"},"description":"Lillis Erfahrungsbericht zum Praktikum bei ClimateMind. Lies dir den Bericht der ehemaligen Praktikantin durch und erfahre wie es f\u00fcr sie bei ClimateMind war.","breadcrumb":{"@id":"https:\/\/climatemind.de\/en\/erfahrungsberichte-jobs\/lilli\/#breadcrumb"},"inLanguage":"en-US","potentialAction":[{"@type":"ReadAction","target":["https:\/\/climatemind.de\/en\/erfahrungsberichte-jobs\/lilli\/"]}]},{"@type":"ImageObject","inLanguage":"en-US","@id":"https:\/\/climatemind.de\/en\/erfahrungsberichte-jobs\/lilli\/#primaryimage","url":"https:\/\/climatemind.de\/wp-content\/uploads\/2024\/03\/Foto_Lilli-2-e1709883483939.jpg","contentUrl":"https:\/\/climatemind.de\/wp-content\/uploads\/2024\/03\/Foto_Lilli-2-e1709883483939.jpg","width":949,"height":629},{"@type":"BreadcrumbList","@id":"https:\/\/climatemind.de\/en\/erfahrungsberichte-jobs\/lilli\/#breadcrumb","itemListElement":[{"@type":"ListItem","position":1,"name":"Startseite","item":"https:\/\/climatemind.de\/en\/homepage\/"},{"@type":"ListItem","position":2,"name":"Lillis Erfahrungsbericht zum Praktikum"}]},{"@type":"WebSite","@id":"https:\/\/climatemind.de\/en\/#website","url":"https:\/\/climatemind.de\/en\/","name":"ClimateMind","description":"Psychologie f\u00fcr echte Nachhaltigkeit","potentialAction":[{"@type":"SearchAction","target":{"@type":"EntryPoint","urlTemplate":"https:\/\/climatemind.de\/en\/?s={search_term_string}"},"query-input":{"@type":"PropertyValueSpecification","valueRequired":true,"valueName":"search_term_string"}}],"inLanguage":"en-US"},{"@type":"Person","@id":"https:\/\/climatemind.de\/en\/#\/schema\/person\/b9fd36b3699cd52c079361f449e222f4","name":"admin","image":{"@type":"ImageObject","inLanguage":"en-US","@id":"https:\/\/climatemind.de\/en\/#\/schema\/person\/image\/","url":"https:\/\/secure.gravatar.com\/avatar\/fb646541bbeeb313f32e00c41399b84a188dd401b97ff03243c11927bdbabd4a?s=96&d=mm&r=g","contentUrl":"https:\/\/secure.gravatar.com\/avatar\/fb646541bbeeb313f32e00c41399b84a188dd401b97ff03243c11927bdbabd4a?s=96&d=mm&r=g","caption":"admin"},"sameAs":["http:\/\/climatemind.de"],"url":"https:\/\/climatemind.de\/en\/author\/admin\/"}]}},"_links":{"self":[{"href":"https:\/\/climatemind.de\/en\/wp-json\/wp\/v2\/posts\/6861","targetHints":{"allow":["GET"]}}],"collection":[{"href":"https:\/\/climatemind.de\/en\/wp-json\/wp\/v2\/posts"}],"about":[{"href":"https:\/\/climatemind.de\/en\/wp-json\/wp\/v2\/types\/post"}],"author":[{"embeddable":true,"href":"https:\/\/climatemind.de\/en\/wp-json\/wp\/v2\/users\/1"}],"replies":[{"embeddable":true,"href":"https:\/\/climatemind.de\/en\/wp-json\/wp\/v2\/comments?post=6861"}],"version-history":[{"count":5,"href":"https:\/\/climatemind.de\/en\/wp-json\/wp\/v2\/posts\/6861\/revisions"}],"predecessor-version":[{"id":6919,"href":"https:\/\/climatemind.de\/en\/wp-json\/wp\/v2\/posts\/6861\/revisions\/6919"}],"wp:featuredmedia":[{"embeddable":true,"href":"https:\/\/climatemind.de\/en\/wp-json\/wp\/v2\/media\/6567"}],"wp:attachment":[{"href":"https:\/\/climatemind.de\/en\/wp-json\/wp\/v2\/media?parent=6861"}],"wp:term":[{"taxonomy":"category","embeddable":true,"href":"https:\/\/climatemind.de\/en\/wp-json\/wp\/v2\/categories?post=6861"},{"taxonomy":"post_tag","embeddable":true,"href":"https:\/\/climatemind.de\/en\/wp-json\/wp\/v2\/tags?post=6861"}],"curies":[{"name":"wp","href":"https:\/\/api.w.org\/{rel}","templated":true}]}}