{"id":6862,"date":"2024-12-10T12:43:48","date_gmt":"2024-12-10T11:43:48","guid":{"rendered":"https:\/\/climatemind.de\/?p=6862"},"modified":"2024-12-10T13:52:35","modified_gmt":"2024-12-10T12:52:35","slug":"hans","status":"publish","type":"post","link":"https:\/\/climatemind.de\/en\/erfahrungsberichte-jobs\/hans\/","title":{"rendered":"Hans&#8217; Erfahrungsbericht zum Praktikum"},"content":{"rendered":"\n<p><\/p>\n\n\n\n<blockquote class=\"wp-block-quote is-layout-flow wp-block-quote-is-layout-flow\">\n<p>Das ist Teil 9 der Serie zu Erfahrungsberichten von Praktikant:innen.<\/p>\n\n\n\n<p><a href=\"https:\/\/climatemind.de\/ueber-climatemind\/#jobs\" target=\"_blank\" rel=\"noreferrer noopener\">Du findest hier einen \u00dcberblick \u00fcber die gesamte Serie<em>.<\/em><\/a><\/p>\n<\/blockquote>\n\n\n\n<p><\/p>\n\n\n\n<h1 class=\"wp-block-heading\">Lerne Hans kennen<\/h1>\n\n\n\n<p><\/p>\n\n\n\n<h2 class=\"wp-block-heading\">Stell dich doch bitte kurz vor\u2026<\/h2>\n\n\n\n<p><\/p>\n\n\n\n<p>Hi! Ich bin Hans, 26 Jahre und wohne in Chemnitz. Dort studiere ich im Bachelor Psychologie. Vorher habe ich eine Ausbildung zum Ergotherapeuten gemacht. Da ich mich bereits seit einiger Zeit f\u00fcr Themen rund um Klimagerechtigkeit engagiere, war ein Praktikum bei ClimateMind sehr interessant f\u00fcr mich. In dem 3 monatigen Praktikum von August \u2013 November konnte ich Einblicke in verschiedene Bereiche von ClimateMind bekommen. Dabei habe ich unter anderem im Vertrieb, bei Social Media und in der Academy mitgewirkt.<\/p>\n\n\n\n<p><\/p>\n\n\n\n<figure class=\"wp-block-image size-large\"><img loading=\"lazy\" decoding=\"async\" width=\"1024\" height=\"683\" src=\"https:\/\/climatemind.de\/wp-content\/uploads\/2024\/11\/carl-heyerdahl-KE0nC8-58MQ-unsplash-1024x683.jpg\" alt=\"\" class=\"wp-image-6867\" srcset=\"https:\/\/climatemind.de\/wp-content\/uploads\/2024\/11\/carl-heyerdahl-KE0nC8-58MQ-unsplash-980x653.jpg 980w, https:\/\/climatemind.de\/wp-content\/uploads\/2024\/11\/carl-heyerdahl-KE0nC8-58MQ-unsplash-480x320.jpg 480w\" sizes=\"(min-width: 0px) and (max-width: 480px) 480px, (min-width: 481px) and (max-width: 980px) 980px, (min-width: 981px) 1024px, 100vw\" \/><\/figure>\n\n\n\n<p><\/p>\n\n\n\n<h2 class=\"wp-block-heading\">Warum hast du dich f\u00fcr die Mitarbeit bei ClimateMind entschieden?<\/h2>\n\n\n\n<p><\/p>\n\n\n\n<p>Ich habe lange \u00fcberlegt, wo ich denn mein Praktikum machen k\u00f6nnte. In meiner Ausbildung musste ich bereits Praktika in verschiedenen Bereichen absolvieren. Auch wenn ich mir viel aus den Praktika mitnehmen konnte, war ich mittlerweile nicht mehr so begeistert vom &#8220;Konzept Praktikum&#8221;. Dementsprechend hatte ich nicht viel Lust auf ein Standardpraktikum. Ein Praktikum im Bereich f\u00fcr Klimapsychologie klang dabei sehr spannend, da es f\u00fcr mich wie ein Feld wirkt in dem ich gut und selbstwirksam arbeiten kann, und dass mich auch privat sehr interessiert.<\/p>\n\n\n\n<p><\/p>\n\n\n\n<figure class=\"wp-block-image size-full is-resized\"><img loading=\"lazy\" decoding=\"async\" src=\"https:\/\/climatemind.de\/wp-content\/uploads\/2024\/11\/Unbenannt-12.png\" alt=\"\" class=\"wp-image-6866\" width=\"1024\" height=\"683\" srcset=\"https:\/\/climatemind.de\/wp-content\/uploads\/2024\/11\/Unbenannt-12.png 1024w, https:\/\/climatemind.de\/wp-content\/uploads\/2024\/11\/Unbenannt-12-480x268.png 480w\" sizes=\"(min-width: 0px) and (max-width: 480px) 480px, (min-width: 481px) 1024px, 100vw\" \/><\/figure>\n\n\n\n<p><\/p>\n\n\n\n<h2 class=\"wp-block-heading\">Wie sieht deine T\u00e4tigkeit als Praktikantin bei ClimateMind aus?<\/h2>\n\n\n\n<p><\/p>\n\n\n\n<p>Ich hatte keine einzelne konkrete Rolle, sondern konnte mir verschiedene Bereiche von ClimateMind anschauen. H\u00e4ufig habe ich im Vertrieb mitgeholfen. Von Anfang an konnte ich wichtige und relevante Aufgaben \u00fcbernehmen und mir wurde viel Vertrauen geschenkt. So durfte ich sehr fr\u00fch schon in der Social Media Arbeit mitarbeiten. Bei Vorbereitung und Nachbereitung von Auftr\u00e4gen konnte ich konkrete inhaltliche Einblicke in die Klimapsychologie bekommen. Dazu hat die wissenschaftliche Recherche geh\u00f6rt, f\u00fcr die ich einige Tools kennengelernt habe. Zur Nachbereitung hat die Dokumentation der Projekte geh\u00f6rt und Unterlagen in entsprechende Datenbanken abzulegen. Eine wichtige Aufgabe dabei war auch die Pflege der entsprechenden Datenbanken und deren \u00dcberarbeitung. Weiterhin konnte ich sogar Anpassungen auf der Website vornehmen und bei der Academy mithelfen. Einblicke in die Academy bekommen war f\u00fcr mich besonders spannend. Dem ein oder anderen Auftrag konnte ich beiwohnen und dort kleinere Aufgaben \u00fcbernehmen.&nbsp;<\/p>\n\n\n\n<p><\/p>\n\n\n\n<h2 class=\"wp-block-heading\">Was gef\u00e4llt dir an ClimateMind besonders gut?<\/h2>\n\n\n\n<p><\/p>\n\n\n\n<p>Es ist ein Praktikum in dem man sehr gefordert ist und verschiedene M\u00f6glichkeiten hat sich einzubringen, wenn man das n\u00f6tige Engagement zeigt und die Eigeninitiative dazu hat. Es ist definitiv kein &#8220;Faulenzer-Praktikum&#8221;. Dem sollte man sich bewusst sein. Man wird immer die H\u00e4nde voll zu tun haben. Ich hatte das Gef\u00fchl an einem sehr coolen Projekt f\u00fcr die Klimagerechtigkeit zu arbeiten, mit Menschen, bei denen dieses Thema auch in der Arbeit im Vordergrund steht.<\/p>\n\n\n\n<p><\/p>\n\n\n\n<h2 class=\"wp-block-heading\">Was waren f\u00fcr dich bis jetzt 3 Highlights deiner Zeit bei ClimateMind?<\/h2>\n\n\n\n<p><\/p>\n\n\n\n<p>Highlights f\u00fcr mich waren auf jeden Fall die Auftr\u00e4ge zu&nbsp;denen ich mitfahren konnte. Da konnte ich mir nicht nur inhaltlich vieles mitnehmen, sondern auch bez\u00fcglich der Gestaltung und Aufmachung des Trainings. Au\u00dferdem waren die Einblicke in die Academy sehr interessant, aus der ich mir vieles mitnehmen kann. Bei den Recherchearbeiten rund ums Thema Klimagerechtigkeit konnte ich einiges neues inhaltliches Wissen f\u00fcr mich gewinnen.<\/p>\n\n\n\n<p><\/p>\n\n\n\n<figure class=\"wp-block-image size-large is-resized\"><img decoding=\"async\" src=\"https:\/\/climatemind.de\/wp-content\/uploads\/2024\/11\/Folienbild-182-1024x736.jpg\" alt=\"\" class=\"wp-image-6869\" height=\"683\" srcset=\"https:\/\/climatemind.de\/wp-content\/uploads\/2024\/11\/Folienbild-182-980x704.jpg 980w, https:\/\/climatemind.de\/wp-content\/uploads\/2024\/11\/Folienbild-182-480x345.jpg 480w\" sizes=\"(min-width: 0px) and (max-width: 480px) 480px, (min-width: 481px) and (max-width: 980px) 980px, (min-width: 981px) 1024px, 100vw\" \/><\/figure>\n\n\n\n<p><\/p>\n\n\n\n<h2 class=\"wp-block-heading\">Was nimmst du aus deiner Zeit bei ClimateMind f\u00fcr dich mit?<\/h2>\n\n\n\n<p><\/p>\n\n\n\n<p>Eine sehr ausschlaggebende Sache, die ich vor allem in der Arbeit vom Vertrieb gemerkt habe, ist, dass es noch sehr viele Menschen gibt, die aktiv im Bereich Nachhaltigkeit Dinge voranbringen wollen und dass es ein gro\u00dfes Interesse daran gibt sich in diesem Bereich weiterzubilden, auch bei Menschen in ausschlaggebenden Positionen. Das hat mir Hoffnung gegeben und gezeigt, dass man immer noch wirksam in diesem Bereich sein kann.&nbsp;<br>Au\u00dferdem konnte ich einige Einblicke in den Bereich Klimapsychologie bekommen und vieles dar\u00fcber f\u00fcr mich lernen. Ich konnte auch vieles \u00fcber Arbeitsweisen und -strukturen lernen, was ich in der Zukunft f\u00fcr mich nutzen kann.&nbsp;<\/p>\n\n\n\n<p><\/p>\n\n\n\n<h2 class=\"wp-block-heading\">Du m\u00f6chtest noch mehr \u00fcber ClimateMind lernen?<\/h2>\n\n\n\n<p><\/p>\n\n\n\n<p>Du hast den Newsletter noch nicht abonniert und m\u00f6chtest keine Neuigkeiten mehr verpassen? <a href=\"http:\/\/climatemind.de\/#newsletter\" target=\"_blank\" rel=\"noreferrer noopener\">Dann abonniere jetzt unseren Newsletter!<\/a><\/p>\n\n\n\n<p><\/p>\n<span class=\"et_bloom_bottom_trigger\"><\/span>","protected":false},"excerpt":{"rendered":"<p>Lerne Hans kennen und erhalte einen Einblick in seine T\u00e4tigkeiten und Highlights w\u00e4hrend seines Praktikums bei ClimateMind!<\/p>\n","protected":false},"author":1,"featured_media":6876,"comment_status":"closed","ping_status":"closed","sticky":false,"template":"","format":"standard","meta":{"_et_pb_use_builder":"","_et_pb_old_content":"","_et_gb_content_width":"","content-type":"","_uf_show_specific_survey":0,"_uf_disable_surveys":false,"footnotes":""},"categories":[66,1],"tags":[49,54,31,64,29,30],"class_list":["post-6862","post","type-post","status-publish","format-standard","has-post-thumbnail","hentry","category-erfahrungsberichte-jobs","category-nicht-kategorisiert","tag-climate-justice","tag-climate-psychology","tag-climatemind","tag-erfahrungsbericht","tag-klimakommunikation","tag-klimapsychologie"],"yoast_head":"<!-- This site is optimized with the Yoast SEO plugin v26.1.1 - https:\/\/yoast.com\/wordpress\/plugins\/seo\/ -->\n<title>Hans&#039; Erfahrungsbericht zum Praktikum - ClimateMind<\/title>\n<meta name=\"description\" content=\"Hans Erfahrungsbericht zum Praktikum bei ClimateMind. Lies dir den Bericht des ehemaligen Praktikanten durch und erfahre wie es f\u00fcr ihn bei ClimateMind war.\" \/>\n<meta name=\"robots\" content=\"index, follow, max-snippet:-1, max-image-preview:large, max-video-preview:-1\" \/>\n<link rel=\"canonical\" href=\"https:\/\/climatemind.de\/en\/erfahrungsberichte-jobs\/hans\/\" \/>\n<meta property=\"og:locale\" content=\"en_US\" \/>\n<meta property=\"og:type\" content=\"article\" \/>\n<meta property=\"og:title\" content=\"Hans&#039; Erfahrungsbericht zum Praktikum\" \/>\n<meta property=\"og:description\" content=\"Lies dir den Bericht des ehemaligen Praktikanten Hans durch und erfahre wie es f\u00fcr ihn bei ClimateMind war.\" \/>\n<meta property=\"og:url\" content=\"https:\/\/climatemind.de\/en\/erfahrungsberichte-jobs\/hans\/\" \/>\n<meta property=\"og:site_name\" content=\"ClimateMind\" \/>\n<meta property=\"article:publisher\" content=\"https:\/\/m.facebook.com\/klimapsych\/\" \/>\n<meta property=\"article:published_time\" content=\"2024-12-10T11:43:48+00:00\" \/>\n<meta property=\"article:modified_time\" content=\"2024-12-10T12:52:35+00:00\" \/>\n<meta property=\"og:image\" content=\"https:\/\/climatemind.de\/wp-content\/uploads\/2024\/11\/JPEG-Bild-4955-A9B9-EB-0-e1733735072319.jpeg\" \/>\n\t<meta property=\"og:image:width\" content=\"640\" \/>\n\t<meta property=\"og:image:height\" content=\"427\" \/>\n\t<meta property=\"og:image:type\" content=\"image\/jpeg\" \/>\n<meta name=\"author\" content=\"admin\" \/>\n<meta name=\"twitter:card\" content=\"summary_large_image\" \/>\n<meta name=\"twitter:creator\" content=\"@Climatemind_de\" \/>\n<meta name=\"twitter:site\" content=\"@Climatemind_de\" \/>\n<meta name=\"twitter:label1\" content=\"Written by\" \/>\n\t<meta name=\"twitter:data1\" content=\"admin\" \/>\n\t<meta name=\"twitter:label2\" content=\"Est. reading time\" \/>\n\t<meta name=\"twitter:data2\" content=\"5 minutes\" \/>\n<script type=\"application\/ld+json\" class=\"yoast-schema-graph\">{\"@context\":\"https:\/\/schema.org\",\"@graph\":[{\"@type\":\"WebPage\",\"@id\":\"https:\/\/climatemind.de\/en\/erfahrungsberichte-jobs\/hans\/\",\"url\":\"https:\/\/climatemind.de\/en\/erfahrungsberichte-jobs\/hans\/\",\"name\":\"Hans' Erfahrungsbericht zum Praktikum - ClimateMind\",\"isPartOf\":{\"@id\":\"https:\/\/climatemind.de\/en\/#website\"},\"primaryImageOfPage\":{\"@id\":\"https:\/\/climatemind.de\/en\/erfahrungsberichte-jobs\/hans\/#primaryimage\"},\"image\":{\"@id\":\"https:\/\/climatemind.de\/en\/erfahrungsberichte-jobs\/hans\/#primaryimage\"},\"thumbnailUrl\":\"https:\/\/climatemind.de\/wp-content\/uploads\/2024\/11\/JPEG-Bild-4955-A9B9-EB-0-e1733735072319.jpeg\",\"datePublished\":\"2024-12-10T11:43:48+00:00\",\"dateModified\":\"2024-12-10T12:52:35+00:00\",\"author\":{\"@id\":\"https:\/\/climatemind.de\/en\/#\/schema\/person\/b9fd36b3699cd52c079361f449e222f4\"},\"description\":\"Hans Erfahrungsbericht zum Praktikum bei ClimateMind. Lies dir den Bericht des ehemaligen Praktikanten durch und erfahre wie es f\u00fcr ihn bei ClimateMind war.\",\"breadcrumb\":{\"@id\":\"https:\/\/climatemind.de\/en\/erfahrungsberichte-jobs\/hans\/#breadcrumb\"},\"inLanguage\":\"en-US\",\"potentialAction\":[{\"@type\":\"ReadAction\",\"target\":[\"https:\/\/climatemind.de\/en\/erfahrungsberichte-jobs\/hans\/\"]}]},{\"@type\":\"ImageObject\",\"inLanguage\":\"en-US\",\"@id\":\"https:\/\/climatemind.de\/en\/erfahrungsberichte-jobs\/hans\/#primaryimage\",\"url\":\"https:\/\/climatemind.de\/wp-content\/uploads\/2024\/11\/JPEG-Bild-4955-A9B9-EB-0-e1733735072319.jpeg\",\"contentUrl\":\"https:\/\/climatemind.de\/wp-content\/uploads\/2024\/11\/JPEG-Bild-4955-A9B9-EB-0-e1733735072319.jpeg\",\"width\":640,\"height\":427},{\"@type\":\"BreadcrumbList\",\"@id\":\"https:\/\/climatemind.de\/en\/erfahrungsberichte-jobs\/hans\/#breadcrumb\",\"itemListElement\":[{\"@type\":\"ListItem\",\"position\":1,\"name\":\"Startseite\",\"item\":\"https:\/\/climatemind.de\/en\/homepage\/\"},{\"@type\":\"ListItem\",\"position\":2,\"name\":\"Hans&#8217; Erfahrungsbericht zum Praktikum\"}]},{\"@type\":\"WebSite\",\"@id\":\"https:\/\/climatemind.de\/en\/#website\",\"url\":\"https:\/\/climatemind.de\/en\/\",\"name\":\"ClimateMind\",\"description\":\"Psychologie f\u00fcr echte Nachhaltigkeit\",\"potentialAction\":[{\"@type\":\"SearchAction\",\"target\":{\"@type\":\"EntryPoint\",\"urlTemplate\":\"https:\/\/climatemind.de\/en\/?s={search_term_string}\"},\"query-input\":{\"@type\":\"PropertyValueSpecification\",\"valueRequired\":true,\"valueName\":\"search_term_string\"}}],\"inLanguage\":\"en-US\"},{\"@type\":\"Person\",\"@id\":\"https:\/\/climatemind.de\/en\/#\/schema\/person\/b9fd36b3699cd52c079361f449e222f4\",\"name\":\"admin\",\"image\":{\"@type\":\"ImageObject\",\"inLanguage\":\"en-US\",\"@id\":\"https:\/\/climatemind.de\/en\/#\/schema\/person\/image\/\",\"url\":\"https:\/\/secure.gravatar.com\/avatar\/fb646541bbeeb313f32e00c41399b84a188dd401b97ff03243c11927bdbabd4a?s=96&d=mm&r=g\",\"contentUrl\":\"https:\/\/secure.gravatar.com\/avatar\/fb646541bbeeb313f32e00c41399b84a188dd401b97ff03243c11927bdbabd4a?s=96&d=mm&r=g\",\"caption\":\"admin\"},\"sameAs\":[\"http:\/\/climatemind.de\"],\"url\":\"https:\/\/climatemind.de\/en\/author\/admin\/\"}]}<\/script>\n<!-- \/ Yoast SEO plugin. -->","yoast_head_json":{"title":"Hans' Erfahrungsbericht zum Praktikum - ClimateMind","description":"Hans Erfahrungsbericht zum Praktikum bei ClimateMind. Lies dir den Bericht des ehemaligen Praktikanten durch und erfahre wie es f\u00fcr ihn bei ClimateMind war.","robots":{"index":"index","follow":"follow","max-snippet":"max-snippet:-1","max-image-preview":"max-image-preview:large","max-video-preview":"max-video-preview:-1"},"canonical":"https:\/\/climatemind.de\/en\/erfahrungsberichte-jobs\/hans\/","og_locale":"en_US","og_type":"article","og_title":"Hans' Erfahrungsbericht zum Praktikum","og_description":"Lies dir den Bericht des ehemaligen Praktikanten Hans durch und erfahre wie es f\u00fcr ihn bei ClimateMind war.","og_url":"https:\/\/climatemind.de\/en\/erfahrungsberichte-jobs\/hans\/","og_site_name":"ClimateMind","article_publisher":"https:\/\/m.facebook.com\/klimapsych\/","article_published_time":"2024-12-10T11:43:48+00:00","article_modified_time":"2024-12-10T12:52:35+00:00","og_image":[{"width":640,"height":427,"url":"https:\/\/climatemind.de\/wp-content\/uploads\/2024\/11\/JPEG-Bild-4955-A9B9-EB-0-e1733735072319.jpeg","type":"image\/jpeg"}],"author":"admin","twitter_card":"summary_large_image","twitter_creator":"@Climatemind_de","twitter_site":"@Climatemind_de","twitter_misc":{"Written by":"admin","Est. reading time":"5 minutes"},"schema":{"@context":"https:\/\/schema.org","@graph":[{"@type":"WebPage","@id":"https:\/\/climatemind.de\/en\/erfahrungsberichte-jobs\/hans\/","url":"https:\/\/climatemind.de\/en\/erfahrungsberichte-jobs\/hans\/","name":"Hans' Erfahrungsbericht zum Praktikum - ClimateMind","isPartOf":{"@id":"https:\/\/climatemind.de\/en\/#website"},"primaryImageOfPage":{"@id":"https:\/\/climatemind.de\/en\/erfahrungsberichte-jobs\/hans\/#primaryimage"},"image":{"@id":"https:\/\/climatemind.de\/en\/erfahrungsberichte-jobs\/hans\/#primaryimage"},"thumbnailUrl":"https:\/\/climatemind.de\/wp-content\/uploads\/2024\/11\/JPEG-Bild-4955-A9B9-EB-0-e1733735072319.jpeg","datePublished":"2024-12-10T11:43:48+00:00","dateModified":"2024-12-10T12:52:35+00:00","author":{"@id":"https:\/\/climatemind.de\/en\/#\/schema\/person\/b9fd36b3699cd52c079361f449e222f4"},"description":"Hans Erfahrungsbericht zum Praktikum bei ClimateMind. Lies dir den Bericht des ehemaligen Praktikanten durch und erfahre wie es f\u00fcr ihn bei ClimateMind war.","breadcrumb":{"@id":"https:\/\/climatemind.de\/en\/erfahrungsberichte-jobs\/hans\/#breadcrumb"},"inLanguage":"en-US","potentialAction":[{"@type":"ReadAction","target":["https:\/\/climatemind.de\/en\/erfahrungsberichte-jobs\/hans\/"]}]},{"@type":"ImageObject","inLanguage":"en-US","@id":"https:\/\/climatemind.de\/en\/erfahrungsberichte-jobs\/hans\/#primaryimage","url":"https:\/\/climatemind.de\/wp-content\/uploads\/2024\/11\/JPEG-Bild-4955-A9B9-EB-0-e1733735072319.jpeg","contentUrl":"https:\/\/climatemind.de\/wp-content\/uploads\/2024\/11\/JPEG-Bild-4955-A9B9-EB-0-e1733735072319.jpeg","width":640,"height":427},{"@type":"BreadcrumbList","@id":"https:\/\/climatemind.de\/en\/erfahrungsberichte-jobs\/hans\/#breadcrumb","itemListElement":[{"@type":"ListItem","position":1,"name":"Startseite","item":"https:\/\/climatemind.de\/en\/homepage\/"},{"@type":"ListItem","position":2,"name":"Hans&#8217; Erfahrungsbericht zum Praktikum"}]},{"@type":"WebSite","@id":"https:\/\/climatemind.de\/en\/#website","url":"https:\/\/climatemind.de\/en\/","name":"ClimateMind","description":"Psychologie f\u00fcr echte Nachhaltigkeit","potentialAction":[{"@type":"SearchAction","target":{"@type":"EntryPoint","urlTemplate":"https:\/\/climatemind.de\/en\/?s={search_term_string}"},"query-input":{"@type":"PropertyValueSpecification","valueRequired":true,"valueName":"search_term_string"}}],"inLanguage":"en-US"},{"@type":"Person","@id":"https:\/\/climatemind.de\/en\/#\/schema\/person\/b9fd36b3699cd52c079361f449e222f4","name":"admin","image":{"@type":"ImageObject","inLanguage":"en-US","@id":"https:\/\/climatemind.de\/en\/#\/schema\/person\/image\/","url":"https:\/\/secure.gravatar.com\/avatar\/fb646541bbeeb313f32e00c41399b84a188dd401b97ff03243c11927bdbabd4a?s=96&d=mm&r=g","contentUrl":"https:\/\/secure.gravatar.com\/avatar\/fb646541bbeeb313f32e00c41399b84a188dd401b97ff03243c11927bdbabd4a?s=96&d=mm&r=g","caption":"admin"},"sameAs":["http:\/\/climatemind.de"],"url":"https:\/\/climatemind.de\/en\/author\/admin\/"}]}},"_links":{"self":[{"href":"https:\/\/climatemind.de\/en\/wp-json\/wp\/v2\/posts\/6862","targetHints":{"allow":["GET"]}}],"collection":[{"href":"https:\/\/climatemind.de\/en\/wp-json\/wp\/v2\/posts"}],"about":[{"href":"https:\/\/climatemind.de\/en\/wp-json\/wp\/v2\/types\/post"}],"author":[{"embeddable":true,"href":"https:\/\/climatemind.de\/en\/wp-json\/wp\/v2\/users\/1"}],"replies":[{"embeddable":true,"href":"https:\/\/climatemind.de\/en\/wp-json\/wp\/v2\/comments?post=6862"}],"version-history":[{"count":5,"href":"https:\/\/climatemind.de\/en\/wp-json\/wp\/v2\/posts\/6862\/revisions"}],"predecessor-version":[{"id":6928,"href":"https:\/\/climatemind.de\/en\/wp-json\/wp\/v2\/posts\/6862\/revisions\/6928"}],"wp:featuredmedia":[{"embeddable":true,"href":"https:\/\/climatemind.de\/en\/wp-json\/wp\/v2\/media\/6876"}],"wp:attachment":[{"href":"https:\/\/climatemind.de\/en\/wp-json\/wp\/v2\/media?parent=6862"}],"wp:term":[{"taxonomy":"category","embeddable":true,"href":"https:\/\/climatemind.de\/en\/wp-json\/wp\/v2\/categories?post=6862"},{"taxonomy":"post_tag","embeddable":true,"href":"https:\/\/climatemind.de\/en\/wp-json\/wp\/v2\/tags?post=6862"}],"curies":[{"name":"wp","href":"https:\/\/api.w.org\/{rel}","templated":true}]}}