{"id":6887,"date":"2024-12-10T12:40:21","date_gmt":"2024-12-10T11:40:21","guid":{"rendered":"https:\/\/climatemind.de\/?p=6887"},"modified":"2024-12-10T14:01:10","modified_gmt":"2024-12-10T13:01:10","slug":"marlon","status":"publish","type":"post","link":"https:\/\/climatemind.de\/en\/nicht-kategorisiert\/marlon\/","title":{"rendered":"Marlons Erfahrungsbericht zum Praktikum"},"content":{"rendered":"\n<p><\/p>\n\n\n\n<blockquote class=\"wp-block-quote is-layout-flow wp-block-quote-is-layout-flow\">\n<p>Das ist Teil 4 der Serie zu Erfahrungsberichten von Praktikant:innen. <\/p>\n\n\n\n<p><a href=\"https:\/\/climatemind.de\/ueber-climatemind\/#jobs\" target=\"_blank\" rel=\"noreferrer noopener\">Du findest hier einen \u00dcberblick \u00fcber die gesamte Serie.<\/a><\/p>\n<\/blockquote>\n\n\n\n<p><\/p>\n\n\n\n<h1 class=\"wp-block-heading\">Lerne Marlon kennen<\/h1>\n\n\n\n<p><\/p>\n\n\n\n<h2 class=\"wp-block-heading\">Stell dich doch bitte kurz vor\u2026<\/h2>\n\n\n\n<p><\/p>\n\n\n\n<p>Hallo mein Name ist Marlon Wandernoth und ich habe ein Praktikum bei ClimateMind zwischen dem 25.03.2024 und dem 24.04.2024 absolviert. Zu diesem Zeitpunkt war ich 25 Jahre alt und befand mich im zweiten Jahr des Double-Degree-Masterprogramms \u201ePsychology &amp; Sustainability\u201d und \u201eUmweltpsychologie\u201c der Leuphana Universit\u00e4t L\u00fcneburg und der University of Groningen. Im Rahmen meines Praktikums bei ClimateMind war ich insbesondere in den Bereichen Academy und Vertrieb t\u00e4tig.&nbsp;<\/p>\n\n\n\n<p><\/p>\n\n\n\n<h2 class=\"wp-block-heading\">Warum hast du dich f\u00fcr die Mitarbeit bei ClimateMind entschieden?<\/h2>\n\n\n\n<p><\/p>\n\n\n\n<p>Die Entscheidung f\u00fcr ClimateMind fiel aufgrund der Passung des Praktikumsprofils mit meinem Studium sowie aufgrund der Tatsache, dass eine Freundin von mir ebenfalls in dem Zeitraum ein Praktikum bei ClimateMind absolviert hat.&nbsp;&nbsp;<\/p>\n\n\n\n<figure class=\"wp-block-image size-large is-resized\"><img decoding=\"async\" src=\"https:\/\/climatemind.de\/wp-content\/uploads\/2024\/12\/annie-spratt-FSFfEQkd1sc-unsplash-1024x682.jpg\" alt=\"\" class=\"wp-image-6889\" height=\"683\" srcset=\"https:\/\/climatemind.de\/wp-content\/uploads\/2024\/12\/annie-spratt-FSFfEQkd1sc-unsplash-980x652.jpg 980w, https:\/\/climatemind.de\/wp-content\/uploads\/2024\/12\/annie-spratt-FSFfEQkd1sc-unsplash-480x320.jpg 480w\" sizes=\"(min-width: 0px) and (max-width: 480px) 480px, (min-width: 481px) and (max-width: 980px) 980px, (min-width: 981px) 1024px, 100vw\" \/><\/figure>\n\n\n\n<p><\/p>\n\n\n\n<h2 class=\"wp-block-heading\">Wie sieht deine T\u00e4tigkeit als Praktikant bei ClimateMind aus?<\/h2>\n\n\n\n<p><\/p>\n\n\n\n<p>Meine Aufgaben bei ClimateMind umfassten insbesondere die Pflege und Weiterentwicklung der Academy. Meine Verantwortung umfasste die Sicherstellung der technischen und inhaltlichen Kompatibilit\u00e4t in der ClimateMind Academy. Eine weitere Aufgabe bestand in der Betreuung der Lernenden der ClimateMind Academy. Dazu geh\u00f6rte die Bearbeitung von Anliegen und die Beantwortung von Fragen. Des weiteren habe ich gemeinsam mit Janna an der Vertriebsstruktur von ClimateMind gearbeitet. Dies umfasste sowohl den Vertrieb der Academy als auch Auftr\u00e4ge. Ein weiteres T\u00e4tigkeitsfeld umfasste die Assistenz von Janna bei der Entwicklung eines neuen Programms f\u00fcr F\u00fchrungskr\u00e4fte.&nbsp;<\/p>\n\n\n\n<figure class=\"wp-block-image size-large\"><img loading=\"lazy\" decoding=\"async\" width=\"1024\" height=\"576\" src=\"https:\/\/climatemind.de\/wp-content\/uploads\/2024\/12\/ashes-sitoula-UfEyDdXlRp8-unsplash-Kopie-1024x576.jpg\" alt=\"\" class=\"wp-image-6890\" srcset=\"https:\/\/climatemind.de\/wp-content\/uploads\/2024\/12\/ashes-sitoula-UfEyDdXlRp8-unsplash-Kopie-980x551.jpg 980w, https:\/\/climatemind.de\/wp-content\/uploads\/2024\/12\/ashes-sitoula-UfEyDdXlRp8-unsplash-Kopie-480x270.jpg 480w\" sizes=\"(min-width: 0px) and (max-width: 480px) 480px, (min-width: 481px) and (max-width: 980px) 980px, (min-width: 981px) 1024px, 100vw\" \/><\/figure>\n\n\n\n<p><\/p>\n\n\n\n<h2 class=\"wp-block-heading\">Was gef\u00e4llt dir an ClimateMind besonders gut?<\/h2>\n\n\n\n<p><\/p>\n\n\n\n<p>An ClimateMind gef\u00e4llt mir besonders gut die Flexibilit\u00e4t des Arbeitens und das Arbeiten in einem jungen Team mit anderen Praktikant:innen. Au\u00dferdem gef\u00e4llt mir, dass man bei ClimateMind auch als Praktikant:in viel Verantwortung \u00fcbernimmt und f\u00fcr ganze Bereiche von ClimateMind zust\u00e4ndig ist.&nbsp;<\/p>\n\n\n\n<p><\/p>\n\n\n\n<h2 class=\"wp-block-heading\">Was waren f\u00fcr dich bis jetzt 3 Highlights deiner Zeit bei ClimateMind?<\/h2>\n\n\n\n<p><\/p>\n\n\n\n<p>F\u00fcr mich waren die drei Highlights die Teilnahme an einer Vertriebsberatung mit einem externen Vertriebsberater, die Erstellung eines eigenen Kurses in der Academy und die Begleitung eines Auftrags in Wuppertal.&nbsp;<\/p>\n\n\n\n<figure class=\"wp-block-image size-full is-resized\"><img loading=\"lazy\" decoding=\"async\" src=\"https:\/\/climatemind.de\/wp-content\/uploads\/2024\/12\/Unbenannt102-Kopie.png\" alt=\"\" class=\"wp-image-6891\" width=\"1024\" height=\"683\" srcset=\"https:\/\/climatemind.de\/wp-content\/uploads\/2024\/12\/Unbenannt102-Kopie.png 1024w, https:\/\/climatemind.de\/wp-content\/uploads\/2024\/12\/Unbenannt102-Kopie-480x349.png 480w\" sizes=\"(min-width: 0px) and (max-width: 480px) 480px, (min-width: 481px) 1024px, 100vw\" \/><\/figure>\n\n\n\n<p><\/p>\n\n\n\n<h2 class=\"wp-block-heading\">Was nimmst du aus deiner Zeit bei ClimateMind f\u00fcr dich mit?<\/h2>\n\n\n\n<p>Aus meiner Zeit bei ClimateMind nehme ich mit, wie es ist, komplett remote in einem Team zu arbeiten und welche Herausforderungen dies mit sich bringt. Au\u00dferdem nehme ich mit, wie wichtig nicht nur der Inhalt eines Produktes oder einer Dienstleistung ist, sondern auch das Marketing bzw. der Vertrieb.&nbsp;<\/p>\n\n\n\n<p><\/p>\n\n\n\n<h2 class=\"wp-block-heading\">Du m\u00f6chtest noch mehr \u00fcber ClimateMind lernen?<\/h2>\n\n\n\n<p><\/p>\n\n\n\n<p>Du hast den Newsletter noch nicht abonniert und m\u00f6chtest keine Neuigkeiten mehr verpassen? <a href=\"https:\/\/climatemind.de\/#newsletter\" target=\"_blank\" rel=\"noreferrer noopener\">Dann abonniere jetzt unseren Newsletter!<\/a><\/p>\n<span class=\"et_bloom_bottom_trigger\"><\/span>","protected":false},"excerpt":{"rendered":"<p>Lerne Marlon kennen und erhalte einen Einblick in seine T\u00e4tigkeiten und Highlights w\u00e4hrend seines Praktikums bei ClimateMind!<\/p>\n","protected":false},"author":1,"featured_media":6888,"comment_status":"closed","ping_status":"closed","sticky":false,"template":"","format":"standard","meta":{"_et_pb_use_builder":"","_et_pb_old_content":"","_et_gb_content_width":"","content-type":"","_uf_show_specific_survey":0,"_uf_disable_surveys":false,"footnotes":""},"categories":[66,1],"tags":[49,54,31,64,29,30],"class_list":["post-6887","post","type-post","status-publish","format-standard","has-post-thumbnail","hentry","category-erfahrungsberichte-jobs","category-nicht-kategorisiert","tag-climate-justice","tag-climate-psychology","tag-climatemind","tag-erfahrungsbericht","tag-klimakommunikation","tag-klimapsychologie"],"yoast_head":"<!-- This site is optimized with the Yoast SEO plugin v26.1.1 - https:\/\/yoast.com\/wordpress\/plugins\/seo\/ -->\n<title>Marlons Erfahrungsbericht zum Praktikum - ClimateMind<\/title>\n<meta name=\"description\" content=\"Marlons Erfahrungsbericht zum Praktikum bei ClimateMind. Lies dir den Bericht des ehemaligen Praktikanten durch und erfahre wie es f\u00fcr ihn bei ClimateMind war.\" \/>\n<meta name=\"robots\" content=\"index, follow, max-snippet:-1, max-image-preview:large, max-video-preview:-1\" \/>\n<link rel=\"canonical\" href=\"https:\/\/climatemind.de\/en\/nicht-kategorisiert\/marlon\/\" \/>\n<meta property=\"og:locale\" content=\"en_US\" \/>\n<meta property=\"og:type\" content=\"article\" \/>\n<meta property=\"og:title\" content=\"Marlons Erfahrungsbericht zum Praktikum\" \/>\n<meta property=\"og:description\" content=\"Marlons Erfahrungsbericht zum Praktikum bei ClimateMind. Lies dir den Bericht des ehemaligen Praktikanten durch und erfahre wie es f\u00fcr ihn bei ClimateMind war.\" \/>\n<meta property=\"og:url\" content=\"https:\/\/climatemind.de\/en\/nicht-kategorisiert\/marlon\/\" \/>\n<meta property=\"og:site_name\" content=\"ClimateMind\" \/>\n<meta property=\"article:publisher\" content=\"https:\/\/m.facebook.com\/klimapsych\/\" \/>\n<meta property=\"article:published_time\" content=\"2024-12-10T11:40:21+00:00\" \/>\n<meta property=\"article:modified_time\" content=\"2024-12-10T13:01:10+00:00\" \/>\n<meta property=\"og:image\" content=\"https:\/\/climatemind.de\/wp-content\/uploads\/2024\/12\/Freemail-Bild-1000075876-e1733733978425.jpg\" \/>\n\t<meta property=\"og:image:width\" content=\"1480\" \/>\n\t<meta property=\"og:image:height\" content=\"987\" \/>\n\t<meta property=\"og:image:type\" content=\"image\/jpeg\" \/>\n<meta name=\"author\" content=\"admin\" \/>\n<meta name=\"twitter:card\" content=\"summary_large_image\" \/>\n<meta name=\"twitter:creator\" content=\"@Climatemind_de\" \/>\n<meta name=\"twitter:site\" content=\"@Climatemind_de\" \/>\n<meta name=\"twitter:label1\" content=\"Written by\" \/>\n\t<meta name=\"twitter:data1\" content=\"admin\" \/>\n\t<meta name=\"twitter:label2\" content=\"Est. reading time\" \/>\n\t<meta name=\"twitter:data2\" content=\"3 minutes\" \/>\n<script type=\"application\/ld+json\" class=\"yoast-schema-graph\">{\"@context\":\"https:\/\/schema.org\",\"@graph\":[{\"@type\":\"WebPage\",\"@id\":\"https:\/\/climatemind.de\/en\/nicht-kategorisiert\/marlon\/\",\"url\":\"https:\/\/climatemind.de\/en\/nicht-kategorisiert\/marlon\/\",\"name\":\"Marlons Erfahrungsbericht zum Praktikum - ClimateMind\",\"isPartOf\":{\"@id\":\"https:\/\/climatemind.de\/en\/#website\"},\"primaryImageOfPage\":{\"@id\":\"https:\/\/climatemind.de\/en\/nicht-kategorisiert\/marlon\/#primaryimage\"},\"image\":{\"@id\":\"https:\/\/climatemind.de\/en\/nicht-kategorisiert\/marlon\/#primaryimage\"},\"thumbnailUrl\":\"https:\/\/climatemind.de\/wp-content\/uploads\/2024\/12\/Freemail-Bild-1000075876-e1733733978425.jpg\",\"datePublished\":\"2024-12-10T11:40:21+00:00\",\"dateModified\":\"2024-12-10T13:01:10+00:00\",\"author\":{\"@id\":\"https:\/\/climatemind.de\/en\/#\/schema\/person\/b9fd36b3699cd52c079361f449e222f4\"},\"description\":\"Marlons Erfahrungsbericht zum Praktikum bei ClimateMind. Lies dir den Bericht des ehemaligen Praktikanten durch und erfahre wie es f\u00fcr ihn bei ClimateMind war.\",\"breadcrumb\":{\"@id\":\"https:\/\/climatemind.de\/en\/nicht-kategorisiert\/marlon\/#breadcrumb\"},\"inLanguage\":\"en-US\",\"potentialAction\":[{\"@type\":\"ReadAction\",\"target\":[\"https:\/\/climatemind.de\/en\/nicht-kategorisiert\/marlon\/\"]}]},{\"@type\":\"ImageObject\",\"inLanguage\":\"en-US\",\"@id\":\"https:\/\/climatemind.de\/en\/nicht-kategorisiert\/marlon\/#primaryimage\",\"url\":\"https:\/\/climatemind.de\/wp-content\/uploads\/2024\/12\/Freemail-Bild-1000075876-e1733733978425.jpg\",\"contentUrl\":\"https:\/\/climatemind.de\/wp-content\/uploads\/2024\/12\/Freemail-Bild-1000075876-e1733733978425.jpg\",\"width\":1480,\"height\":987},{\"@type\":\"BreadcrumbList\",\"@id\":\"https:\/\/climatemind.de\/en\/nicht-kategorisiert\/marlon\/#breadcrumb\",\"itemListElement\":[{\"@type\":\"ListItem\",\"position\":1,\"name\":\"Startseite\",\"item\":\"https:\/\/climatemind.de\/en\/homepage\/\"},{\"@type\":\"ListItem\",\"position\":2,\"name\":\"Marlons Erfahrungsbericht zum Praktikum\"}]},{\"@type\":\"WebSite\",\"@id\":\"https:\/\/climatemind.de\/en\/#website\",\"url\":\"https:\/\/climatemind.de\/en\/\",\"name\":\"ClimateMind\",\"description\":\"Psychologie f\u00fcr echte Nachhaltigkeit\",\"potentialAction\":[{\"@type\":\"SearchAction\",\"target\":{\"@type\":\"EntryPoint\",\"urlTemplate\":\"https:\/\/climatemind.de\/en\/?s={search_term_string}\"},\"query-input\":{\"@type\":\"PropertyValueSpecification\",\"valueRequired\":true,\"valueName\":\"search_term_string\"}}],\"inLanguage\":\"en-US\"},{\"@type\":\"Person\",\"@id\":\"https:\/\/climatemind.de\/en\/#\/schema\/person\/b9fd36b3699cd52c079361f449e222f4\",\"name\":\"admin\",\"image\":{\"@type\":\"ImageObject\",\"inLanguage\":\"en-US\",\"@id\":\"https:\/\/climatemind.de\/en\/#\/schema\/person\/image\/\",\"url\":\"https:\/\/secure.gravatar.com\/avatar\/fb646541bbeeb313f32e00c41399b84a188dd401b97ff03243c11927bdbabd4a?s=96&d=mm&r=g\",\"contentUrl\":\"https:\/\/secure.gravatar.com\/avatar\/fb646541bbeeb313f32e00c41399b84a188dd401b97ff03243c11927bdbabd4a?s=96&d=mm&r=g\",\"caption\":\"admin\"},\"sameAs\":[\"http:\/\/climatemind.de\"],\"url\":\"https:\/\/climatemind.de\/en\/author\/admin\/\"}]}<\/script>\n<!-- \/ Yoast SEO plugin. -->","yoast_head_json":{"title":"Marlons Erfahrungsbericht zum Praktikum - ClimateMind","description":"Marlons Erfahrungsbericht zum Praktikum bei ClimateMind. Lies dir den Bericht des ehemaligen Praktikanten durch und erfahre wie es f\u00fcr ihn bei ClimateMind war.","robots":{"index":"index","follow":"follow","max-snippet":"max-snippet:-1","max-image-preview":"max-image-preview:large","max-video-preview":"max-video-preview:-1"},"canonical":"https:\/\/climatemind.de\/en\/nicht-kategorisiert\/marlon\/","og_locale":"en_US","og_type":"article","og_title":"Marlons Erfahrungsbericht zum Praktikum","og_description":"Marlons Erfahrungsbericht zum Praktikum bei ClimateMind. Lies dir den Bericht des ehemaligen Praktikanten durch und erfahre wie es f\u00fcr ihn bei ClimateMind war.","og_url":"https:\/\/climatemind.de\/en\/nicht-kategorisiert\/marlon\/","og_site_name":"ClimateMind","article_publisher":"https:\/\/m.facebook.com\/klimapsych\/","article_published_time":"2024-12-10T11:40:21+00:00","article_modified_time":"2024-12-10T13:01:10+00:00","og_image":[{"width":1480,"height":987,"url":"https:\/\/climatemind.de\/wp-content\/uploads\/2024\/12\/Freemail-Bild-1000075876-e1733733978425.jpg","type":"image\/jpeg"}],"author":"admin","twitter_card":"summary_large_image","twitter_creator":"@Climatemind_de","twitter_site":"@Climatemind_de","twitter_misc":{"Written by":"admin","Est. reading time":"3 minutes"},"schema":{"@context":"https:\/\/schema.org","@graph":[{"@type":"WebPage","@id":"https:\/\/climatemind.de\/en\/nicht-kategorisiert\/marlon\/","url":"https:\/\/climatemind.de\/en\/nicht-kategorisiert\/marlon\/","name":"Marlons Erfahrungsbericht zum Praktikum - ClimateMind","isPartOf":{"@id":"https:\/\/climatemind.de\/en\/#website"},"primaryImageOfPage":{"@id":"https:\/\/climatemind.de\/en\/nicht-kategorisiert\/marlon\/#primaryimage"},"image":{"@id":"https:\/\/climatemind.de\/en\/nicht-kategorisiert\/marlon\/#primaryimage"},"thumbnailUrl":"https:\/\/climatemind.de\/wp-content\/uploads\/2024\/12\/Freemail-Bild-1000075876-e1733733978425.jpg","datePublished":"2024-12-10T11:40:21+00:00","dateModified":"2024-12-10T13:01:10+00:00","author":{"@id":"https:\/\/climatemind.de\/en\/#\/schema\/person\/b9fd36b3699cd52c079361f449e222f4"},"description":"Marlons Erfahrungsbericht zum Praktikum bei ClimateMind. Lies dir den Bericht des ehemaligen Praktikanten durch und erfahre wie es f\u00fcr ihn bei ClimateMind war.","breadcrumb":{"@id":"https:\/\/climatemind.de\/en\/nicht-kategorisiert\/marlon\/#breadcrumb"},"inLanguage":"en-US","potentialAction":[{"@type":"ReadAction","target":["https:\/\/climatemind.de\/en\/nicht-kategorisiert\/marlon\/"]}]},{"@type":"ImageObject","inLanguage":"en-US","@id":"https:\/\/climatemind.de\/en\/nicht-kategorisiert\/marlon\/#primaryimage","url":"https:\/\/climatemind.de\/wp-content\/uploads\/2024\/12\/Freemail-Bild-1000075876-e1733733978425.jpg","contentUrl":"https:\/\/climatemind.de\/wp-content\/uploads\/2024\/12\/Freemail-Bild-1000075876-e1733733978425.jpg","width":1480,"height":987},{"@type":"BreadcrumbList","@id":"https:\/\/climatemind.de\/en\/nicht-kategorisiert\/marlon\/#breadcrumb","itemListElement":[{"@type":"ListItem","position":1,"name":"Startseite","item":"https:\/\/climatemind.de\/en\/homepage\/"},{"@type":"ListItem","position":2,"name":"Marlons Erfahrungsbericht zum Praktikum"}]},{"@type":"WebSite","@id":"https:\/\/climatemind.de\/en\/#website","url":"https:\/\/climatemind.de\/en\/","name":"ClimateMind","description":"Psychologie f\u00fcr echte Nachhaltigkeit","potentialAction":[{"@type":"SearchAction","target":{"@type":"EntryPoint","urlTemplate":"https:\/\/climatemind.de\/en\/?s={search_term_string}"},"query-input":{"@type":"PropertyValueSpecification","valueRequired":true,"valueName":"search_term_string"}}],"inLanguage":"en-US"},{"@type":"Person","@id":"https:\/\/climatemind.de\/en\/#\/schema\/person\/b9fd36b3699cd52c079361f449e222f4","name":"admin","image":{"@type":"ImageObject","inLanguage":"en-US","@id":"https:\/\/climatemind.de\/en\/#\/schema\/person\/image\/","url":"https:\/\/secure.gravatar.com\/avatar\/fb646541bbeeb313f32e00c41399b84a188dd401b97ff03243c11927bdbabd4a?s=96&d=mm&r=g","contentUrl":"https:\/\/secure.gravatar.com\/avatar\/fb646541bbeeb313f32e00c41399b84a188dd401b97ff03243c11927bdbabd4a?s=96&d=mm&r=g","caption":"admin"},"sameAs":["http:\/\/climatemind.de"],"url":"https:\/\/climatemind.de\/en\/author\/admin\/"}]}},"_links":{"self":[{"href":"https:\/\/climatemind.de\/en\/wp-json\/wp\/v2\/posts\/6887","targetHints":{"allow":["GET"]}}],"collection":[{"href":"https:\/\/climatemind.de\/en\/wp-json\/wp\/v2\/posts"}],"about":[{"href":"https:\/\/climatemind.de\/en\/wp-json\/wp\/v2\/types\/post"}],"author":[{"embeddable":true,"href":"https:\/\/climatemind.de\/en\/wp-json\/wp\/v2\/users\/1"}],"replies":[{"embeddable":true,"href":"https:\/\/climatemind.de\/en\/wp-json\/wp\/v2\/comments?post=6887"}],"version-history":[{"count":2,"href":"https:\/\/climatemind.de\/en\/wp-json\/wp\/v2\/posts\/6887\/revisions"}],"predecessor-version":[{"id":6921,"href":"https:\/\/climatemind.de\/en\/wp-json\/wp\/v2\/posts\/6887\/revisions\/6921"}],"wp:featuredmedia":[{"embeddable":true,"href":"https:\/\/climatemind.de\/en\/wp-json\/wp\/v2\/media\/6888"}],"wp:attachment":[{"href":"https:\/\/climatemind.de\/en\/wp-json\/wp\/v2\/media?parent=6887"}],"wp:term":[{"taxonomy":"category","embeddable":true,"href":"https:\/\/climatemind.de\/en\/wp-json\/wp\/v2\/categories?post=6887"},{"taxonomy":"post_tag","embeddable":true,"href":"https:\/\/climatemind.de\/en\/wp-json\/wp\/v2\/tags?post=6887"}],"curies":[{"name":"wp","href":"https:\/\/api.w.org\/{rel}","templated":true}]}}