{"id":6893,"date":"2024-12-10T12:39:22","date_gmt":"2024-12-10T11:39:22","guid":{"rendered":"https:\/\/climatemind.de\/?p=6893"},"modified":"2024-12-10T14:01:43","modified_gmt":"2024-12-10T13:01:43","slug":"karen","status":"publish","type":"post","link":"https:\/\/climatemind.de\/en\/nicht-kategorisiert\/karen\/","title":{"rendered":"Karens Erfahrungsbericht zum Praktikum"},"content":{"rendered":"\n<p><\/p>\n\n\n\n<blockquote class=\"wp-block-quote is-layout-flow wp-block-quote-is-layout-flow\">\n<p>Das ist Teil 3 der Serie zu Erfahrungsberichten von Praktikant:innen. <\/p>\n\n\n\n<p><a href=\"https:\/\/climatemind.de\/ueber-climatemind\/#jobs\" target=\"_blank\" rel=\"noreferrer noopener\">Du findest hier einen \u00dcberblick \u00fcber die gesamte Serie.<\/a><\/p>\n<\/blockquote>\n\n\n\n<p><\/p>\n\n\n\n<h1 class=\"wp-block-heading\">Lerne Karen kennen<\/h1>\n\n\n\n<p><\/p>\n\n\n\n<h2 class=\"wp-block-heading\">Stell dich doch bitte kurz vor\u2026<\/h2>\n\n\n\n<p><\/p>\n\n\n\n<p>Mein Name ist Karen Femke Rebeski, ich bin 24 Jahre alt und studiere im Doppelmaster <em>Environmental Psychology and Sustainability<\/em> an der Leuphana Universit\u00e4t L\u00fcneburg und der Universit\u00e4t Groningen. Im Rahmen meines Studiums habe ich ein dreimonatiges Praktikum bei ClimateMind absolviert, wo ich vor allem in den Bereichen Projektmanagement und Recherche t\u00e4tig war.&nbsp;&nbsp;<\/p>\n\n\n\n<p><\/p>\n\n\n\n<h2 class=\"wp-block-heading\">Warum hast du dich f\u00fcr die Mitarbeit bei ClimateMind entschieden?<\/h2>\n\n\n\n<p><\/p>\n\n\n\n<p>Ich wollte mein Wissen in Umweltpsychologie praktisch anwenden und mich in einer Organisation engagieren, die sich f\u00fcr nachhaltige Praktiken und Klimakommunikation einsetzt.<\/p>\n\n\n\n<figure class=\"wp-block-image size-large is-resized\"><img loading=\"lazy\" decoding=\"async\" src=\"https:\/\/climatemind.de\/wp-content\/uploads\/2024\/12\/Folienbild-105-Kopie-1024x736.jpg\" alt=\"\" class=\"wp-image-6896\" width=\"1024\" height=\"683\" srcset=\"https:\/\/climatemind.de\/wp-content\/uploads\/2024\/12\/Folienbild-105-Kopie-980x704.jpg 980w, https:\/\/climatemind.de\/wp-content\/uploads\/2024\/12\/Folienbild-105-Kopie-480x345.jpg 480w\" sizes=\"(min-width: 0px) and (max-width: 480px) 480px, (min-width: 481px) and (max-width: 980px) 980px, (min-width: 981px) 1024px, 100vw\" \/><\/figure>\n\n\n\n<h2 class=\"wp-block-heading\">Wie sieht deine T\u00e4tigkeit als Praktikant bei ClimateMind aus?<\/h2>\n\n\n\n<p><\/p>\n\n\n\n<p>W\u00e4hrend meines dreimonatigen Praktikums habe ich verschiedene Rollen \u00fcbernommen, darunter die Verwaltung von Projekten und Kundenbeziehungen, das Durchf\u00fchren von internen Schulungen, das Organisieren und Optimieren von Prozessen, sowie umfangreiche Literaturrecherche zur Unterst\u00fctzung unserer Projekte und Trainings. Ich arbeitete eng mit anderen Teammitgliedern zusammen, bereitete Inhalte vor und f\u00fchrte Nachbereitungen durch. Mein Alltag umfasste au\u00dferdem die Pflege der internen Wissensdatenbank und die Planung von Team-Meetings.<\/p>\n\n\n\n<p><\/p>\n\n\n\n<h2 class=\"wp-block-heading\">Was gef\u00e4llt dir an ClimateMind besonders gut?<\/h2>\n\n\n\n<p><\/p>\n\n\n\n<p>Ich sch\u00e4tze besonders die M\u00f6glichkeit, mein Wissen praktisch anzuwenden und die positive, unterst\u00fctzende Arbeitsatmosph\u00e4re, die Teamarbeit und kontinuierliche Verbesserung f\u00f6rdert.&nbsp;<\/p>\n\n\n\n<h2 class=\"wp-block-heading\">Was waren f\u00fcr dich bis jetzt 3 Highlights deiner Zeit bei ClimateMind?<\/h2>\n\n\n\n<p><\/p>\n\n\n\n<ol class=\"wp-block-list\" start=\"1\">\n<li>Die Durchf\u00fchrung eines internen Trainings zu Empathie und Mitgef\u00fchl.&nbsp;<\/li>\n<\/ol>\n\n\n\n<ol class=\"wp-block-list\" start=\"2\">\n<li>Die erfolgreiche Verwaltung mehrerer Projekte und Kundenbeziehungen.&nbsp;<\/li>\n<\/ol>\n\n\n\n<ol class=\"wp-block-list\" start=\"3\">\n<li>Die Weiterentwicklung und Organisation der internen Wissensdatenbank.&nbsp;<\/li>\n<\/ol>\n\n\n\n<figure class=\"wp-block-image size-large is-resized\"><img decoding=\"async\" src=\"https:\/\/climatemind.de\/wp-content\/uploads\/2024\/12\/enrapture-captivating-media-Fj8bl1N5keY-unsplash-1024x674.jpg\" alt=\"\" class=\"wp-image-6901\" height=\"683\" srcset=\"https:\/\/climatemind.de\/wp-content\/uploads\/2024\/12\/enrapture-captivating-media-Fj8bl1N5keY-unsplash-980x645.jpg 980w, https:\/\/climatemind.de\/wp-content\/uploads\/2024\/12\/enrapture-captivating-media-Fj8bl1N5keY-unsplash-480x316.jpg 480w\" sizes=\"(min-width: 0px) and (max-width: 480px) 480px, (min-width: 481px) and (max-width: 980px) 980px, (min-width: 981px) 1024px, 100vw\" \/><\/figure>\n\n\n\n<p><\/p>\n\n\n\n<h2 class=\"wp-block-heading\">Was nimmst du aus deiner Zeit bei ClimateMind f\u00fcr dich mit?<\/h2>\n\n\n\n<p>Ich habe gelernt, wie wichtig es ist (besonders in der dynamischen Start-up-Szene) f\u00fcr pers\u00f6nliche Grenzen einzustehen, sowie die Bedeutung einer unterst\u00fctzenden und transparenten Arbeitskultur. Diese Erfahrungen haben mich in meiner beruflichen und pers\u00f6nlichen Entwicklung gest\u00e4rkt.<\/p>\n\n\n\n<p><\/p>\n\n\n\n<h2 class=\"wp-block-heading\">Du m\u00f6chtest noch mehr \u00fcber ClimateMind lernen?<\/h2>\n\n\n\n<p><\/p>\n\n\n\n<p>Du hast den Newsletter noch nicht abonniert und m\u00f6chtest keine Neuigkeiten mehr verpassen? <a href=\"https:\/\/climatemind.de\/#newsletter\" target=\"_blank\" rel=\"noreferrer noopener\">Dann abonniere jetzt unseren Newsletter!<\/a><\/p>\n<span class=\"et_bloom_bottom_trigger\"><\/span>","protected":false},"excerpt":{"rendered":"<p>Lerne Karen kennen und erhalte einen Einblick in ihre T\u00e4tigkeiten und Highlights w\u00e4hrend ihres Praktikums bei ClimateMind!<\/p>\n","protected":false},"author":1,"featured_media":6894,"comment_status":"closed","ping_status":"closed","sticky":false,"template":"","format":"standard","meta":{"_et_pb_use_builder":"","_et_pb_old_content":"","_et_gb_content_width":"","content-type":"","_uf_show_specific_survey":0,"_uf_disable_surveys":false,"footnotes":""},"categories":[66,1],"tags":[49,54,31,64,29,30],"class_list":["post-6893","post","type-post","status-publish","format-standard","has-post-thumbnail","hentry","category-erfahrungsberichte-jobs","category-nicht-kategorisiert","tag-climate-justice","tag-climate-psychology","tag-climatemind","tag-erfahrungsbericht","tag-klimakommunikation","tag-klimapsychologie"],"yoast_head":"<!-- This site is optimized with the Yoast SEO plugin v26.1.1 - https:\/\/yoast.com\/wordpress\/plugins\/seo\/ -->\n<title>Karens Erfahrungsbericht zum Praktikum - ClimateMind<\/title>\n<meta name=\"description\" content=\"Karens Erfahrungsbericht zum Praktikum bei ClimateMind. Lies dir den Bericht der ehemaligen Praktikantin durch und erfahre wie es f\u00fcr sie bei ClimateMind war.\" \/>\n<meta name=\"robots\" content=\"index, follow, max-snippet:-1, max-image-preview:large, max-video-preview:-1\" \/>\n<link rel=\"canonical\" href=\"https:\/\/climatemind.de\/en\/nicht-kategorisiert\/karen\/\" \/>\n<meta property=\"og:locale\" content=\"en_US\" \/>\n<meta property=\"og:type\" content=\"article\" \/>\n<meta property=\"og:title\" content=\"Karens Erfahrungsbericht zum Praktikum\" \/>\n<meta property=\"og:description\" content=\"Karens Erfahrungsbericht zum Praktikum bei ClimateMind. Lies dir den Bericht der ehemaligen Praktikantin durch und erfahre wie es f\u00fcr sie bei ClimateMind war.\" \/>\n<meta property=\"og:url\" content=\"https:\/\/climatemind.de\/en\/nicht-kategorisiert\/karen\/\" \/>\n<meta property=\"og:site_name\" content=\"ClimateMind\" \/>\n<meta property=\"article:publisher\" content=\"https:\/\/m.facebook.com\/klimapsych\/\" \/>\n<meta property=\"article:published_time\" content=\"2024-12-10T11:39:22+00:00\" \/>\n<meta property=\"article:modified_time\" content=\"2024-12-10T13:01:43+00:00\" \/>\n<meta property=\"og:image\" content=\"https:\/\/climatemind.de\/wp-content\/uploads\/2024\/12\/ClimateMind_Bild_KR-e1733503055451.jpg\" \/>\n\t<meta property=\"og:image:width\" content=\"944\" \/>\n\t<meta property=\"og:image:height\" content=\"728\" \/>\n\t<meta property=\"og:image:type\" content=\"image\/jpeg\" \/>\n<meta name=\"author\" content=\"admin\" \/>\n<meta name=\"twitter:card\" content=\"summary_large_image\" \/>\n<meta name=\"twitter:creator\" content=\"@Climatemind_de\" \/>\n<meta name=\"twitter:site\" content=\"@Climatemind_de\" \/>\n<meta name=\"twitter:label1\" content=\"Written by\" \/>\n\t<meta name=\"twitter:data1\" content=\"admin\" \/>\n\t<meta name=\"twitter:label2\" content=\"Est. reading time\" \/>\n\t<meta name=\"twitter:data2\" content=\"3 minutes\" \/>\n<script type=\"application\/ld+json\" class=\"yoast-schema-graph\">{\"@context\":\"https:\/\/schema.org\",\"@graph\":[{\"@type\":\"WebPage\",\"@id\":\"https:\/\/climatemind.de\/en\/nicht-kategorisiert\/karen\/\",\"url\":\"https:\/\/climatemind.de\/en\/nicht-kategorisiert\/karen\/\",\"name\":\"Karens Erfahrungsbericht zum Praktikum - ClimateMind\",\"isPartOf\":{\"@id\":\"https:\/\/climatemind.de\/en\/#website\"},\"primaryImageOfPage\":{\"@id\":\"https:\/\/climatemind.de\/en\/nicht-kategorisiert\/karen\/#primaryimage\"},\"image\":{\"@id\":\"https:\/\/climatemind.de\/en\/nicht-kategorisiert\/karen\/#primaryimage\"},\"thumbnailUrl\":\"https:\/\/climatemind.de\/wp-content\/uploads\/2024\/12\/ClimateMind_Bild_KR-e1733503055451.jpg\",\"datePublished\":\"2024-12-10T11:39:22+00:00\",\"dateModified\":\"2024-12-10T13:01:43+00:00\",\"author\":{\"@id\":\"https:\/\/climatemind.de\/en\/#\/schema\/person\/b9fd36b3699cd52c079361f449e222f4\"},\"description\":\"Karens Erfahrungsbericht zum Praktikum bei ClimateMind. Lies dir den Bericht der ehemaligen Praktikantin durch und erfahre wie es f\u00fcr sie bei ClimateMind war.\",\"breadcrumb\":{\"@id\":\"https:\/\/climatemind.de\/en\/nicht-kategorisiert\/karen\/#breadcrumb\"},\"inLanguage\":\"en-US\",\"potentialAction\":[{\"@type\":\"ReadAction\",\"target\":[\"https:\/\/climatemind.de\/en\/nicht-kategorisiert\/karen\/\"]}]},{\"@type\":\"ImageObject\",\"inLanguage\":\"en-US\",\"@id\":\"https:\/\/climatemind.de\/en\/nicht-kategorisiert\/karen\/#primaryimage\",\"url\":\"https:\/\/climatemind.de\/wp-content\/uploads\/2024\/12\/ClimateMind_Bild_KR-e1733503055451.jpg\",\"contentUrl\":\"https:\/\/climatemind.de\/wp-content\/uploads\/2024\/12\/ClimateMind_Bild_KR-e1733503055451.jpg\",\"width\":944,\"height\":728},{\"@type\":\"BreadcrumbList\",\"@id\":\"https:\/\/climatemind.de\/en\/nicht-kategorisiert\/karen\/#breadcrumb\",\"itemListElement\":[{\"@type\":\"ListItem\",\"position\":1,\"name\":\"Startseite\",\"item\":\"https:\/\/climatemind.de\/en\/homepage\/\"},{\"@type\":\"ListItem\",\"position\":2,\"name\":\"Karens Erfahrungsbericht zum Praktikum\"}]},{\"@type\":\"WebSite\",\"@id\":\"https:\/\/climatemind.de\/en\/#website\",\"url\":\"https:\/\/climatemind.de\/en\/\",\"name\":\"ClimateMind\",\"description\":\"Psychologie f\u00fcr echte Nachhaltigkeit\",\"potentialAction\":[{\"@type\":\"SearchAction\",\"target\":{\"@type\":\"EntryPoint\",\"urlTemplate\":\"https:\/\/climatemind.de\/en\/?s={search_term_string}\"},\"query-input\":{\"@type\":\"PropertyValueSpecification\",\"valueRequired\":true,\"valueName\":\"search_term_string\"}}],\"inLanguage\":\"en-US\"},{\"@type\":\"Person\",\"@id\":\"https:\/\/climatemind.de\/en\/#\/schema\/person\/b9fd36b3699cd52c079361f449e222f4\",\"name\":\"admin\",\"image\":{\"@type\":\"ImageObject\",\"inLanguage\":\"en-US\",\"@id\":\"https:\/\/climatemind.de\/en\/#\/schema\/person\/image\/\",\"url\":\"https:\/\/secure.gravatar.com\/avatar\/fb646541bbeeb313f32e00c41399b84a188dd401b97ff03243c11927bdbabd4a?s=96&d=mm&r=g\",\"contentUrl\":\"https:\/\/secure.gravatar.com\/avatar\/fb646541bbeeb313f32e00c41399b84a188dd401b97ff03243c11927bdbabd4a?s=96&d=mm&r=g\",\"caption\":\"admin\"},\"sameAs\":[\"http:\/\/climatemind.de\"],\"url\":\"https:\/\/climatemind.de\/en\/author\/admin\/\"}]}<\/script>\n<!-- \/ Yoast SEO plugin. -->","yoast_head_json":{"title":"Karens Erfahrungsbericht zum Praktikum - ClimateMind","description":"Karens Erfahrungsbericht zum Praktikum bei ClimateMind. Lies dir den Bericht der ehemaligen Praktikantin durch und erfahre wie es f\u00fcr sie bei ClimateMind war.","robots":{"index":"index","follow":"follow","max-snippet":"max-snippet:-1","max-image-preview":"max-image-preview:large","max-video-preview":"max-video-preview:-1"},"canonical":"https:\/\/climatemind.de\/en\/nicht-kategorisiert\/karen\/","og_locale":"en_US","og_type":"article","og_title":"Karens Erfahrungsbericht zum Praktikum","og_description":"Karens Erfahrungsbericht zum Praktikum bei ClimateMind. Lies dir den Bericht der ehemaligen Praktikantin durch und erfahre wie es f\u00fcr sie bei ClimateMind war.","og_url":"https:\/\/climatemind.de\/en\/nicht-kategorisiert\/karen\/","og_site_name":"ClimateMind","article_publisher":"https:\/\/m.facebook.com\/klimapsych\/","article_published_time":"2024-12-10T11:39:22+00:00","article_modified_time":"2024-12-10T13:01:43+00:00","og_image":[{"width":944,"height":728,"url":"https:\/\/climatemind.de\/wp-content\/uploads\/2024\/12\/ClimateMind_Bild_KR-e1733503055451.jpg","type":"image\/jpeg"}],"author":"admin","twitter_card":"summary_large_image","twitter_creator":"@Climatemind_de","twitter_site":"@Climatemind_de","twitter_misc":{"Written by":"admin","Est. reading time":"3 minutes"},"schema":{"@context":"https:\/\/schema.org","@graph":[{"@type":"WebPage","@id":"https:\/\/climatemind.de\/en\/nicht-kategorisiert\/karen\/","url":"https:\/\/climatemind.de\/en\/nicht-kategorisiert\/karen\/","name":"Karens Erfahrungsbericht zum Praktikum - ClimateMind","isPartOf":{"@id":"https:\/\/climatemind.de\/en\/#website"},"primaryImageOfPage":{"@id":"https:\/\/climatemind.de\/en\/nicht-kategorisiert\/karen\/#primaryimage"},"image":{"@id":"https:\/\/climatemind.de\/en\/nicht-kategorisiert\/karen\/#primaryimage"},"thumbnailUrl":"https:\/\/climatemind.de\/wp-content\/uploads\/2024\/12\/ClimateMind_Bild_KR-e1733503055451.jpg","datePublished":"2024-12-10T11:39:22+00:00","dateModified":"2024-12-10T13:01:43+00:00","author":{"@id":"https:\/\/climatemind.de\/en\/#\/schema\/person\/b9fd36b3699cd52c079361f449e222f4"},"description":"Karens Erfahrungsbericht zum Praktikum bei ClimateMind. Lies dir den Bericht der ehemaligen Praktikantin durch und erfahre wie es f\u00fcr sie bei ClimateMind war.","breadcrumb":{"@id":"https:\/\/climatemind.de\/en\/nicht-kategorisiert\/karen\/#breadcrumb"},"inLanguage":"en-US","potentialAction":[{"@type":"ReadAction","target":["https:\/\/climatemind.de\/en\/nicht-kategorisiert\/karen\/"]}]},{"@type":"ImageObject","inLanguage":"en-US","@id":"https:\/\/climatemind.de\/en\/nicht-kategorisiert\/karen\/#primaryimage","url":"https:\/\/climatemind.de\/wp-content\/uploads\/2024\/12\/ClimateMind_Bild_KR-e1733503055451.jpg","contentUrl":"https:\/\/climatemind.de\/wp-content\/uploads\/2024\/12\/ClimateMind_Bild_KR-e1733503055451.jpg","width":944,"height":728},{"@type":"BreadcrumbList","@id":"https:\/\/climatemind.de\/en\/nicht-kategorisiert\/karen\/#breadcrumb","itemListElement":[{"@type":"ListItem","position":1,"name":"Startseite","item":"https:\/\/climatemind.de\/en\/homepage\/"},{"@type":"ListItem","position":2,"name":"Karens Erfahrungsbericht zum Praktikum"}]},{"@type":"WebSite","@id":"https:\/\/climatemind.de\/en\/#website","url":"https:\/\/climatemind.de\/en\/","name":"ClimateMind","description":"Psychologie f\u00fcr echte Nachhaltigkeit","potentialAction":[{"@type":"SearchAction","target":{"@type":"EntryPoint","urlTemplate":"https:\/\/climatemind.de\/en\/?s={search_term_string}"},"query-input":{"@type":"PropertyValueSpecification","valueRequired":true,"valueName":"search_term_string"}}],"inLanguage":"en-US"},{"@type":"Person","@id":"https:\/\/climatemind.de\/en\/#\/schema\/person\/b9fd36b3699cd52c079361f449e222f4","name":"admin","image":{"@type":"ImageObject","inLanguage":"en-US","@id":"https:\/\/climatemind.de\/en\/#\/schema\/person\/image\/","url":"https:\/\/secure.gravatar.com\/avatar\/fb646541bbeeb313f32e00c41399b84a188dd401b97ff03243c11927bdbabd4a?s=96&d=mm&r=g","contentUrl":"https:\/\/secure.gravatar.com\/avatar\/fb646541bbeeb313f32e00c41399b84a188dd401b97ff03243c11927bdbabd4a?s=96&d=mm&r=g","caption":"admin"},"sameAs":["http:\/\/climatemind.de"],"url":"https:\/\/climatemind.de\/en\/author\/admin\/"}]}},"_links":{"self":[{"href":"https:\/\/climatemind.de\/en\/wp-json\/wp\/v2\/posts\/6893","targetHints":{"allow":["GET"]}}],"collection":[{"href":"https:\/\/climatemind.de\/en\/wp-json\/wp\/v2\/posts"}],"about":[{"href":"https:\/\/climatemind.de\/en\/wp-json\/wp\/v2\/types\/post"}],"author":[{"embeddable":true,"href":"https:\/\/climatemind.de\/en\/wp-json\/wp\/v2\/users\/1"}],"replies":[{"embeddable":true,"href":"https:\/\/climatemind.de\/en\/wp-json\/wp\/v2\/comments?post=6893"}],"version-history":[{"count":5,"href":"https:\/\/climatemind.de\/en\/wp-json\/wp\/v2\/posts\/6893\/revisions"}],"predecessor-version":[{"id":6920,"href":"https:\/\/climatemind.de\/en\/wp-json\/wp\/v2\/posts\/6893\/revisions\/6920"}],"wp:featuredmedia":[{"embeddable":true,"href":"https:\/\/climatemind.de\/en\/wp-json\/wp\/v2\/media\/6894"}],"wp:attachment":[{"href":"https:\/\/climatemind.de\/en\/wp-json\/wp\/v2\/media?parent=6893"}],"wp:term":[{"taxonomy":"category","embeddable":true,"href":"https:\/\/climatemind.de\/en\/wp-json\/wp\/v2\/categories?post=6893"},{"taxonomy":"post_tag","embeddable":true,"href":"https:\/\/climatemind.de\/en\/wp-json\/wp\/v2\/tags?post=6893"}],"curies":[{"name":"wp","href":"https:\/\/api.w.org\/{rel}","templated":true}]}}