{"id":7219,"date":"2025-08-01T05:47:18","date_gmt":"2025-08-01T03:47:18","guid":{"rendered":"https:\/\/climatemind.de\/?p=7219"},"modified":"2025-08-01T05:47:22","modified_gmt":"2025-08-01T03:47:22","slug":"psychologie-in-der-nachhaltigkeitskommunikation-climatemind","status":"publish","type":"post","link":"https:\/\/climatemind.de\/en\/nicht-kategorisiert\/psychologie-in-der-nachhaltigkeitskommunikation-climatemind\/","title":{"rendered":"Psychologie wirksamer Nachhaltigkeitskommunikation"},"content":{"rendered":"\n<p><em>Wirkung entfalten statt Greenwashing-Vorw\u00fcrfe<\/em>.<\/p>\n\n\n\n<h3 class=\"wp-block-heading\">Warum dieses Angebot?<\/h3>\n\n\n\n<p><\/p>\n\n\n\n<blockquote class=\"wp-block-quote is-layout-flow wp-block-quote-is-layout-flow\">\n<p>Viele Organisationen investieren Zeit und Budget in Nachhaltigkeitskommunikation \u2013 doch die gew\u00fcnschte Wirkung bleibt oft aus.&nbsp;<strong>Warum?<\/strong><\/p>\n<\/blockquote>\n\n\n\n<p>Weil klassische Kommunikationslogiken h\u00e4ufig&nbsp;<strong>an den psychologischen Realit\u00e4ten der Zielgruppen vorbeigehen<\/strong>. Reaktanz, \u00dcberforderung oder Misstrauen gegen\u00fcber \u201egr\u00fcner PR\u201c verhindern echte Resonanz \u2013 selbst bei gut gemeinten Botschaften.<\/p>\n\n\n\n<p>Mit ClimateMind entwickeln Sie eine Kommunikation, die&nbsp;<strong>psychologisch fundiert<\/strong>,&nbsp;<strong>emotional anschlussf\u00e4hig<\/strong>&nbsp;und&nbsp;<strong>strategisch wirksam<\/strong>&nbsp;ist. Statt Appellen und Fakten steht die Frage im Zentrum:<\/p>\n\n\n\n<p><strong>Wie erreicht unsere Botschaft die Menschen wirklich \u2013 und wie kann Kommunikation Wandel erm\u00f6glichen?<\/strong><\/p>\n\n\n\n<p><\/p>\n\n\n\n<h3 class=\"wp-block-heading\">F\u00fcr wen ist dieses Angebot gemacht?<\/h3>\n\n\n\n<ul class=\"wp-block-list\">\n<li>Unternehmen mit Nachhaltigkeitsstrategie<\/li>\n\n\n\n<li>NGOs, Stiftungen und politische Akteure mit \u00d6ffentlichkeitsarbeit<\/li>\n\n\n\n<li>Bildungsinstitutionen mit gesellschaftlicher Wirkung<\/li>\n\n\n\n<li>Kommunikationsabteilungen, CSR-Verantwortliche, Nachhaltigkeitsberater:innen<\/li>\n<\/ul>\n\n\n\n<p><\/p>\n\n\n\n<h3 class=\"wp-block-heading\">M\u00f6gliche Formate<\/h3>\n\n\n\n<p>\u2705\u202fImpuls-Vortr\u00e4ge (z.\u202fB. f\u00fcr Konferenzen oder Teamtage)<\/p>\n\n\n\n<p>\u2705\u202fStrategie-Workshops zur Neuausrichtung Ihrer Kommunikation<\/p>\n\n\n\n<p>\u2705\u202fCoaching f\u00fcr Sprecher:innen, Kommunikations- und Marketing-Teams<\/p>\n\n\n\n<p>\u2705\u202fAnalyse &amp; Re-Design Ihrer Botschaften, Claims oder Kampagnen<\/p>\n\n\n\n<p><\/p>\n\n\n\n<h3 class=\"wp-block-heading\">Typische Fragen<\/h3>\n\n\n\n<ul class=\"wp-block-list\">\n<li>Warum wird unsere Nachhaltigkeitskommunikation nicht als glaubw\u00fcrdig wahrgenommen?<\/li>\n\n\n\n<li>Wie vermeiden wir Reaktanz, \u00dcberforderung oder Desinteresse bei unserer Zielgruppe?<\/li>\n\n\n\n<li>Wie sprechen wir emotional \u2013 ohne zu manipulieren?<\/li>\n\n\n\n<li>Wie kommunizieren wir komplexe Inhalte, ohne Menschen zu verlieren?<\/li>\n<\/ul>\n\n\n\n<p><\/p>\n\n\n\n<h3 class=\"wp-block-heading\">Inhalte (Auswahl)<\/h3>\n\n\n\n<ul class=\"wp-block-list\">\n<li>Psychologie der Wahrnehmung: Was wirkt \u2013 und was nicht?<\/li>\n\n\n\n<li>Reaktanz, Wertewandel, emotionale Anschlussf\u00e4higkeit<\/li>\n\n\n\n<li>Vertrauen aufbauen in Zeiten von Greenwashing-Verdacht<\/li>\n\n\n\n<li>Zielgruppenpsychologie &amp; Resonanzr\u00e4ume<\/li>\n\n\n\n<li>Entwicklung psychologisch fundierter Narrative und Tonalit\u00e4ten<\/li>\n\n\n\n<li>Transfer in konkrete Kommunikationsmittel, Kampagnen und Berichte<\/li>\n<\/ul>\n\n\n\n<p><\/p>\n\n\n\n<h3 class=\"wp-block-heading\">Ziele<\/h3>\n\n\n\n<p>Nach diesem Angebot\u2026<\/p>\n\n\n\n<ul class=\"wp-block-list\">\n<li>verstehen Sie, warum klassische Kommunikation h\u00e4ufig nicht greift<\/li>\n\n\n\n<li>erkennen Sie psychologische Barrieren \u2013 und wie Sie sie \u00fcberwinden<\/li>\n\n\n\n<li>entwickeln Sie Botschaften, die Vertrauen aufbauen und Wirkung entfalten<\/li>\n\n\n\n<li>positionieren Sie Ihre Organisation als glaubw\u00fcrdig, reflektiert und resonant<\/li>\n<\/ul>\n\n\n\n<p><\/p>\n\n\n\n<h3 class=\"wp-block-heading\">Psychologischer Hintergrund<\/h3>\n\n\n\n<p>Dieses Angebot basiert auf:<\/p>\n\n\n\n<ul class=\"wp-block-list\">\n<li><strong>Sozialpsychologie<\/strong><\/li>\n\n\n\n<li><strong>Klimapsychologie<\/strong><\/li>\n\n\n\n<li><strong>Kommunikationspsychologie<\/strong><\/li>\n\n\n\n<li><strong>Umweltpsychologie<\/strong><\/li>\n<\/ul>\n\n\n\n<p>Themen: <\/p>\n\n\n\n<ul class=\"wp-block-list\">\n<li>Reaktanz<\/li>\n\n\n\n<li>Wahrnehmung von Glaubw\u00fcrdigkeit<\/li>\n\n\n\n<li>kognitive Dissonanz<\/li>\n\n\n\n<li>soziale Identit\u00e4t<\/li>\n\n\n\n<li>Wertekommunikation<\/li>\n\n\n\n<li>Emotion und Wirkung<\/li>\n<\/ul>\n\n\n\n<p><\/p>\n\n\n\n<h3 class=\"wp-block-heading\">Key Facts<\/h3>\n\n\n\n<figure class=\"wp-block-table is-style-regular\"><table><tbody><tr><td>\ud83d\udccd <strong>Format:<\/strong><\/td><td>Online oder Pr\u00e4senz<\/td><\/tr><tr><td>\u23f1   <strong>Dauer:<\/strong><\/td><td>90 Minuten bis mehrt\u00e4gige Begleitung<\/td><\/tr><tr><td>\ud83e\uddd1\u200d\ud83e\udd1d\u200d\ud83e\uddd1 <strong>Teilnehmende:<\/strong><\/td><td>5\u201325 Personen<\/td><\/tr><tr><td>\ud83e\udde0 <strong>Expertise:<\/strong><\/td><td>Psycholog:innen mit Fokus auf Klima- &amp; Nachhaltigkeitskommunikation<\/td><\/tr><tr><td>\ud83d\udcac <strong>Sprache:<\/strong><\/td><td>Deutsch oder Englisch<\/td><\/tr><\/tbody><\/table><\/figure>\n\n\n\n<p><\/p>\n\n\n\n<p><\/p>\n\n\n\n<figure class=\"wp-block-image alignfull size-large\"><img loading=\"lazy\" decoding=\"async\" width=\"1024\" height=\"683\" src=\"https:\/\/climatemind.de\/wp-content\/uploads\/2025\/07\/3ADB1E9A-B27A-4DD5-822F-C9C4DCBE602B_1_201_a-1024x683.jpeg\" alt=\"\" class=\"wp-image-7222\" srcset=\"https:\/\/climatemind.de\/wp-content\/uploads\/2025\/07\/3ADB1E9A-B27A-4DD5-822F-C9C4DCBE602B_1_201_a-980x653.jpeg 980w, https:\/\/climatemind.de\/wp-content\/uploads\/2025\/07\/3ADB1E9A-B27A-4DD5-822F-C9C4DCBE602B_1_201_a-480x320.jpeg 480w\" sizes=\"(min-width: 0px) and (max-width: 480px) 480px, (min-width: 481px) and (max-width: 980px) 980px, (min-width: 981px) 1024px, 100vw\" \/><\/figure>\n\n\n\n<div style=\"height:100px\" aria-hidden=\"true\" class=\"wp-block-spacer\"><\/div>\n\n\n\n<div class=\"wp-block-columns is-layout-flex wp-container-core-columns-is-layout-9d6595d7 wp-block-columns-is-layout-flex\">\n<div class=\"wp-block-column is-layout-flow wp-block-column-is-layout-flow\" style=\"flex-basis:33.33%\">\n<figure class=\"wp-block-image size-large is-resized is-style-rounded\"><img loading=\"lazy\" decoding=\"async\" src=\"https:\/\/climatemind.de\/wp-content\/uploads\/2023\/04\/2022_10_07_SIA-8-3-edited-scaled.jpg\" alt=\"\" class=\"wp-image-5402\" width=\"500\" height=\"500\"\/><\/figure>\n<\/div>\n\n\n\n<div class=\"wp-block-column is-layout-flow wp-block-column-is-layout-flow\" style=\"flex-basis:66.66%\">\n<p><\/p>\n\n\n\n<p><\/p>\n\n\n\n<p><\/p>\n\n\n\n<h3 class=\"wp-block-heading\">Interesse? Lassen Sie uns sprechen.<\/h3>\n\n\n\n<p>Sie m\u00f6chten Ihre Nachhaltigkeitskommunikation wirkungsvoller und glaubw\u00fcrdiger gestalten? Schreiben Sie uns an&nbsp;<a href=\"mailto:kontakt@climatemind.de\">kontakt@climatemind.de<\/a>&nbsp;oder buchen Sie direkt ein Kennenlerngespr\u00e4ch:<\/p>\n\n\n\n<p>\ud83d\udc49 Termin im Kalender buchen [Link]<\/p>\n<\/div>\n<\/div>\n\n\n\n<h3 class=\"wp-block-heading\">Stimmen aus bisherigen Formaten<\/h3>\n\n\n\n<blockquote class=\"wp-block-quote is-layout-flow wp-block-quote-is-layout-flow\">\n<p>\u201eWir haben unsere Kommunikation v\u00f6llig neu gedacht \u2013 und endlich verstanden, warum unsere Botschaften oft ins Leere laufen.\u201c<\/p>\n\n\n\n<p>\u2014 Leitung Kommunikation, NGO<\/p>\n<\/blockquote>\n\n\n\n<blockquote class=\"wp-block-quote is-layout-flow wp-block-quote-is-layout-flow\">\n<p>\u201eDie psychologischen Insights haben uns geholfen, emotionaler und trotzdem pr\u00e4ziser zu sprechen.\u201c<\/p>\n\n\n\n<p>\u2014 CSR-Team eines Gro\u00dfunternehmens<\/p>\n<\/blockquote>\n\n\n\n<p><\/p>\n<span class=\"et_bloom_bottom_trigger\"><\/span>","protected":false},"excerpt":{"rendered":"<p>Wie kommunizieren wir Nachhaltigkeit glaubw\u00fcrdig und wirkungsvoll? Dieses Angebot verbindet psychologische Erkenntnisse mit strategischer Kommunikation \u2013 f\u00fcr echte Resonanz statt Reaktanz.<\/p>\n","protected":false},"author":1,"featured_media":7221,"comment_status":"closed","ping_status":"closed","sticky":false,"template":"","format":"standard","meta":{"_et_pb_use_builder":"off","_et_pb_old_content":"","_et_gb_content_width":"1920","content-type":"landing-page","_uf_show_specific_survey":0,"_uf_disable_surveys":false,"footnotes":""},"categories":[1,43],"tags":[102,103,100],"class_list":["post-7219","post","type-post","status-publish","format-standard","has-post-thumbnail","hentry","category-nicht-kategorisiert","category-unternehmen","tag-greenwashing","tag-nachhaltigkeitskommunikation","tag-reaktanz"],"yoast_head":"<!-- This site is optimized with the Yoast SEO plugin v26.1.1 - https:\/\/yoast.com\/wordpress\/plugins\/seo\/ -->\n<title>Psychologie wirksamer Nachhaltigkeitskommunikation - ClimateMind<\/title>\n<meta name=\"description\" content=\"Vermeiden Sie Reaktanz und Greenwashing-Vorw\u00fcrfe: So wird Ihre Nachhaltigkeitskommunikation glaubw\u00fcrdig, emotional anschlussf\u00e4hig und wirklich wirksam.\" \/>\n<meta name=\"robots\" content=\"index, follow, max-snippet:-1, max-image-preview:large, max-video-preview:-1\" \/>\n<link rel=\"canonical\" href=\"https:\/\/climatemind.de\/en\/nicht-kategorisiert\/psychologie-in-der-nachhaltigkeitskommunikation-climatemind\/\" \/>\n<meta property=\"og:locale\" content=\"en_US\" \/>\n<meta property=\"og:type\" content=\"article\" \/>\n<meta property=\"og:title\" content=\"Psychologische Resilienz f\u00fcr Klimaakteur:innen\" \/>\n<meta property=\"og:description\" content=\"Psychologisches Resilienztraining f\u00fcr Klimaakteur:innen: Burnout-Pr\u00e4vention &amp; Stressbew\u00e4ltigung f\u00fcr Teams &amp; F\u00fchrungskr\u00e4fte im Nachhaltigkeitsbereich.\" \/>\n<meta property=\"og:url\" content=\"https:\/\/climatemind.de\/en\/nicht-kategorisiert\/psychologie-in-der-nachhaltigkeitskommunikation-climatemind\/\" \/>\n<meta property=\"og:site_name\" content=\"ClimateMind\" \/>\n<meta property=\"article:publisher\" content=\"https:\/\/m.facebook.com\/klimapsych\/\" \/>\n<meta property=\"article:published_time\" content=\"2025-08-01T03:47:18+00:00\" \/>\n<meta property=\"article:modified_time\" content=\"2025-08-01T03:47:22+00:00\" \/>\n<meta property=\"og:image\" content=\"https:\/\/climatemind.de\/wp-content\/uploads\/2023\/07\/resilienz-2.jpg\" \/>\n\t<meta property=\"og:image:width\" content=\"1200\" \/>\n\t<meta property=\"og:image:height\" content=\"627\" \/>\n\t<meta property=\"og:image:type\" content=\"image\/jpeg\" \/>\n<meta name=\"author\" content=\"admin\" \/>\n<meta name=\"twitter:card\" content=\"summary_large_image\" \/>\n<meta name=\"twitter:title\" content=\"Psychologische Resilienz f\u00fcr Klimaakteur:innen\" \/>\n<meta name=\"twitter:description\" content=\"Psychologisches Resilienztraining f\u00fcr Klimaakteur:innen: Burnout-Pr\u00e4vention &amp; Stressbew\u00e4ltigung f\u00fcr Teams &amp; F\u00fchrungskr\u00e4fte im Nachhaltigkeitsbereich.\" \/>\n<meta name=\"twitter:image\" content=\"https:\/\/climatemind.de\/wp-content\/uploads\/2023\/07\/resilienz-2.jpg\" \/>\n<meta name=\"twitter:creator\" content=\"@Climatemind_de\" \/>\n<meta name=\"twitter:site\" content=\"@Climatemind_de\" \/>\n<meta name=\"twitter:label1\" content=\"Written by\" \/>\n\t<meta name=\"twitter:data1\" content=\"admin\" \/>\n\t<meta name=\"twitter:label2\" content=\"Est. reading time\" \/>\n\t<meta name=\"twitter:data2\" content=\"3 minutes\" \/>\n<script type=\"application\/ld+json\" class=\"yoast-schema-graph\">{\"@context\":\"https:\/\/schema.org\",\"@graph\":[{\"@type\":\"WebPage\",\"@id\":\"https:\/\/climatemind.de\/en\/nicht-kategorisiert\/psychologie-in-der-nachhaltigkeitskommunikation-climatemind\/\",\"url\":\"https:\/\/climatemind.de\/en\/nicht-kategorisiert\/psychologie-in-der-nachhaltigkeitskommunikation-climatemind\/\",\"name\":\"Psychologie wirksamer Nachhaltigkeitskommunikation - ClimateMind\",\"isPartOf\":{\"@id\":\"https:\/\/climatemind.de\/en\/#website\"},\"primaryImageOfPage\":{\"@id\":\"https:\/\/climatemind.de\/en\/nicht-kategorisiert\/psychologie-in-der-nachhaltigkeitskommunikation-climatemind\/#primaryimage\"},\"image\":{\"@id\":\"https:\/\/climatemind.de\/en\/nicht-kategorisiert\/psychologie-in-der-nachhaltigkeitskommunikation-climatemind\/#primaryimage\"},\"thumbnailUrl\":\"https:\/\/climatemind.de\/wp-content\/uploads\/2025\/07\/A72C6B03-650F-493B-9AC1-F97D15E89334_1_201_a-scaled.jpeg\",\"datePublished\":\"2025-08-01T03:47:18+00:00\",\"dateModified\":\"2025-08-01T03:47:22+00:00\",\"author\":{\"@id\":\"https:\/\/climatemind.de\/en\/#\/schema\/person\/b9fd36b3699cd52c079361f449e222f4\"},\"description\":\"Vermeiden Sie Reaktanz und Greenwashing-Vorw\u00fcrfe: So wird Ihre Nachhaltigkeitskommunikation glaubw\u00fcrdig, emotional anschlussf\u00e4hig und wirklich wirksam.\",\"breadcrumb\":{\"@id\":\"https:\/\/climatemind.de\/en\/nicht-kategorisiert\/psychologie-in-der-nachhaltigkeitskommunikation-climatemind\/#breadcrumb\"},\"inLanguage\":\"en-US\",\"potentialAction\":[{\"@type\":\"ReadAction\",\"target\":[\"https:\/\/climatemind.de\/en\/nicht-kategorisiert\/psychologie-in-der-nachhaltigkeitskommunikation-climatemind\/\"]}]},{\"@type\":\"ImageObject\",\"inLanguage\":\"en-US\",\"@id\":\"https:\/\/climatemind.de\/en\/nicht-kategorisiert\/psychologie-in-der-nachhaltigkeitskommunikation-climatemind\/#primaryimage\",\"url\":\"https:\/\/climatemind.de\/wp-content\/uploads\/2025\/07\/A72C6B03-650F-493B-9AC1-F97D15E89334_1_201_a-scaled.jpeg\",\"contentUrl\":\"https:\/\/climatemind.de\/wp-content\/uploads\/2025\/07\/A72C6B03-650F-493B-9AC1-F97D15E89334_1_201_a-scaled.jpeg\",\"width\":2560,\"height\":1707},{\"@type\":\"BreadcrumbList\",\"@id\":\"https:\/\/climatemind.de\/en\/nicht-kategorisiert\/psychologie-in-der-nachhaltigkeitskommunikation-climatemind\/#breadcrumb\",\"itemListElement\":[{\"@type\":\"ListItem\",\"position\":1,\"name\":\"Startseite\",\"item\":\"https:\/\/climatemind.de\/en\/homepage\/\"},{\"@type\":\"ListItem\",\"position\":2,\"name\":\"Psychologie wirksamer Nachhaltigkeitskommunikation\"}]},{\"@type\":\"WebSite\",\"@id\":\"https:\/\/climatemind.de\/en\/#website\",\"url\":\"https:\/\/climatemind.de\/en\/\",\"name\":\"ClimateMind\",\"description\":\"Psychologie f\u00fcr echte Nachhaltigkeit\",\"potentialAction\":[{\"@type\":\"SearchAction\",\"target\":{\"@type\":\"EntryPoint\",\"urlTemplate\":\"https:\/\/climatemind.de\/en\/?s={search_term_string}\"},\"query-input\":{\"@type\":\"PropertyValueSpecification\",\"valueRequired\":true,\"valueName\":\"search_term_string\"}}],\"inLanguage\":\"en-US\"},{\"@type\":\"Person\",\"@id\":\"https:\/\/climatemind.de\/en\/#\/schema\/person\/b9fd36b3699cd52c079361f449e222f4\",\"name\":\"admin\",\"image\":{\"@type\":\"ImageObject\",\"inLanguage\":\"en-US\",\"@id\":\"https:\/\/climatemind.de\/en\/#\/schema\/person\/image\/\",\"url\":\"https:\/\/secure.gravatar.com\/avatar\/fb646541bbeeb313f32e00c41399b84a188dd401b97ff03243c11927bdbabd4a?s=96&d=mm&r=g\",\"contentUrl\":\"https:\/\/secure.gravatar.com\/avatar\/fb646541bbeeb313f32e00c41399b84a188dd401b97ff03243c11927bdbabd4a?s=96&d=mm&r=g\",\"caption\":\"admin\"},\"sameAs\":[\"http:\/\/climatemind.de\"],\"url\":\"https:\/\/climatemind.de\/en\/author\/admin\/\"}]}<\/script>\n<!-- \/ Yoast SEO plugin. -->","yoast_head_json":{"title":"Psychologie wirksamer Nachhaltigkeitskommunikation - ClimateMind","description":"Vermeiden Sie Reaktanz und Greenwashing-Vorw\u00fcrfe: So wird Ihre Nachhaltigkeitskommunikation glaubw\u00fcrdig, emotional anschlussf\u00e4hig und wirklich wirksam.","robots":{"index":"index","follow":"follow","max-snippet":"max-snippet:-1","max-image-preview":"max-image-preview:large","max-video-preview":"max-video-preview:-1"},"canonical":"https:\/\/climatemind.de\/en\/nicht-kategorisiert\/psychologie-in-der-nachhaltigkeitskommunikation-climatemind\/","og_locale":"en_US","og_type":"article","og_title":"Psychologische Resilienz f\u00fcr Klimaakteur:innen","og_description":"Psychologisches Resilienztraining f\u00fcr Klimaakteur:innen: Burnout-Pr\u00e4vention & Stressbew\u00e4ltigung f\u00fcr Teams & F\u00fchrungskr\u00e4fte im Nachhaltigkeitsbereich.","og_url":"https:\/\/climatemind.de\/en\/nicht-kategorisiert\/psychologie-in-der-nachhaltigkeitskommunikation-climatemind\/","og_site_name":"ClimateMind","article_publisher":"https:\/\/m.facebook.com\/klimapsych\/","article_published_time":"2025-08-01T03:47:18+00:00","article_modified_time":"2025-08-01T03:47:22+00:00","og_image":[{"width":1200,"height":627,"url":"https:\/\/climatemind.de\/wp-content\/uploads\/2023\/07\/resilienz-2.jpg","type":"image\/jpeg"}],"author":"admin","twitter_card":"summary_large_image","twitter_title":"Psychologische Resilienz f\u00fcr Klimaakteur:innen","twitter_description":"Psychologisches Resilienztraining f\u00fcr Klimaakteur:innen: Burnout-Pr\u00e4vention & Stressbew\u00e4ltigung f\u00fcr Teams & F\u00fchrungskr\u00e4fte im Nachhaltigkeitsbereich.","twitter_image":"https:\/\/climatemind.de\/wp-content\/uploads\/2023\/07\/resilienz-2.jpg","twitter_creator":"@Climatemind_de","twitter_site":"@Climatemind_de","twitter_misc":{"Written by":"admin","Est. reading time":"3 minutes"},"schema":{"@context":"https:\/\/schema.org","@graph":[{"@type":"WebPage","@id":"https:\/\/climatemind.de\/en\/nicht-kategorisiert\/psychologie-in-der-nachhaltigkeitskommunikation-climatemind\/","url":"https:\/\/climatemind.de\/en\/nicht-kategorisiert\/psychologie-in-der-nachhaltigkeitskommunikation-climatemind\/","name":"Psychologie wirksamer Nachhaltigkeitskommunikation - ClimateMind","isPartOf":{"@id":"https:\/\/climatemind.de\/en\/#website"},"primaryImageOfPage":{"@id":"https:\/\/climatemind.de\/en\/nicht-kategorisiert\/psychologie-in-der-nachhaltigkeitskommunikation-climatemind\/#primaryimage"},"image":{"@id":"https:\/\/climatemind.de\/en\/nicht-kategorisiert\/psychologie-in-der-nachhaltigkeitskommunikation-climatemind\/#primaryimage"},"thumbnailUrl":"https:\/\/climatemind.de\/wp-content\/uploads\/2025\/07\/A72C6B03-650F-493B-9AC1-F97D15E89334_1_201_a-scaled.jpeg","datePublished":"2025-08-01T03:47:18+00:00","dateModified":"2025-08-01T03:47:22+00:00","author":{"@id":"https:\/\/climatemind.de\/en\/#\/schema\/person\/b9fd36b3699cd52c079361f449e222f4"},"description":"Vermeiden Sie Reaktanz und Greenwashing-Vorw\u00fcrfe: So wird Ihre Nachhaltigkeitskommunikation glaubw\u00fcrdig, emotional anschlussf\u00e4hig und wirklich wirksam.","breadcrumb":{"@id":"https:\/\/climatemind.de\/en\/nicht-kategorisiert\/psychologie-in-der-nachhaltigkeitskommunikation-climatemind\/#breadcrumb"},"inLanguage":"en-US","potentialAction":[{"@type":"ReadAction","target":["https:\/\/climatemind.de\/en\/nicht-kategorisiert\/psychologie-in-der-nachhaltigkeitskommunikation-climatemind\/"]}]},{"@type":"ImageObject","inLanguage":"en-US","@id":"https:\/\/climatemind.de\/en\/nicht-kategorisiert\/psychologie-in-der-nachhaltigkeitskommunikation-climatemind\/#primaryimage","url":"https:\/\/climatemind.de\/wp-content\/uploads\/2025\/07\/A72C6B03-650F-493B-9AC1-F97D15E89334_1_201_a-scaled.jpeg","contentUrl":"https:\/\/climatemind.de\/wp-content\/uploads\/2025\/07\/A72C6B03-650F-493B-9AC1-F97D15E89334_1_201_a-scaled.jpeg","width":2560,"height":1707},{"@type":"BreadcrumbList","@id":"https:\/\/climatemind.de\/en\/nicht-kategorisiert\/psychologie-in-der-nachhaltigkeitskommunikation-climatemind\/#breadcrumb","itemListElement":[{"@type":"ListItem","position":1,"name":"Startseite","item":"https:\/\/climatemind.de\/en\/homepage\/"},{"@type":"ListItem","position":2,"name":"Psychologie wirksamer Nachhaltigkeitskommunikation"}]},{"@type":"WebSite","@id":"https:\/\/climatemind.de\/en\/#website","url":"https:\/\/climatemind.de\/en\/","name":"ClimateMind","description":"Psychologie f\u00fcr echte Nachhaltigkeit","potentialAction":[{"@type":"SearchAction","target":{"@type":"EntryPoint","urlTemplate":"https:\/\/climatemind.de\/en\/?s={search_term_string}"},"query-input":{"@type":"PropertyValueSpecification","valueRequired":true,"valueName":"search_term_string"}}],"inLanguage":"en-US"},{"@type":"Person","@id":"https:\/\/climatemind.de\/en\/#\/schema\/person\/b9fd36b3699cd52c079361f449e222f4","name":"admin","image":{"@type":"ImageObject","inLanguage":"en-US","@id":"https:\/\/climatemind.de\/en\/#\/schema\/person\/image\/","url":"https:\/\/secure.gravatar.com\/avatar\/fb646541bbeeb313f32e00c41399b84a188dd401b97ff03243c11927bdbabd4a?s=96&d=mm&r=g","contentUrl":"https:\/\/secure.gravatar.com\/avatar\/fb646541bbeeb313f32e00c41399b84a188dd401b97ff03243c11927bdbabd4a?s=96&d=mm&r=g","caption":"admin"},"sameAs":["http:\/\/climatemind.de"],"url":"https:\/\/climatemind.de\/en\/author\/admin\/"}]}},"_links":{"self":[{"href":"https:\/\/climatemind.de\/en\/wp-json\/wp\/v2\/posts\/7219","targetHints":{"allow":["GET"]}}],"collection":[{"href":"https:\/\/climatemind.de\/en\/wp-json\/wp\/v2\/posts"}],"about":[{"href":"https:\/\/climatemind.de\/en\/wp-json\/wp\/v2\/types\/post"}],"author":[{"embeddable":true,"href":"https:\/\/climatemind.de\/en\/wp-json\/wp\/v2\/users\/1"}],"replies":[{"embeddable":true,"href":"https:\/\/climatemind.de\/en\/wp-json\/wp\/v2\/comments?post=7219"}],"version-history":[{"count":3,"href":"https:\/\/climatemind.de\/en\/wp-json\/wp\/v2\/posts\/7219\/revisions"}],"predecessor-version":[{"id":7279,"href":"https:\/\/climatemind.de\/en\/wp-json\/wp\/v2\/posts\/7219\/revisions\/7279"}],"wp:featuredmedia":[{"embeddable":true,"href":"https:\/\/climatemind.de\/en\/wp-json\/wp\/v2\/media\/7221"}],"wp:attachment":[{"href":"https:\/\/climatemind.de\/en\/wp-json\/wp\/v2\/media?parent=7219"}],"wp:term":[{"taxonomy":"category","embeddable":true,"href":"https:\/\/climatemind.de\/en\/wp-json\/wp\/v2\/categories?post=7219"},{"taxonomy":"post_tag","embeddable":true,"href":"https:\/\/climatemind.de\/en\/wp-json\/wp\/v2\/tags?post=7219"}],"curies":[{"name":"wp","href":"https:\/\/api.w.org\/{rel}","templated":true}]}}